{"id":265101,"date":"2025-12-01T08:27:14","date_gmt":"2025-12-01T08:27:14","guid":{"rendered":"https:\/\/www.europesays.com\/es\/265101\/"},"modified":"2025-12-01T08:27:14","modified_gmt":"2025-12-01T08:27:14","slug":"plena-inclusion-espana-clama-por-la-aprobacion-de-una-ley-que-reconozca-los-derechos-de-las-familias-de-400-000-personas-con-discapacidad-intelectual","status":"publish","type":"post","link":"https:\/\/www.europesays.com\/es\/265101\/","title":{"rendered":"Plena inclusi\u00f3n Espa\u00f1a clama por la aprobaci\u00f3n de una ley que reconozca los derechos de las familias de 400.000 personas con discapacidad intelectual"},"content":{"rendered":"<p>El <strong>3 de diciembre<\/strong> es el <strong>D\u00eda Internacional<\/strong><br \/><strong>de las Personas con Discapacidad<\/strong>.<br \/>Plena inclusi\u00f3n Espa\u00f1a lanza una campa\u00f1a <br \/>llamada <strong>#SinFamiliasNOHayinclusi\u00f3n<\/strong>.<\/p>\n<p>Esta campa\u00f1a pide <br \/>que el gobierno reconozca los derechos <br \/>de las familias de <strong>m\u00e1s de 400.000 personas <\/strong><br \/><strong>con discapacidad intelectual<\/strong> en Espa\u00f1a.<\/p>\n<p>Plena inclusi\u00f3n Espa\u00f1a quiere <br \/>que estas leyes ayuden <br \/>a las <strong>familias cuidadoras<\/strong>.<br \/>La campa\u00f1a busca <br \/>que la sociedad y el gobierno entiendan <br \/>que las familias necesitan <strong>apoyo<\/strong>.<\/p>\n<p>Hace poco, se intent\u00f3 aprobar <br \/>una ley llamada <strong>Ley de Diversidad Familiar<\/strong>.<br \/>Pero esta ley a\u00fan no se ha aprobado.<br \/>Por eso, miles de familias <br \/>siguen sin el apoyo que necesitan.<br \/>Estas familias hacen frente <br \/>a un <strong>gran esfuerzo econ\u00f3mico<\/strong>.<br \/>Tampoco se reconoce su trabajo.<\/p>\n<p>Muchas mujeres han tenido <br \/>que dejar su trabajo <br \/>para cuidar a sus hijos <br \/>con discapacidad intelectual.<br \/>El cuidado de estas personas <br \/>es un esfuerzo constante <br \/>y muchas veces invisible.<\/p>\n<p>\t\t\t\t\t\t\t    \t\tPlena inclusi\u00f3n Espa\u00f1a clama por la aprobaci\u00f3n de una ley que reconozca los derechos de las familias de 400.000 personas con discapacidad intelectual <\/p>\n<p class=\"subtitulo muted\"><img decoding=\"async\" src=\"https:\/\/www.europesays.com\/es\/wp-content\/uploads\/2025\/10\/icon-lectura-dificil.png\" alt=\"Este contenido est\u00e1 en lectura dif\u00edcil\"\/> Este contenido NO est\u00e1 adaptado a Lectura F\u00e1cil<\/p>\n<p><strong>\u00b7 En la semana que se celebra el D\u00eda de la Discapacidad (3 de diciembre), la confederaci\u00f3n estatal reivindica con la campa\u00f1a #SinFamiliasNOHayinclusi\u00f3n, medidas legales compensatorias para una vida de sobreesfuerzo econ\u00f3mico e invisibilidad.<\/strong><\/p>\n<p><strong>Madrid, 1 de diciembre de 2025.-<\/strong> Con motivo del <strong>3 de diciembre, D\u00eda Internacional de las Personas con Discapacidad<\/strong>, <strong>Plena inclusi\u00f3n Espa\u00f1a<\/strong> lanza una campa\u00f1a bajo el lema <strong>\u2018Sin familias no hay inclusi\u00f3n\u2019<\/strong>, con la que pretende llamar la atenci\u00f3n de la sociedad y de los poderes p\u00fablicos sobre la urgencia de reconocer los derechos de las familias de las m\u00e1s de 400.000 personas con discapacidad intelectual y del desarrollo que viven hoy en Espa\u00f1a.<\/p>\n<p>El objetivo principal de esta iniciativa es que tanto la futura \u2018Ley de Familias\u2019 como la nueva \u2018Ley de Dependencia\u2019 incluyan de forma expl\u00edcita y garantista medidas que protejan a las familias cuidadoras. La campa\u00f1a ha tenido una notable presencia en las redes sociales durante los d\u00edas previos a la celebraci\u00f3n del D\u00eda Internacional de la Discapacidad, una fecha en la que las 950 asociaciones que forman Plena inclusi\u00f3n Espa\u00f1a aprovechan para dar visibilidad a sus reivindicaciones y a su trabajo.<\/p>\n<p>\u201cLas familias han sido durante d\u00e9cadas el principal sost\u00e9n de las personas con discapacidad intelectual. No podemos seguir ignorando su papel en la construcci\u00f3n de una sociedad m\u00e1s inclusiva y justa. Por eso, demandamos a los poderes p\u00fablicos la aprobaci\u00f3n de una Ley de Familias que reconozca una realidad marcada por el sobreesfuerzo econ\u00f3mico y la falta de medidas compensatorias suficientes para atender a las necesidades de miles de personas que no cuentan con apoyos suficientes\u201d, se\u00f1ala <strong>Carmen Laucirica<\/strong>, presidenta de Plena inclusi\u00f3n Espa\u00f1a.<\/p>\n<p>La Ley de Diversidad Familiar, que estuvo a punto de aprobarse en la pasada legislatura, termin\u00f3 por enredarse en el tr\u00e1mite parlamentario sin que hasta la fecha se sepa si va a poder ser aprobada pr\u00f3ximamente. Mientras tanto, miles de familias contin\u00faan enfrent\u00e1ndose a un sobreesfuerzo econ\u00f3mico constante, la invisibilidad legal de su dedicaci\u00f3n y la falta de medidas que tengan en consideraci\u00f3n la dedicaci\u00f3n de toda vida al cuidado de sus familiares con discapacidad intelectual y del desarrollo. Esta dedicaci\u00f3n ha supuesto, en muchos casos, la renuncia a un desarrollo laboral, sobre todo en el caso de las mujeres con hijos o hijas con discapacidad intelectual.<\/p>\n<p><strong>DEMANDAS LEGALES:<\/strong><\/p>\n<p>Por todo ellos Plena inclusi\u00f3n demanda:<\/p>\n<p>\u2013 Que la futura Ley de Familias <strong>reconozca a las familias cuidadoras como sujetas de derechos.<\/strong><\/p>\n<p>\u2013 Que se implementen <strong>medidas efectivas de conciliaci\u00f3n laboral y familiar.<\/strong><\/p>\n<p>\u2013 Que se incorporen <strong>compensaciones econ\u00f3micas y sociales<\/strong> para quienes han cuidado durante toda su vida sin cotizar ni ser reconocidas.<\/p>\n<p>M\u00e1s informaci\u00f3n:<\/p>\n<p><strong>Jos\u00e9 L. Corretj\u00e9 <\/strong>\/ 679199865 comunicacion@plenainclusion.org<\/p>\n","protected":false},"excerpt":{"rendered":"El 3 de diciembre es el D\u00eda Internacionalde las Personas con Discapacidad.Plena inclusi\u00f3n Espa\u00f1a lanza una campa\u00f1a llamada&hellip;\n","protected":false},"author":2,"featured_media":265102,"comment_status":"","ping_status":"","sticky":false,"template":"","format":"standard","meta":{"footnotes":""},"categories":[5],"tags":[17,18,65743,25,24,630,13,14,11,19,20,9,10,15,16,23,12,21,22],"class_list":{"0":"post-265101","1":"post","2":"type-post","3":"status-publish","4":"format-standard","5":"has-post-thumbnail","7":"category-titulares","8":"tag-breaking-news","9":"tag-breakingnews","10":"tag-dignificacion","11":"tag-es","12":"tag-espana","13":"tag-familias","14":"tag-featured-news","15":"tag-featurednews","16":"tag-headlines","17":"tag-latest-news","18":"tag-latestnews","19":"tag-news","20":"tag-noticias","21":"tag-noticias-destacadas","22":"tag-noticiasdestacadas","23":"tag-spain","24":"tag-titulares","25":"tag-ultimas-noticias","26":"tag-ultimasnoticias"},"share_on_mastodon":{"url":"https:\/\/pubeurope.com\/@es\/115643367296948873","error":""},"_links":{"self":[{"href":"https:\/\/www.europesays.com\/es\/wp-json\/wp\/v2\/posts\/265101","targetHints":{"allow":["GET"]}}],"collection":[{"href":"https:\/\/www.europesays.com\/es\/wp-json\/wp\/v2\/posts"}],"about":[{"href":"https:\/\/www.europesays.com\/es\/wp-json\/wp\/v2\/types\/post"}],"author":[{"embeddable":true,"href":"https:\/\/www.europesays.com\/es\/wp-json\/wp\/v2\/users\/2"}],"replies":[{"embeddable":true,"href":"https:\/\/www.europesays.com\/es\/wp-json\/wp\/v2\/comments?post=265101"}],"version-history":[{"count":0,"href":"https:\/\/www.europesays.com\/es\/wp-json\/wp\/v2\/posts\/265101\/revisions"}],"wp:featuredmedia":[{"embeddable":true,"href":"https:\/\/www.europesays.com\/es\/wp-json\/wp\/v2\/media\/265102"}],"wp:attachment":[{"href":"https:\/\/www.europesays.com\/es\/wp-json\/wp\/v2\/media?parent=265101"}],"wp:term":[{"taxonomy":"category","embeddable":true,"href":"https:\/\/www.europesays.com\/es\/wp-json\/wp\/v2\/categories?post=265101"},{"taxonomy":"post_tag","embeddable":true,"href":"https:\/\/www.europesays.com\/es\/wp-json\/wp\/v2\/tags?post=265101"}],"curies":[{"name":"wp","href":"https:\/\/api.w.org\/{rel}","templated":true}]}}