{"id":265120,"date":"2025-12-01T08:46:16","date_gmt":"2025-12-01T08:46:16","guid":{"rendered":"https:\/\/www.europesays.com\/es\/265120\/"},"modified":"2025-12-01T08:46:16","modified_gmt":"2025-12-01T08:46:16","slug":"el-poco-f8-pro-es-tan-potente-que-pese-a-tener-un-precio-de-categoria-media-se-ha-colocado-de-un-salto-en-la-gama-alta-de-los-smartphones","status":"publish","type":"post","link":"https:\/\/www.europesays.com\/es\/265120\/","title":{"rendered":"El POCO F8 Pro es tan potente que, pese a tener un precio de categor\u00eda media, se ha colocado de un salto en la gama alta de los smartphones"},"content":{"rendered":"<p data-gtm-element-container=\"modulo-texto-link\" class=\"paragraph\">Cuando pruebas un m\u00f3vil te das cuenta r\u00e1pidamente del segmento al que pertenece, por la fluidez, la potencia, las especificaciones e incluso por las sensaciones que te da. En este caso, he tomado contacto durante unos d\u00edas con el POCO F8 Pro, reci\u00e9n lanzado al mercado, y me ha descolocado.\u00a0<\/p>\n<p data-gtm-element-container=\"modulo-texto-link\" class=\"paragraph\">A fecha de redacci\u00f3n de este art\u00edculo, el precio oficial es de 519 euros, aunque lo he llegado a ver por menos de 500, con descuentos y promociones. Ese precio es m\u00e1s propio de un gama media normalito que de lo que tenemos entre manos: todo un gama alta que rinde sobradamente en la mayor\u00eda de aspectos, y por la mitad de lo que costar\u00eda un smartphone de su categor\u00eda.\u00a0<\/p>\n<p>        Lee tambi\u00e9n<\/p>\n<p>    Pau Roldan<\/p>\n<p>             <img loading=\"lazy\" decoding=\"async\" data-full-src=\"https:\/\/www.lavanguardia.com\/uploads\/2024\/05\/21\/664cb63fbc8ba.jpeg\" alt=\"Un router de WiFi al lado de un ordenador en una mesa de madera.\" width=\"104\" height=\"108\" src=\"https:\/\/www.europesays.com\/es\/wp-content\/uploads\/2025\/12\/664cb63fbc8ba.r_d.1146-398.jpeg\" class=\"lazy\"\/><\/p>\n<p data-gtm-element-container=\"modulo-texto-link\" class=\"paragraph\">Con un panel trasero de 2 mm de grosor y un marco lateral de metal, la sensaci\u00f3n que tienes al sostenerlo es de buena calidad y acabados, especialmente en la unidad de color gris plateado que me ha llegado para probar.\u00a0<\/p>\n<p>                <img loading=\"lazy\" decoding=\"async\" data-full-src=\"https:\/\/www.lavanguardia.com\/uploads\/2025\/12\/01\/692d479c3e218.jpeg\" alt=\"Detalle del m\u00f3dulo de c\u00e1maras del POCO F8 Pro.\" width=\"449\" height=\"253\" src=\"https:\/\/www.europesays.com\/es\/wp-content\/uploads\/2025\/12\/692d479c3e218.jpeg\" class=\"lazy\"\/><\/p>\n<p class=\"caption-title \">Detalle del m\u00f3dulo de c\u00e1maras del POCO F8 Pro.<\/p>\n<p>                    V\u00edctor Endrino<\/p>\n<p data-gtm-element-container=\"modulo-texto-link\" class=\"paragraph\">El sonido, en este caso, es uno de sus puntos fuertes. La asociaci\u00f3n con Bose le da un punto de calidad superior que no tienen otros dispositivos semejantes. En este caso, no dispone del altavoz principal de graves que tiene su hermano mayor (el POCO F8 Ultra), pero igualmente se nota la mejora.<\/p>\n<p>POCO F8 Pro<br \/>\nRendimiento de &#8216;flagship&#8217;<\/p>\n<p data-gtm-element-container=\"modulo-texto-link\" class=\"paragraph\">En su n\u00facleo, POCO F8 Pro est\u00e1 impulsado por la plataforma m\u00f3vil Snapdragon\u00ae 8 Elite (no he encontrado de qu\u00e9 generaci\u00f3n), aunque igualmente ofrece un rendimiento de nivel flagship tanto para tareas cotidianas como para juegos exigentes. Esto se consigue con un chip complementario que organiza las tareas gr\u00e1ficas como si fuera un ordenador con tarjeta dedicada, lo cual se traduce en una experiencia de juego a\u00fan m\u00e1s estable y precisa a tasas de frames elevadas, al predecir inteligentemente escenas exigentes en el juego para evitar ca\u00eddas de fluidez.\u00a0<\/p>\n<p data-gtm-element-container=\"modulo-texto-link\" class=\"paragraph\">La bater\u00eda no es de las m\u00e1s grandes del mercado, pero tampoco es escasa: viene con 6210 mAh, que ofrece m\u00e1s de 16 horas de uso continuo y carga r\u00e1pida de 100W, para alimentar el m\u00f3vil de 0 a 100% en solo 37 minutos.<\/p>\n<p>                <img loading=\"lazy\" decoding=\"async\" data-full-src=\"https:\/\/www.lavanguardia.com\/uploads\/2025\/12\/01\/692d491f43855.jpeg\" alt=\"POCO F8 Pro.\" width=\"449\" height=\"247\" src=\"https:\/\/www.europesays.com\/es\/wp-content\/uploads\/2025\/12\/692d491f43855.jpeg\" class=\"lazy\"\/><\/p>\n<p class=\"caption-title \">POCO F8 Pro.<\/p>\n<p>                    V\u00edctor Endrino<\/p>\n<p data-gtm-element-container=\"modulo-texto-link\" class=\"paragraph\">El POCO F8 Pro se puede encontrar en las configuraciones de 12\/256 o 12\/512 GB de memoria (LPDDR5 y UFS 4.1, de las m\u00e1s r\u00e1pidas del mercado), tiene 5G, wifi 7, NFC y es compatible con eSIM. La pantalla, 1,5K de 6,59 pulgadas, tiene un brillo m\u00e1ximo de 2.000 nits (con picos de 3.500) y una tasa de refresco de 120 Hz.\u00a0<\/p>\n<p>Foto y v\u00eddeo, correctos<\/p>\n<p data-gtm-element-container=\"modulo-texto-link\" class=\"paragraph\">Partamos de la base que si quieres la m\u00e1xima calidad de la marca en foto y v\u00eddeo, la apuesta debe ser por las c\u00e1maras Leica de la serie Xiaomi 17. La l\u00ednea POCO est\u00e1 m\u00e1s enfocada a un excelente rendimiento por poco dinero que a la excelencia fotogr\u00e1fica. Aun as\u00ed, la calidad que se obtiene de la c\u00e1mara principal Light Fusion 800 de 50 MP es correcta, as\u00ed como del teleobjetivo de 2,5 aumentos \u00f3pticos.\u00a0<\/p>\n<p>                <img loading=\"lazy\" decoding=\"async\" data-full-src=\"https:\/\/www.lavanguardia.com\/uploads\/2025\/11\/28\/69295f0bc6e25.jpeg\" alt=\"Foto tomada con el POCO F8 Pro.\" width=\"449\" height=\"337\" src=\"https:\/\/www.europesays.com\/es\/wp-content\/uploads\/2025\/12\/69295f0bc6e25.jpeg\" class=\"lazy\"\/><\/p>\n<p class=\"caption-title \">Foto tomada con el POCO F8 Pro.<\/p>\n<p>                    V\u00edctor Endrino<\/p>\n<p>                <img loading=\"lazy\" decoding=\"async\" data-full-src=\"https:\/\/www.lavanguardia.com\/uploads\/2025\/11\/28\/69295f2db825e.jpeg\" alt=\"Foto tomada con el POCO F8 Pro.\" width=\"449\" height=\"337\" src=\"https:\/\/www.europesays.com\/es\/wp-content\/uploads\/2025\/12\/69295f2db825e.jpeg\" class=\"lazy\"\/><\/p>\n<p class=\"caption-title \">Foto tomada con el POCO F8 Pro.<\/p>\n<p>                    V\u00edctor Endrino<\/p>\n<p>                <img loading=\"lazy\" decoding=\"async\" data-full-src=\"https:\/\/www.lavanguardia.com\/uploads\/2025\/11\/28\/69295f4ade6ad.jpeg\" alt=\"Foto tomada con el POCO F8 Pro.\" width=\"449\" height=\"337\" src=\"https:\/\/www.europesays.com\/es\/wp-content\/uploads\/2025\/12\/69295f4ade6ad.jpeg\" class=\"lazy\"\/><\/p>\n<p class=\"caption-title \">Foto tomada con el POCO F8 Pro.<\/p>\n<p>                    V\u00edctor Endrino<\/p>\n<p>                <img loading=\"lazy\" decoding=\"async\" data-full-src=\"https:\/\/www.lavanguardia.com\/uploads\/2025\/11\/28\/69295f63cfaf8.jpeg\" alt=\"Foto tomada con el POCO F8 Pro.\" width=\"449\" height=\"337\" src=\"https:\/\/www.europesays.com\/es\/wp-content\/uploads\/2025\/12\/69295f63cfaf8.jpeg\" class=\"lazy\"\/><\/p>\n<p class=\"caption-title \">Foto tomada con el POCO F8 Pro.<\/p>\n<p>                    V\u00edctor Endrino<\/p>\n<p data-gtm-element-container=\"modulo-texto-link\" class=\"paragraph\">La c\u00e1mara gran angular y la frontal quedan algo rezagadas con respecto a la principal. Aqu\u00ed es donde probablemente se nota m\u00e1s el posicionamiento en la zona m\u00e1s baja de la gama alta.\u00a0<\/p>\n<p data-gtm-element-container=\"modulo-texto-link\" class=\"paragraph\">En v\u00eddeo, tambi\u00e9n es potente: es capaz de grabar hasta 8K a 30 FPS, aunque el v\u00eddeo frontal se limita a 1080, a 60 FPS.<\/p>\n<p>Conclusi\u00f3n: una m\u00e1quina potente para usos intensivos<\/p>\n<p data-gtm-element-container=\"modulo-texto-link\" class=\"paragraph\">La potencia del F8 Pro es su gran baza. Ideal para gente que juega mucho a videojuegos exigentes, para quien busque un manejo fluido y para quien espere una bater\u00eda que le dure m\u00e1s de un d\u00eda. Quien sea amante de la fotograf\u00eda y el v\u00eddeo, que ponga la mirada en los smartphones de la serie Xiaomi 15, 15T o 17.<\/p>\n<p>        Lee tambi\u00e9n<\/p>\n<p>    V\u00edctor Endrino Cuesta<\/p>\n<p>             <img loading=\"lazy\" decoding=\"async\" data-full-src=\"https:\/\/www.lavanguardia.com\/uploads\/2025\/11\/27\/69280a6c31fe8.png\" alt=\"El robot Memo, de Sunday Robotics.\" width=\"104\" height=\"108\" src=\"https:\/\/www.europesays.com\/es\/wp-content\/uploads\/2025\/12\/69280a6c31fe8.png\" class=\"lazy\"\/><\/p>\n<p data-gtm-element-container=\"modulo-texto-link\" class=\"paragraph\">El POCO F8 Pro cuesta actualmente 519 euros en precio promocional (en lugar de 649), un precio muy atractivo para todo lo que da. Quien disponga de presupuesto y quiera un sonido m\u00e1s potente, la soluci\u00f3n es optar por el modelo superior, el POCO F8 Ultra, que dispone de un altavoz extra en el panel trasero y le da un toque de graves de lo m\u00e1s interesante. En este caso, cuesta 700 euros en periodo promocional (precio oficial, 829 euros).<\/p>\n","protected":false},"excerpt":{"rendered":"Cuando pruebas un m\u00f3vil te das cuenta r\u00e1pidamente del segmento al que pertenece, por la fluidez, la potencia,&hellip;\n","protected":false},"author":2,"featured_media":265121,"comment_status":"","ping_status":"","sticky":false,"template":"","format":"standard","meta":{"footnotes":""},"categories":[81],"tags":[119,123,124,25,24,117,121,122,23,118,120],"class_list":{"0":"post-265120","1":"post","2":"type-post","3":"status-publish","4":"format-standard","5":"has-post-thumbnail","7":"category-ciencia-y-tecnologia","8":"tag-ciencia","9":"tag-ciencia-y-tecnologia","10":"tag-cienciaytecnologia","11":"tag-es","12":"tag-espana","13":"tag-science","14":"tag-science-and-technology","15":"tag-scienceandtechnology","16":"tag-spain","17":"tag-technology","18":"tag-tecnologia"},"share_on_mastodon":{"url":"https:\/\/pubeurope.com\/@es\/115643442755765113","error":""},"_links":{"self":[{"href":"https:\/\/www.europesays.com\/es\/wp-json\/wp\/v2\/posts\/265120","targetHints":{"allow":["GET"]}}],"collection":[{"href":"https:\/\/www.europesays.com\/es\/wp-json\/wp\/v2\/posts"}],"about":[{"href":"https:\/\/www.europesays.com\/es\/wp-json\/wp\/v2\/types\/post"}],"author":[{"embeddable":true,"href":"https:\/\/www.europesays.com\/es\/wp-json\/wp\/v2\/users\/2"}],"replies":[{"embeddable":true,"href":"https:\/\/www.europesays.com\/es\/wp-json\/wp\/v2\/comments?post=265120"}],"version-history":[{"count":0,"href":"https:\/\/www.europesays.com\/es\/wp-json\/wp\/v2\/posts\/265120\/revisions"}],"wp:featuredmedia":[{"embeddable":true,"href":"https:\/\/www.europesays.com\/es\/wp-json\/wp\/v2\/media\/265121"}],"wp:attachment":[{"href":"https:\/\/www.europesays.com\/es\/wp-json\/wp\/v2\/media?parent=265120"}],"wp:term":[{"taxonomy":"category","embeddable":true,"href":"https:\/\/www.europesays.com\/es\/wp-json\/wp\/v2\/categories?post=265120"},{"taxonomy":"post_tag","embeddable":true,"href":"https:\/\/www.europesays.com\/es\/wp-json\/wp\/v2\/tags?post=265120"}],"curies":[{"name":"wp","href":"https:\/\/api.w.org\/{rel}","templated":true}]}}