{"id":265130,"date":"2025-12-01T08:58:13","date_gmt":"2025-12-01T08:58:13","guid":{"rendered":"https:\/\/www.europesays.com\/es\/265130\/"},"modified":"2025-12-01T08:58:13","modified_gmt":"2025-12-01T08:58:13","slug":"doncic-de-blanco-se-inspira-de-nuevo-en-vinicius-otra-pelea","status":"publish","type":"post","link":"https:\/\/www.europesays.com\/es\/265130\/","title":{"rendered":"Doncic, de blanco, se inspira de nuevo en Vinicius: \u00a1otra pelea!"},"content":{"rendered":"<p data-gtm-element-container=\"modulo-texto-link\" class=\"paragraph\">Dijo una vez<strong> Luka Doncic<\/strong> a MD que <strong>Vinicius Jr.<\/strong> es una fuente de inspiraci\u00f3n para \u00e9l y, si bien la creatividad y osad\u00eda del brasile\u00f1o se aprecian tambi\u00e9n en el esloveno, el ex del <strong>Real Madrid<\/strong> tambi\u00e9n se inspira en el pol\u00e9mico atacante para mal. Genio con mucho genio, el mago de Ljubljana llev\u00f3 la batuta en el victorioso frenes\u00ed ofensivo de los Lakers contra los colistas New Orelans Pelicans (133-121) con 34 puntos, 12 rebotes y 7 asistencias en 35 minutos para cubrir tambi\u00e9n el vac\u00edo de un ausente <strong>LeBron James<\/strong> por descanso pero manch\u00f3 su hoja de servicios con una trifulca con Jeremiah Fears.\u00a0\u00a0<\/p>\n<blockquote class=\"twitter-tweet\" data-lang=\"es\"><p>\n<a href=\"https:\/\/twitter.com\/clutchpoints\/status\/1995345540041593118?s=46\" rel=\"nofollow noopener\" target=\"_blank\">\n<\/p><\/blockquote>\n<p data-gtm-element-container=\"modulo-texto-link\" class=\"paragraph\">Fears hizo una dura falta a Doncic en el tercer cuarto en una penetraci\u00f3n del esloveno, quien no se tom\u00f3 nada bien la acci\u00f3n de su rival para acabar encar\u00e1ndose con el base de los Pelicans. Miembros de ambos equipos tuvieron que intervenir para que el asunto no pasara a mayores y ambos \u2018contendientes\u2019 se llevaron una t\u00e9cnica despu\u00e9s de que los \u00e1rbitros revisaran el lance. Doncic no se llev\u00f3 esta vez el favor de los colegiados pero s\u00ed de los <strong>periodistas<\/strong>, pues el esloveno no fue preguntado por el pique en rueda de prensa.\u00a0<\/p>\n<blockquote class=\"twitter-tweet\" data-lang=\"es\"><p>\n<a href=\"https:\/\/twitter.com\/thehoopcentral\/status\/1995345399939522755?s=46\" rel=\"nofollow noopener\" target=\"_blank\">\n<\/p><\/blockquote>\n<p data-gtm-element-container=\"modulo-texto-link\" class=\"paragraph\">Si el \u201977\u2019 empieza a recordar a <strong>Vinicius Jr.<\/strong> es porque es reincidente como el brasile\u00f1o en lo de meterse en fregados, pues ya la lio el jueves en el derbi Real Madrid &#8211; Atl\u00e9tico de la NBA contra los Clippers al encararse tambi\u00e9n con <strong>Kris Dunn<\/strong>. No obstante, y a diferencia de aquella ocasi\u00f3n, Doncic no se fue de rositas sino que fue castigado como su contrincante de pelea con una t\u00e9cnica.\u00a0<\/p>\n<p data-gtm-element-container=\"modulo-texto-link\" class=\"paragraph\">El altercado eclips\u00f3 en parte lo que fue un partido casi impecable de los Lakers. Y \u2018casi\u2019 porque fue precisamente tras el arrebato del esloveno cuando los de p\u00farpura y oro vieron peligrar un encuentro que siempre dominaron com holgura para apuntarse ya su s\u00e9ptima victoria consecutiva.\u00a0<\/p>\n<p>            <img loading=\"lazy\" decoding=\"async\" data-full-src=\"https:\/\/www.mundodeportivo.com\/uploads\/2025\/11\/11\/6913002c18a0f.jpeg\" alt=\"Durante el programa El Larguero, el exjugador del Real Madrid comparti\u00f3 su punto de vista sobre la tensi\u00f3n que se ha generado en las \u00faltimas semanas entre el t\u00e9cnico Xabi Alonso y el jugador brasile\u00f1o, cada vez que este es sustituido durante los partidos\" width=\"449\" height=\"220\" src=\"https:\/\/www.europesays.com\/es\/wp-content\/uploads\/2025\/12\/6913002c18a0f.jpeg\" class=\"lazy\"\/><\/p>\n<p>            \ud83d\udd25<\/p>\n<p>    Inspiraci\u00f3n para bien y para mal para Doncic<br \/>\nVinicius Jr.\u00a0<\/p>\n<p data-gtm-element-container=\"modulo-texto-link\" class=\"paragraph\">Los de <strong>JJ Redick<\/strong>, que se fueron al descanso ganando 77-57, vieron c\u00f3mo los Pelicans se pon\u00edan 100-89 a falta de dos minutos para el final del tercer cuarto, aunque un parcial de 8-0 permiti\u00f3 al conjunto angelino cerrar el tercer parcial 108-92 y no sufrir m\u00e1s en el resto del choque. No pod\u00eda ser de otra manera dada la sideral diferencia entre estos Lakers que son segundos en el Oeste con 15-4 -s\u00f3lo superados por los inalcanzables Thunder-, y unos Pelicans hundidos en la \u00faltima posici\u00f3n con<strong> 3-18.\u00a0<\/strong><\/p>\n<p data-gtm-element-container=\"modulo-texto-link\" class=\"paragraph\">El cambio de entrenador -James Borrego por Willie Green-, no ha revivido a los ex de <strong>Willy Hernang\u00f3mez<\/strong>, sin <strong>Zion Williamson<\/strong> anoche al querer dosificar el conjunto de Louisiana a su estrella en los back-to-back tras su reciente -y en\u00e9sima- lesi\u00f3n.<\/p>\n<blockquote class=\"twitter-tweet\" data-lang=\"es\"><p>\n<a href=\"https:\/\/twitter.com\/nba\/status\/1995362768837541913?s=46\" rel=\"nofollow noopener\" target=\"_blank\">\n<\/p><\/blockquote>\n<p data-gtm-element-container=\"modulo-texto-link\" class=\"paragraph\">Doncic, con un 9\/22 en lanzamientos y un 4\/12 en triples, se vio inmediatamente secundado por un Austin Reaves que sigue a un alt\u00edsimo nivel con 33 puntos mientras que <strong>Deandre Ayton<\/strong> se impuso en su duelo en la pintura al prometedor rookie <strong>Derik Queen<\/strong>, con 22 puntos y 14 rebotes para el bahame\u00f1o por los 15 tantos y 7 capturas del estadounidense. Bryce McGowens y Saddiq Bey fueron los mejores para New Orleans con 23 y 22 puntos.\u00a0<\/p>\n<p data-gtm-element-container=\"modulo-texto-link\" class=\"paragraph\">Los Lakers vuelven a jugar esta pr\u00f3xima madrugada ante los <strong>Phoenix Suns<\/strong> de Devin Booker con el previsible regreso de LeBron James y el dudoso de <strong>Marcus Smart<\/strong>, con problemas de espalda.\u00a0<\/p>\n<p>    Lee tambi\u00e9n<\/p>\n<p data-gtm-element-container=\"modulo-texto-link\" class=\"paragraph\">Preocupa Smart de cara al Cl\u00e1sico del viernes en el Garden, donde podr\u00eda acabar de perpetrar su traici\u00f3n a los Celtics a lo <strong>Figo<\/strong> al volver a la que era su pista con la camiseta del eterno rival. Una traici\u00f3n que instig\u00f3 Doncic con una llamada para que los Lakers trajeran a Smart aunque, m\u00e1s que a Figo, el ex del Real Madrid se parece cada d\u00eda m\u00e1s a <strong>Vinicius Jr.<\/strong><\/p>\n<p><script async src=\"https:\/\/platform.twitter.com\/widgets.js\" charset=\"utf-8\"><\/script><\/p>\n","protected":false},"excerpt":{"rendered":"Dijo una vez Luka Doncic a MD que Vinicius Jr. es una fuente de inspiraci\u00f3n para \u00e9l y,&hellip;\n","protected":false},"author":2,"featured_media":265131,"comment_status":"","ping_status":"","sticky":false,"template":"","format":"standard","meta":{"footnotes":""},"categories":[269],"tags":[299,298,168,25,24,23,167],"class_list":{"0":"post-265130","1":"post","2":"type-post","3":"status-publish","4":"format-standard","5":"has-post-thumbnail","7":"category-baloncesto","8":"tag-baloncesto","9":"tag-basketball","10":"tag-deportes","11":"tag-es","12":"tag-espana","13":"tag-spain","14":"tag-sports"},"share_on_mastodon":{"url":"https:\/\/pubeurope.com\/@es\/115643489502740028","error":""},"_links":{"self":[{"href":"https:\/\/www.europesays.com\/es\/wp-json\/wp\/v2\/posts\/265130","targetHints":{"allow":["GET"]}}],"collection":[{"href":"https:\/\/www.europesays.com\/es\/wp-json\/wp\/v2\/posts"}],"about":[{"href":"https:\/\/www.europesays.com\/es\/wp-json\/wp\/v2\/types\/post"}],"author":[{"embeddable":true,"href":"https:\/\/www.europesays.com\/es\/wp-json\/wp\/v2\/users\/2"}],"replies":[{"embeddable":true,"href":"https:\/\/www.europesays.com\/es\/wp-json\/wp\/v2\/comments?post=265130"}],"version-history":[{"count":0,"href":"https:\/\/www.europesays.com\/es\/wp-json\/wp\/v2\/posts\/265130\/revisions"}],"wp:featuredmedia":[{"embeddable":true,"href":"https:\/\/www.europesays.com\/es\/wp-json\/wp\/v2\/media\/265131"}],"wp:attachment":[{"href":"https:\/\/www.europesays.com\/es\/wp-json\/wp\/v2\/media?parent=265130"}],"wp:term":[{"taxonomy":"category","embeddable":true,"href":"https:\/\/www.europesays.com\/es\/wp-json\/wp\/v2\/categories?post=265130"},{"taxonomy":"post_tag","embeddable":true,"href":"https:\/\/www.europesays.com\/es\/wp-json\/wp\/v2\/tags?post=265130"}],"curies":[{"name":"wp","href":"https:\/\/api.w.org\/{rel}","templated":true}]}}