{"id":265132,"date":"2025-12-01T08:59:09","date_gmt":"2025-12-01T08:59:09","guid":{"rendered":"https:\/\/www.europesays.com\/es\/265132\/"},"modified":"2025-12-01T08:59:09","modified_gmt":"2025-12-01T08:59:09","slug":"el-betis-rompe-su-maleficio-en-nervion-siete-anos-despues","status":"publish","type":"post","link":"https:\/\/www.europesays.com\/es\/265132\/","title":{"rendered":"El Betis rompe su maleficio en Nervi\u00f3n siete a\u00f1os despu\u00e9s"},"content":{"rendered":"<p data-gtm-element-container=\"modulo-texto-link\" class=\"paragraph\">El <strong>Betis <\/strong>se llev\u00f3 el triunfo en el derbi<strong> acabando con una mala racha que duraba siete temporadas<\/strong>, las que hac\u00eda que no ganaba en el S\u00e1nchez Pizju\u00e1n. <strong>Dos goles de Fornals y Altimira <\/strong>en la segunda mitad plasmaron la superioridad que ahora mismo tiene la formaci\u00f3n b\u00e9tica, que refuerza as\u00ed sus opciones de clasificarse para la Champions mientras que los de Mat\u00edas Almeyda enlazan su segunda derrota consecutiva y se acercan peligrosamente a la zona caliente de la tabla.<\/p>\n<p>            <img decoding=\"async\" alt=\"El Betis rompe su maleficio en Nervi\u00f3n siete a\u00f1os despu\u00e9s\" heigth=\"3000\" width=\"544\" src=\"https:\/\/www.europesays.com\/es\/wp-content\/uploads\/2025\/12\/692c862869631.jpeg\" class=\"lazy\"\/><\/p>\n<p>                 Video<\/p>\n<p class=\"caption-title video-caption-title \">Los datos y estad\u00edsticas del Sevilla 0-2 Real Betis<\/p>\n<p>            <video data-source=\"jwplatform\" video-id=\"To5zzf1v\"\/><\/p>\n<p data-gtm-element-container=\"modulo-texto-link\" class=\"paragraph\">El partido tuvo un final accidentado al ser <strong>detenido<\/strong> por el colegiado andaluz Munuera Montero antes de llegar a los 90<strong> por el lanzamiento de objetos<\/strong> al terreno de juego, una acci\u00f3n que puede motivar una sanci\u00f3n al estadio nervionense.<\/p>\n<p data-gtm-element-container=\"modulo-texto-link\" class=\"paragraph\">El Betis de Manuel Pellegrini, que gan\u00f3 su primer derbi en terreno ajeno, fue superior desde el inicio del encuentro a pesar de tener <strong>bajas importantes como Isco, Antony y Amrabat<\/strong>, mientras que el Sevilla no pudo contar con Vargas y Suazo.<\/p>\n<p data-gtm-element-container=\"modulo-texto-link\" class=\"paragraph\">La primera mitad fue de respeto, aunque el Betis tuvo la mejor ocasi\u00f3n en un contraataque en el que <strong>Abde <\/strong>se encontr\u00f3 con Vlachodimos, que evit\u00f3 el 0-1 sacando una mano. Fue la <strong>ocasi\u00f3n m\u00e1s clara antes del descanso.<\/strong> Un disparo alto de Sow fue la tibia r\u00e9plica local.<\/p>\n<p>                     Galer\u00eda<\/p>\n<p>                <img loading=\"lazy\" decoding=\"async\" data-full-src=\"https:\/\/www.mundodeportivo.com\/uploads\/2025\/11\/30\/692c80a2bf28c.jpeg\" alt=\"Horizontal\" src=\"https:\/\/www.europesays.com\/es\/wp-content\/uploads\/2025\/12\/692c80a2bf28c.jpeg\" class=\"lazy\" width=\"449\" height=\"299\"\/><\/p>\n<p>                    <a class=\"caption-title \" href=\"https:\/\/www.mundodeportivo.com\/futbol\/laliga\/20251130\/1002578747\/betis-lleva-derbi-andaluz-0-2-sevilla.html\" rel=\"nofollow noopener\" target=\"_blank\">El Betis se lleva el derbi andaluz por 0-2 ante el Sevilla<\/a><\/p>\n<p>                    Ra\u00fal Caro \/ EFE<\/p>\n<p data-gtm-element-container=\"modulo-texto-link\" class=\"paragraph\">Pero fue<strong> en la segunda parte cuando el Betis marc\u00f3 las diferencias<\/strong> tras un intento de Alfon con un tiro flojo a la escuadra, el primero entre los tres palos del Sevilla.<\/p>\n<p>    Lee tambi\u00e9n<\/p>\n<p data-gtm-element-container=\"modulo-texto-link\" class=\"paragraph\">Pero en el minuto 54 un robo de Fornals cuando Batista Mendy se durmi\u00f3 marc\u00f3 el inicio del dominio b\u00e9tico. El centrocampista entr\u00f3 sin oposici\u00f3n en el \u00e1rea y tras varios regates marc\u00f3 el 0-1. El Sevilla estaba tocado y la puntilla la pon\u00eda el Betis con el 0-2 de Altimira a la salida de una falta lateral evitable de Carmona.\u00a0<\/p>\n<p data-gtm-element-container=\"modulo-texto-link\" class=\"paragraph\">El Sevilla intentaba meterse en el partido en una jugada de Akor Adams y la<strong> roja a Isaac Romero<\/strong>, que acababa de salir, acab\u00f3 con las opciones locales y desataba el lanzamiento de objetos que provoc\u00f3 que el partido se parara por orden de Munuera Montero, los jugadores se fueran al vestuario y se reanudara sin consecuencias los 5 minutos restantes.<\/p>\n<tr>\n<td align=\"left\" valign=\"middle\" width=\"36.79%\">\n1 O. Vlachodimos <\/td>\n<td valign=\"middle\" align=\"right\" width=\"18.49\"\/>\n<td align=\"left\" valign=\"middle\" width=\"36.79%\">\n1 \u00c1lvaro Valles <\/td>\n<td valign=\"middle\" align=\"right\" width=\"18.49\"\/>\n<\/tr>\n<tr>\n<td align=\"left\" valign=\"middle\" width=\"36.79%\">\n16 Juanlu S\u00e1nchez <\/td>\n<td valign=\"middle\" align=\"right\" width=\"18.49\"\/>\n<td align=\"left\" valign=\"middle\" width=\"36.79%\">\n24 Aitor Ruibal 89&#8242;<\/td>\n<td valign=\"middle\" align=\"right\" width=\"18.49\"\/>\n<\/tr>\n<tr>\n<td align=\"left\" valign=\"middle\" width=\"36.79%\">\n3 C. Azpilicueta <\/td>\n<td valign=\"middle\" align=\"right\" width=\"18.49\"\/>\n<td align=\"left\" valign=\"middle\" width=\"36.79%\">\n(17 R. Riquelme)\n<\/td>\n<td valign=\"middle\" align=\"right\" width=\"18.49\">\n<p class=\"ficha_confe estrellita\">sc<\/p>\n<\/td>\n<\/tr>\n<tr>\n<td align=\"left\" valign=\"middle\" width=\"36.79%\">\n23 Marc\u00e3o 46&#8242;<\/td>\n<td valign=\"middle\" align=\"right\" width=\"18.49\">\n<p class=\"ficha_confe estrellita\">&#8211;<\/p>\n<\/td>\n<td align=\"left\" valign=\"middle\" width=\"36.79%\">\n5 Marc Bartra <\/td>\n<td valign=\"middle\" align=\"right\" width=\"18.49\"\/>\n<\/tr>\n<tr>\n<td align=\"left\" valign=\"middle\" width=\"36.79%\">\n(4 Kike Salas)\n<\/td>\n<td valign=\"middle\" align=\"right\" width=\"18.49\"\/>\n<td align=\"left\" valign=\"middle\" width=\"36.79%\">\n4 Natan <\/td>\n<td valign=\"middle\" align=\"right\" width=\"18.49\"\/>\n<\/tr>\n<tr>\n<td align=\"left\" valign=\"middle\" width=\"36.79%\">\n2 Carmona <\/td>\n<td valign=\"middle\" align=\"right\" width=\"18.49\">\n<p class=\"ficha_confe estrellita\">&#8211;<\/p>\n<\/td>\n<td align=\"left\" valign=\"middle\" width=\"36.79%\">\n16 Valent\u00edn G\u00f3mez <\/td>\n<td valign=\"middle\" align=\"right\" width=\"18.49\"\/>\n<\/tr>\n<tr>\n<td align=\"left\" valign=\"middle\" width=\"36.79%\">\n20 Djibril Sow 70&#8242;<\/td>\n<td valign=\"middle\" align=\"right\" width=\"18.49\"\/>\n<td align=\"left\" valign=\"middle\" width=\"36.79%\">\n21 Marc Roca <\/td>\n<td valign=\"middle\" align=\"right\" width=\"18.49\"\/>\n<\/tr>\n<tr>\n<td align=\"left\" valign=\"middle\" width=\"36.79%\">\n(18 L. Agoum\u00e9)\n<\/td>\n<td valign=\"middle\" align=\"right\" width=\"18.49\"\/>\n<td align=\"left\" valign=\"middle\" width=\"36.79%\">\n18 N. Deossa 63&#8242;<\/td>\n<td valign=\"middle\" align=\"right\" width=\"18.49\"\/>\n<\/tr>\n<tr>\n<td align=\"left\" valign=\"middle\" width=\"36.79%\">\n19 B. Mendy 61&#8242;<\/td>\n<td valign=\"middle\" align=\"right\" width=\"18.49\">\n<p class=\"ficha_confe estrellita\">&#8211;<\/p>\n<\/td>\n<td align=\"left\" valign=\"middle\" width=\"36.79%\">\n(6 Sergi Altimira)\n<\/td>\n<td valign=\"middle\" align=\"right\" width=\"18.49\"\/>\n<\/tr>\n<tr>\n<td align=\"left\" valign=\"middle\" width=\"36.79%\">\n(7 Isaac Romero)\n<\/td>\n<td valign=\"middle\" align=\"right\" width=\"18.49\">\n<p class=\"ficha_confe estrellita\">&#8211;<\/p>\n<\/td>\n<td align=\"left\" valign=\"middle\" width=\"36.79%\">\n52 Pablo Garc\u00eda 72&#8242;<\/td>\n<td valign=\"middle\" align=\"right\" width=\"18.49\"\/>\n<\/tr>\n<tr>\n<td align=\"left\" valign=\"middle\" width=\"36.79%\">\n21 C. Ejuke 79&#8242;<\/td>\n<td valign=\"middle\" align=\"right\" width=\"18.49\"\/>\n<td align=\"left\" valign=\"middle\" width=\"36.79%\">\n(40 \u00c1ngel Ortiz)\n<\/td>\n<td valign=\"middle\" align=\"right\" width=\"18.49\"\/>\n<\/tr>\n<tr>\n<td align=\"left\" valign=\"middle\" width=\"36.79%\">\n(29 Miguel Sierra)\n<\/td>\n<td valign=\"middle\" align=\"right\" width=\"18.49\">\n<p class=\"ficha_confe estrellita\">sc<\/p>\n<\/td>\n<td align=\"left\" valign=\"middle\" width=\"36.79%\">\n8 Pablo Fornals 90&#8242;<\/td>\n<td valign=\"middle\" align=\"right\" width=\"18.49\"\/>\n<\/tr>\n<tr>\n<td align=\"left\" valign=\"middle\" width=\"36.79%\">\n14 Peque <\/td>\n<td valign=\"middle\" align=\"right\" width=\"18.49\"\/>\n<td align=\"left\" valign=\"middle\" width=\"36.79%\">\n(12 Ricardo Rodr\u00edguez)\n<\/td>\n<td valign=\"middle\" align=\"right\" width=\"18.49\">\n<p class=\"ficha_confe estrellita\">sc<\/p>\n<\/td>\n<\/tr>\n<tr>\n<td align=\"left\" valign=\"middle\" width=\"36.79%\">\n17 Alfon Gonz\u00e1lez 61&#8242;<\/td>\n<td valign=\"middle\" align=\"right\" width=\"18.49\"\/>\n<td align=\"left\" valign=\"middle\" width=\"36.79%\">\n10 Ez Abde <\/td>\n<td valign=\"middle\" align=\"right\" width=\"18.49\"\/>\n<\/tr>\n<tr>\n<td align=\"left\" valign=\"middle\" width=\"36.79%\">\n(10 Alexis S\u00e1nchez)\n<\/td>\n<td valign=\"middle\" align=\"right\" width=\"18.49\"\/>\n<td align=\"left\" valign=\"middle\" width=\"36.79%\">\n19 Cucho 90&#8242;<\/td>\n<td valign=\"middle\" align=\"right\" width=\"18.49\"\/>\n<\/tr>\n<tr>\n<td align=\"left\" valign=\"middle\" width=\"36.79%\">\n9 Akor Adams <\/td>\n<td valign=\"middle\" align=\"right\" width=\"18.49\">\n<p class=\"ficha_confe estrellita\">&#8211;<\/p>\n<\/td>\n<td align=\"left\" valign=\"middle\" width=\"36.79%\">\n(9 Chimy \u00c1vila)\n<\/td>\n<td valign=\"middle\" align=\"right\" width=\"18.49\">\n<p class=\"ficha_confe estrellita\">sc<\/p>\n<\/td>\n<\/tr>\n<tr>\n<td align=\"left\" valign=\"middle\" width=\"36.79%\">\n <\/td>\n<td valign=\"middle\" align=\"right\" width=\"18.49\"\/>\n<td align=\"left\" valign=\"middle\" width=\"36.79%\">\n <\/td>\n<td valign=\"middle\" align=\"right\" width=\"18.49\"\/>\n<\/tr>\n<p class=\"negrita\">Goles:(0-1) Pablo Fornals (54&#8242;), (0-2) Sergi Altimira (68&#8242;) <\/p>\n<p class=\"negrita\">Tarjetas:L Marc Bartra (42&#8242;), Aitor Ruibal (52&#8242;), Carmona (75&#8242;), Marc\u00e3o (86&#8242;), Chimy \u00c1vila (94&#8242;)L Isaac Romero (84&#8242;)<\/p>\n<p class=\"negrita\">\u00c1rbitro: Jose Luis Munuera Montero<\/p>\n<p class=\"negrita\">Espectadores: 42.580 en el Ram\u00f3n S\u00e1nchez-Pizju\u00e1n<\/p>\n<tr class=\"lomejor\">\n<td class=\"topo mejor\"\/>\n<td align=\"left\" class=\"comentario\">\nLO MEJOR El Betis volvi\u00f3 a ganar en casa del Sevilla<\/td>\n<\/tr>\n<tr class=\"lopeor\">\n<td class=\"topo peor\"\/>\n<td align=\"left\" class=\"comentario\">\nLO PEOR El comportamiento de los ultras que oblig\u00f3 a suspender 15 minutos el partido<\/td>\n<\/tr>\n","protected":false},"excerpt":{"rendered":"El Betis se llev\u00f3 el triunfo en el derbi acabando con una mala racha que duraba siete temporadas,&hellip;\n","protected":false},"author":2,"featured_media":265133,"comment_status":"","ping_status":"","sticky":false,"template":"","format":"standard","meta":{"footnotes":""},"categories":[268],"tags":[168,25,24,280,282,281,23,167],"class_list":{"0":"post-265132","1":"post","2":"type-post","3":"status-publish","4":"format-standard","5":"has-post-thumbnail","7":"category-futbol","8":"tag-deportes","9":"tag-es","10":"tag-espana","11":"tag-football","12":"tag-futbol","13":"tag-soccer","14":"tag-spain","15":"tag-sports"},"share_on_mastodon":{"url":"https:\/\/pubeurope.com\/@es\/115643493950101706","error":""},"_links":{"self":[{"href":"https:\/\/www.europesays.com\/es\/wp-json\/wp\/v2\/posts\/265132","targetHints":{"allow":["GET"]}}],"collection":[{"href":"https:\/\/www.europesays.com\/es\/wp-json\/wp\/v2\/posts"}],"about":[{"href":"https:\/\/www.europesays.com\/es\/wp-json\/wp\/v2\/types\/post"}],"author":[{"embeddable":true,"href":"https:\/\/www.europesays.com\/es\/wp-json\/wp\/v2\/users\/2"}],"replies":[{"embeddable":true,"href":"https:\/\/www.europesays.com\/es\/wp-json\/wp\/v2\/comments?post=265132"}],"version-history":[{"count":0,"href":"https:\/\/www.europesays.com\/es\/wp-json\/wp\/v2\/posts\/265132\/revisions"}],"wp:featuredmedia":[{"embeddable":true,"href":"https:\/\/www.europesays.com\/es\/wp-json\/wp\/v2\/media\/265133"}],"wp:attachment":[{"href":"https:\/\/www.europesays.com\/es\/wp-json\/wp\/v2\/media?parent=265132"}],"wp:term":[{"taxonomy":"category","embeddable":true,"href":"https:\/\/www.europesays.com\/es\/wp-json\/wp\/v2\/categories?post=265132"},{"taxonomy":"post_tag","embeddable":true,"href":"https:\/\/www.europesays.com\/es\/wp-json\/wp\/v2\/tags?post=265132"}],"curies":[{"name":"wp","href":"https:\/\/api.w.org\/{rel}","templated":true}]}}