{"id":265155,"date":"2025-12-01T09:14:10","date_gmt":"2025-12-01T09:14:10","guid":{"rendered":"https:\/\/www.europesays.com\/es\/265155\/"},"modified":"2025-12-01T09:14:10","modified_gmt":"2025-12-01T09:14:10","slug":"el-alcalde-de-sevilla-da-el-pistoletazo-de-salida-a-la-navidad-con-el-encendido-del-alumbrado-junto-a-los-ninos-de-la-fundacion-alala-y-pastora-soler","status":"publish","type":"post","link":"https:\/\/www.europesays.com\/es\/265155\/","title":{"rendered":"El alcalde de Sevilla da el pistoletazo de salida a la Navidad con el encendido del alumbrado junto a los ni\u00f1os de la Fundaci\u00f3n Alal\u00e1 y Pastora Soler"},"content":{"rendered":"<p>El alcalde de Sevilla, Jos\u00e9 Luis Sanz, ha realizado el tradicional encendido del alumbrado navide\u00f1o de las calles de Sevilla en un acto en el que ha estado acompa\u00f1ado por ni\u00f1os de la Fundaci\u00f3n Alal\u00e1; Marta, \u00c1lvaro y Aisha, los tres ganadores del concurso escolar convocado por el consistorio para dise\u00f1ar nuevos motivos que iluminar\u00e1n la ciudad en estos d\u00edas; y la cantante Pastora Soler, encargada de poner voz al espect\u00e1culo musical que ha precedido a este alumbrado.<\/p>\n<p>Sobre las 19:00 horas, todos ellos apretaban el bot\u00f3n que ha activado las m\u00e1s de 9 millones de luces leds que llenar\u00e1n de magia y color las calles de Sevilla esta Navidad.<\/p>\n<p>El espect\u00e1culo musical previo al encendido navide\u00f1o ha estado protagonizado por la cantante Pastora Soler, medalla de la Ciudad en este a\u00f1o, que, acompa\u00f1ada por la \u2028Banda Sinf\u00f3nica Municipal, el coro del Colegio San Francisco Solano, la Escolan\u00eda Esperanza Macarena y la Escolan\u00eda de la Vera Cruz de Brenes; han interpretado algunos villancicos como \u00abLos Caminos se hicieron\u00bb, \u00abEsto suena a Navidad\u00bb, \u00abBlanca Navidad\u00bb o \u00abLa Noche M\u00e1gica de Sevilla\u00bb. La cantante se desped\u00eda del p\u00fablico con una impecable interpretaci\u00f3n de \u2018Sevilla\u2019, obra compuesta por Manuel Alejandro para Roc\u00edo Jurado.<\/p>\n<p>Adem\u00e1s, DJ Fonseka ha sido el encargado de poner el broche final al evento haciendo bailar a los sevillanos y visitantes que se han acercado hasta la Avenida de la Constituci\u00f3n para disfrutar de las dos horas y media de espect\u00e1culo que ha estado conducido por los actores y presentadores Alfonso S\u00e1nchez y Alberto L\u00f3pez, Los Compadres.<\/p>\n<p style=\"text-align: center;\">\n<p>Desde hoy y hasta el pr\u00f3ximo 6 de enero, Sevilla vuelve a convertirse en la capital de la ilusi\u00f3n. Este a\u00f1o la ciudad cuenta con la mayor iluminaci\u00f3n de su historia 304 calles y plazas iluminadas en todos los distritos; un nuevo r\u00e9cord con respecto a a\u00f1os anteriores.<\/p>\n<p>Como novedades importantes, el Ayuntamiento de Sevilla ha instalado 32 \u00e1rboles luminosos en la Avenida de la Constituci\u00f3n, el mayor Bel\u00e9n iluminado de Espa\u00f1a a los pies de San Telmo o la iluminaci\u00f3n, por primera en la historia, en la barriada de El Gordillo o Torcuato Luca de Tena, junto al Hospital Infantil.<\/p>\n<p>El horario del encendido durante estos d\u00edas ser\u00e1 desde las 18:30 a las 0:00 horas. Los d\u00edas especiales, como el 24 y 31 de diciembre y 5 de enero, se ampliar\u00e1 una hora m\u00e1s; hasta la 1:00 horas.<\/p>\n<p>Para estos d\u00edas, el Ayuntamiento de Sevilla ha dise\u00f1ado una programaci\u00f3n pensada para todos: cultura, ocio, espect\u00e1culos, entre otras actuaciones.<\/p>\n<p>La Plaza de San Francisco acoger\u00e1 \u201cAcordes de Sevilla\u201d, un espect\u00e1culo de luces, imagen y sonido inspirado en importantes efem\u00e9rides musicales arraigadas a la ciudad. Este a\u00f1o vuelve Navigalia, el exitoso espect\u00e1culo del R\u00edo, con \u2018Misi\u00f3n regalo\u2019, un bonito cuento de Navidad con Sevilla como protagonista, que podr\u00e1 disfrutarse a partir del 18 de diciembre.<\/p>\n<p>Al igual que hoy, la m\u00fasica ser\u00e1 otra de los grandes protagonistas esta Navidad en Sevilla con espect\u00e1culos de primer nivel en el Real Alc\u00e1zar, Fibes, Artiller\u00eda y Espacio Turina, a los que se suman las numerosas actuaciones que se producir\u00e1n en los distintos barrios, incluidas las zambombas que acoger\u00e1n los centros c\u00edvicos, y las m\u00e1s de 150 actividades organizadas en cada distrito pensadas para disfrutar en familia durante estas fiestas.<\/p>\n","protected":false},"excerpt":{"rendered":"El alcalde de Sevilla, Jos\u00e9 Luis Sanz, ha realizado el tradicional encendido del alumbrado navide\u00f1o de las calles&hellip;\n","protected":false},"author":2,"featured_media":265156,"comment_status":"","ping_status":"","sticky":false,"template":"","format":"standard","meta":{"footnotes":""},"categories":[5],"tags":[17,18,25,24,13,14,11,19,20,9,10,15,16,23,12,21,22],"class_list":{"0":"post-265155","1":"post","2":"type-post","3":"status-publish","4":"format-standard","5":"has-post-thumbnail","7":"category-titulares","8":"tag-breaking-news","9":"tag-breakingnews","10":"tag-es","11":"tag-espana","12":"tag-featured-news","13":"tag-featurednews","14":"tag-headlines","15":"tag-latest-news","16":"tag-latestnews","17":"tag-news","18":"tag-noticias","19":"tag-noticias-destacadas","20":"tag-noticiasdestacadas","21":"tag-spain","22":"tag-titulares","23":"tag-ultimas-noticias","24":"tag-ultimasnoticias"},"share_on_mastodon":{"url":"https:\/\/pubeurope.com\/@es\/115643551786207731","error":""},"_links":{"self":[{"href":"https:\/\/www.europesays.com\/es\/wp-json\/wp\/v2\/posts\/265155","targetHints":{"allow":["GET"]}}],"collection":[{"href":"https:\/\/www.europesays.com\/es\/wp-json\/wp\/v2\/posts"}],"about":[{"href":"https:\/\/www.europesays.com\/es\/wp-json\/wp\/v2\/types\/post"}],"author":[{"embeddable":true,"href":"https:\/\/www.europesays.com\/es\/wp-json\/wp\/v2\/users\/2"}],"replies":[{"embeddable":true,"href":"https:\/\/www.europesays.com\/es\/wp-json\/wp\/v2\/comments?post=265155"}],"version-history":[{"count":0,"href":"https:\/\/www.europesays.com\/es\/wp-json\/wp\/v2\/posts\/265155\/revisions"}],"wp:featuredmedia":[{"embeddable":true,"href":"https:\/\/www.europesays.com\/es\/wp-json\/wp\/v2\/media\/265156"}],"wp:attachment":[{"href":"https:\/\/www.europesays.com\/es\/wp-json\/wp\/v2\/media?parent=265155"}],"wp:term":[{"taxonomy":"category","embeddable":true,"href":"https:\/\/www.europesays.com\/es\/wp-json\/wp\/v2\/categories?post=265155"},{"taxonomy":"post_tag","embeddable":true,"href":"https:\/\/www.europesays.com\/es\/wp-json\/wp\/v2\/tags?post=265155"}],"curies":[{"name":"wp","href":"https:\/\/api.w.org\/{rel}","templated":true}]}}