{"id":265160,"date":"2025-12-01T09:23:28","date_gmt":"2025-12-01T09:23:28","guid":{"rendered":"https:\/\/www.europesays.com\/es\/265160\/"},"modified":"2025-12-01T09:23:28","modified_gmt":"2025-12-01T09:23:28","slug":"el-exilio-de-penarroya-as-com","status":"publish","type":"post","link":"https:\/\/www.europesays.com\/es\/265160\/","title":{"rendered":"El exilio de Pe\u00f1arroya &#8211; AS.com"},"content":{"rendered":"<p class=\"\">Entre todos los l\u00edos que ha habido en el Bar\u00e7a \u00faltimamente, <b>ya nadie se acuerda de Joan Pe\u00f1arroya<\/b>. Tiene, hasta cierto punto, l\u00f3gica: a la otra parte, la m\u00e1s perjudicada, de una situaci\u00f3n imposible, nunca se le hace demasiado caso. Y casi siempre es injusto, aunque esta vez probablemente lo sea mucho m\u00e1s: el entrenador, <a href=\"https:\/\/as.com\/baloncesto\/acb\/xavi-pascual-nuevo-entrenador-del-barcelona-f202511-n\/\" target=\"_self\" rel=\"nofollow noopener\" title=\"https:\/\/as.com\/baloncesto\/acb\/xavi-pascual-nuevo-entrenador-del-barcelona-f202511-n\/\"><b>sustituido por un Xavi Pascual que regresa a la que fue su casa<\/b><\/a>, no ha sido el culpable de nada. Y, aunque tampoco haya sido la soluci\u00f3n, <a href=\"https:\/\/as.com\/baloncesto\/el-barca-destituye-a-joan-penarroya-f202511-n\/\" target=\"_self\" rel=\"nofollow noopener\" title=\"https:\/\/as.com\/baloncesto\/el-barca-destituye-a-joan-penarroya-f202511-n\/\"><b>s\u00ed que ha representado el chico expiatorio de un equipo a la deriva<\/b><\/a>, que lleva dos temporadas sin pisar una sola final y que la temporada pasada ni siquiera se col\u00f3 en semifinales de la Copa, la ACB o la Euroliga. Sin disputar la Supercopa este a\u00f1o.<\/p>\n<p class=\"\">Haya ocurrido lo que haya ocurrido, siempre hay da\u00f1os colaterales. Y la situaci\u00f3n es ligeramente similar a la de Roger Grimau, <b>recogiendo el Bar\u00e7a las migajas de la \u00e9poca de Sarunas Jasikevicius y Nikola Mirotic<\/b>. Con la diferencia de que Pe\u00f1arroya es un entrenador con casi 20 a\u00f1os de experiencia en los banquillos y que est\u00e1 ligado al baloncesto espa\u00f1ol desde 1987, cuando empez\u00f3 en el profesionalismo de la mano del Manresa, equipo al que luego dirigi\u00f3 como t\u00e9cnico. Antes, inici\u00f3 su andadura como t\u00e9cnico dirigiendo al CB Olesa i Nav\u00e0s de la liga EBA,<b> club en el que permaneci\u00f3 durante 4 temporada<\/b>s. Y de ah\u00ed, amas\u00f3 un gran curr\u00edculum y una excelente reputaci\u00f3n.<\/p>\n<p class=\"\">En la temporada 2010-11, se estren\u00f3 como entrenador de LEB Plata a los mandos del B\u00e0squet Club Andorra, <b>consiguiendo primero el ascenso a la LEB Oro (hoy Primera Feb) y posteriormente el mismo \u00e9xito a la ACB en 2014<\/b>. Tras ocho temporadas, firm\u00f3 por el Manresa antes de recalar en el San Pablo Burgos, donde consigui\u00f3 algunos de sus t\u00edtulos m\u00e1s importantes:<b> las ediciones 2019-20 y la 2020-21 de la Basketball Champions League y la Copa Intercontinental en 2021<\/b>. Con el Valencia, lleg\u00f3 a las semifinales de la Eurocup. Y con el Baskonia la cosa empez\u00f3 a ir peor y la aventura acab\u00f3 en su cese para hacer hueco a Dusko Ivanovic. <\/p>\n<p>Del Bar\u00e7a al exilio<\/p>\n<p class=\"\">En el Bar\u00e7a lleg\u00f3 su tumba, como suele pasar en los proyectos a la deriva. La crisis financiera de la secci\u00f3n de baloncesto no permiti\u00f3 a los azulgranas cifras ostentosas <b>para realizar fichajes jugosos ni a Pe\u00f1arroya exigir nada que pudiera necesitar<\/b>. Y luego lleg\u00f3 la maldici\u00f3n de las lesiones, principalmente la de un Nicol\u00e1s Laprov\u00edttola que se qued\u00f3 toda la temporada en el dique seco. Los azulgranas perdieron en semifinales de la Supercopa ante el Real Madrid (89-83) y en cuartos de final de la Copa en febrero de 2025 ante el Tenerife (91-86). A pesar de ello, la recta final de la temporada, <b>teniendo en cuenta las lesiones, fue muy meritoria<\/b>. Pero se sald\u00f3 sin nada.<\/p>\n<p class=\"\">Eso s\u00ed, apunto estuvieron de conseguir redondear una de las revoluciones del curso baloncest\u00edstico. Inacabada, pero emocionante. <b>Acabaron quintos de la Euroliga y se vieron las caras en cuartos de final de la m\u00e1xima competici\u00f3n continental<\/b> y enfrent\u00e1ndose al M\u00f3naco por un puesto en la Final Four. Cayeron en los dos primeros partidos, pero se hicieron con la victoria en los dos disputados en el Palau Blaugrana, donde Mike James no fue suficiente para los entonces visitantes. De vuelta a campo rival, <b>Kevin Punter hizo de las suyas en la \u00faltima jugada e intent\u00f3 un triple lejano sin suerte cuando podr\u00eda haber atacado la canasta<\/b>. Al final, 85-84 y a casa con un sabor m\u00e1s que amargo y una oportunidad, que a la postre ser\u00eda la \u00faltima, perdida. <\/p>\n<p class=\"\">Hasta ah\u00ed lleg\u00f3 el Bar\u00e7a de Pe\u00f1arroya, ya sin suerte ni convicci\u00f3n para luchar contra el Unicaja, que les gan\u00f3 2-1 tambi\u00e9n en cuartos de la ACB. Segundo a\u00f1o consecutivo sin t\u00edtulos y un injusto da\u00f1o colateral <a href=\"https:\/\/as.com\/baloncesto\/acb\/grimau-willy-y-yo-ni-somos-amigos-ni-lo-seremos-n\/\" target=\"_self\" rel=\"nofollow noopener\" title=\"https:\/\/as.com\/baloncesto\/acb\/grimau-willy-y-yo-ni-somos-amigos-ni-lo-seremos-n\/\"><b>que tuvo los mismos problemas con Willy Hernang\u00f3mez que tuvo en su momento Grimau<\/b><\/a>, que sufri\u00f3 una cantidad ingente de lesiones y que lleg\u00f3 hasta donde pudo. Ahora, llega Xavi Pascual para solucionar algo que ya veremos si tiene soluci\u00f3n. Y Joan Pe\u00f1arroya pone camino a esa clandestinidad a la que se aboca despu\u00e9s de fraguar una espectacular carrera desde abajo, <b>pero encontrar el frenazo en uno de esos lugares en los que s\u00f3lo se puede ganar o morir<\/b>. No hay puntos intermedios. Es lo que tiene.<\/p>\n<p>Noticias relacionadas<\/p>\n<p class=\"\"><b>\u00a1Tus opiniones importan!<\/b><\/p>\n<p class=\"\">Comenta en los art\u00edculos y suscr\u00edbete gratis a nuestra <a href=\"https:\/\/asfan.as.com\/newsletters\/\" target=\"_blank\" rel=\"nofollow noopener\" title=\"https:\/\/asfan.as.com\/newsletters\/\">newsletter<\/a> y a las alertas informativas en la <a href=\"https:\/\/as.com\/aplicacion-de-as-n\/\" target=\"_blank\" rel=\"nofollow noopener\" title=\"https:\/\/as.com\/aplicacion-de-as-n\/\">App<\/a> o el canal de <a href=\"https:\/\/www.whatsapp.com\/channel\/0029VaAasdA7j6g745nz9M10\" target=\"_blank\" rel=\"nofollow noopener\" title=\"https:\/\/www.whatsapp.com\/channel\/0029VaAasdA7j6g745nz9M10\">WhatsApp<\/a>. \u00bfBuscas licenciar contenido? Haz clic <a href=\"https:\/\/profesional.elpais.com\/soluciones-sindicacion?utm_medium=interno&amp;utm_source=crosslinking&amp;utm_campaign=sindicacion_as_pie_articulos\" target=\"_blank\" rel=\"nofollow noopener\" title=\"https:\/\/profesional.elpais.com\/soluciones-sindicacion?utm_medium=interno&amp;utm_source=crosslinking&amp;utm_campaign=sindicacion_as_pie_articulos\">aqu\u00ed<\/a><\/p>\n","protected":false},"excerpt":{"rendered":"Entre todos los l\u00edos que ha habido en el Bar\u00e7a \u00faltimamente, ya nadie se acuerda de Joan Pe\u00f1arroya.&hellip;\n","protected":false},"author":2,"featured_media":265161,"comment_status":"","ping_status":"","sticky":false,"template":"","format":"standard","meta":{"footnotes":""},"categories":[269],"tags":[299,298,168,25,24,23,167],"class_list":{"0":"post-265160","1":"post","2":"type-post","3":"status-publish","4":"format-standard","5":"has-post-thumbnail","7":"category-baloncesto","8":"tag-baloncesto","9":"tag-basketball","10":"tag-deportes","11":"tag-es","12":"tag-espana","13":"tag-spain","14":"tag-sports"},"share_on_mastodon":{"url":"https:\/\/pubeurope.com\/@es\/115643587175023721","error":""},"_links":{"self":[{"href":"https:\/\/www.europesays.com\/es\/wp-json\/wp\/v2\/posts\/265160","targetHints":{"allow":["GET"]}}],"collection":[{"href":"https:\/\/www.europesays.com\/es\/wp-json\/wp\/v2\/posts"}],"about":[{"href":"https:\/\/www.europesays.com\/es\/wp-json\/wp\/v2\/types\/post"}],"author":[{"embeddable":true,"href":"https:\/\/www.europesays.com\/es\/wp-json\/wp\/v2\/users\/2"}],"replies":[{"embeddable":true,"href":"https:\/\/www.europesays.com\/es\/wp-json\/wp\/v2\/comments?post=265160"}],"version-history":[{"count":0,"href":"https:\/\/www.europesays.com\/es\/wp-json\/wp\/v2\/posts\/265160\/revisions"}],"wp:featuredmedia":[{"embeddable":true,"href":"https:\/\/www.europesays.com\/es\/wp-json\/wp\/v2\/media\/265161"}],"wp:attachment":[{"href":"https:\/\/www.europesays.com\/es\/wp-json\/wp\/v2\/media?parent=265160"}],"wp:term":[{"taxonomy":"category","embeddable":true,"href":"https:\/\/www.europesays.com\/es\/wp-json\/wp\/v2\/categories?post=265160"},{"taxonomy":"post_tag","embeddable":true,"href":"https:\/\/www.europesays.com\/es\/wp-json\/wp\/v2\/tags?post=265160"}],"curies":[{"name":"wp","href":"https:\/\/api.w.org\/{rel}","templated":true}]}}