{"id":265164,"date":"2025-12-01T09:27:18","date_gmt":"2025-12-01T09:27:18","guid":{"rendered":"https:\/\/www.europesays.com\/es\/265164\/"},"modified":"2025-12-01T09:27:18","modified_gmt":"2025-12-01T09:27:18","slug":"lydia-lozano-incapaz-de-contener-las-lagrimas-da-la-ultima-hora-del-estado-de-salud-de-su-marido","status":"publish","type":"post","link":"https:\/\/www.europesays.com\/es\/265164\/","title":{"rendered":"Lydia Lozano, incapaz de contener las l\u00e1grimas, da la \u00faltima hora del estado de salud de su marido"},"content":{"rendered":"<p data-gtm-element-container=\"modulo-texto-link\" class=\"paragraph\">La situaci\u00f3n personal de <strong>Lydia Lozano <\/strong>se ha vuelto especialmente delicada desde que su<strong> marido, Charly, <\/strong>afronta una grave complicaci\u00f3n m\u00e9dica. Lo que comenz\u00f3 como un problema de espalda termin\u00f3 en una inesperada \u00ab<strong>operaci\u00f3n de coraz\u00f3n<\/strong>\u00ab, un giro que oblig\u00f3 a la periodista a apartarse del trabajo para centrarse por completo en su recuperaci\u00f3n.<\/p>\n<p>                <img loading=\"lazy\" decoding=\"async\" data-full-src=\"https:\/\/www.mundodeportivo.com\/uploads\/2025\/10\/10\/68e96a72d1b39.jpeg\" alt=\"Lydia Lozano, en '\u00a1De viernes!'\" width=\"449\" height=\"253\" src=\"https:\/\/www.europesays.com\/es\/wp-content\/uploads\/2025\/12\/68e96a72d1b39.jpeg\" class=\"lazy\"\/><\/p>\n<p class=\"caption-title \">Lydia Lozano, en &#8216;\u00a1De viernes!&#8217;<\/p>\n<p>                    Captura Telecinco<\/p>\n<p data-gtm-element-container=\"modulo-texto-link\" class=\"paragraph\">Tras la intervenci\u00f3n, Lydia se ausent\u00f3 del programa donde colabora (&#8216;\u00a1De Viernes!&#8217;) y sus compa\u00f1eros explicaron que no hab\u00eda podido acudir por \u00ab<strong>problemas de peso\u00bb,<\/strong> comentario que encendi\u00f3 las alarmas entre los espectadores. Mientras tanto, ella dedicaba todo su tiempo a acompa\u00f1ar a Charly durante un <strong>postoperatorio largo y lleno de incertidumbre<\/strong> que contin\u00faa avanzando con lentitud.<\/p>\n<p data-gtm-element-container=\"modulo-texto-link\" class=\"paragraph\">El fin de semana, el programa &#8216;Fiesta&#8217; consigui\u00f3 im\u00e1genes de Lydia acudiendo al hospital para ver a su marido. Entre l\u00e1grimas, admiti\u00f3: \u00ab<strong>Es un proceso muy largo. El mundo de la bacteria es muy complicado<\/strong>\u00ab, subrayando la dificultad de afrontar esta infecci\u00f3n. Tambi\u00e9n se\u00f1al\u00f3 que los m\u00e9dicos mantienen una vigilancia estricta mediante \u00ab<strong>controles continuos<\/strong>\u00bb para evitar cualquier retroceso durante la evoluci\u00f3n.<\/p>\n<p>                <img loading=\"lazy\" decoding=\"async\" data-full-src=\"https:\/\/www.mundodeportivo.com\/uploads\/2025\/10\/10\/68e96a720d8b1.jpeg\" alt=\"Lydia Lozano, en '\u00a1De viernes!'\" width=\"449\" height=\"253\" src=\"https:\/\/www.europesays.com\/es\/wp-content\/uploads\/2025\/12\/68e96a720d8b1.jpeg\" class=\"lazy\"\/><\/p>\n<p class=\"caption-title \">Lydia Lozano, en &#8216;\u00a1De viernes!&#8217;<\/p>\n<p>                    Captura Telecinco<\/p>\n<p>    Lee tambi\u00e9n<\/p>\n<p data-gtm-element-container=\"modulo-texto-link\" class=\"paragraph\">Las visitas se han complicado porque la periodista atraviesa un cuadro gripal y debe proteger a Charly, motivo por el que <strong>apareci\u00f3 con mascarilla<\/strong>. Aun as\u00ed, intenta estar con \u00e9l todo lo posible, aunque confes\u00f3 que su marido \u00ab<strong>no quiere que le vean as\u00ed<\/strong>\u00ab. En el plat\u00f3 de &#8216;Fiesta&#8217;, compa\u00f1eros y amigos enviaron su apoyo a la pareja.<\/p>\n","protected":false},"excerpt":{"rendered":"La situaci\u00f3n personal de Lydia Lozano se ha vuelto especialmente delicada desde que su marido, Charly, afronta una&hellip;\n","protected":false},"author":2,"featured_media":265165,"comment_status":"","ping_status":"","sticky":false,"template":"","format":"standard","meta":{"footnotes":""},"categories":[174],"tags":[255,146,147,25,24,256,23],"class_list":{"0":"post-265164","1":"post","2":"type-post","3":"status-publish","4":"format-standard","5":"has-post-thumbnail","7":"category-famosos","8":"tag-celebrities","9":"tag-entertainment","10":"tag-entretenimiento","11":"tag-es","12":"tag-espana","13":"tag-famosos","14":"tag-spain"},"share_on_mastodon":{"url":"https:\/\/pubeurope.com\/@es\/115643604592535340","error":""},"_links":{"self":[{"href":"https:\/\/www.europesays.com\/es\/wp-json\/wp\/v2\/posts\/265164","targetHints":{"allow":["GET"]}}],"collection":[{"href":"https:\/\/www.europesays.com\/es\/wp-json\/wp\/v2\/posts"}],"about":[{"href":"https:\/\/www.europesays.com\/es\/wp-json\/wp\/v2\/types\/post"}],"author":[{"embeddable":true,"href":"https:\/\/www.europesays.com\/es\/wp-json\/wp\/v2\/users\/2"}],"replies":[{"embeddable":true,"href":"https:\/\/www.europesays.com\/es\/wp-json\/wp\/v2\/comments?post=265164"}],"version-history":[{"count":0,"href":"https:\/\/www.europesays.com\/es\/wp-json\/wp\/v2\/posts\/265164\/revisions"}],"wp:featuredmedia":[{"embeddable":true,"href":"https:\/\/www.europesays.com\/es\/wp-json\/wp\/v2\/media\/265165"}],"wp:attachment":[{"href":"https:\/\/www.europesays.com\/es\/wp-json\/wp\/v2\/media?parent=265164"}],"wp:term":[{"taxonomy":"category","embeddable":true,"href":"https:\/\/www.europesays.com\/es\/wp-json\/wp\/v2\/categories?post=265164"},{"taxonomy":"post_tag","embeddable":true,"href":"https:\/\/www.europesays.com\/es\/wp-json\/wp\/v2\/tags?post=265164"}],"curies":[{"name":"wp","href":"https:\/\/api.w.org\/{rel}","templated":true}]}}