{"id":265168,"date":"2025-12-01T09:31:15","date_gmt":"2025-12-01T09:31:15","guid":{"rendered":"https:\/\/www.europesays.com\/es\/265168\/"},"modified":"2025-12-01T09:31:15","modified_gmt":"2025-12-01T09:31:15","slug":"antena-3-vuelve-a-ser-lider-en-noviembre-pero-la-1-se-le-acerca-con-su-mejor-dato-en-14-anos-television","status":"publish","type":"post","link":"https:\/\/www.europesays.com\/es\/265168\/","title":{"rendered":"Antena 3 vuelve a ser l\u00edder en noviembre, pero La 1 se le acerca con su mejor dato en 14 a\u00f1os | Televisi\u00f3n"},"content":{"rendered":"<p class=\"\">Este noviembre, <a href=\"https:\/\/elpais.com\/noticias\/antena-3\/\" target=\"_self\" rel=\"nofollow noopener\" title=\"https:\/\/elpais.com\/noticias\/antena-3\/\">Antena 3<\/a> se ha proclamado la cadena l\u00edder por decimosexto mes consecutivo. El primer canal de Atresmedia ha logrado un 13% de cuota media de pantalla. Como ocurri\u00f3 en septiembre y en octubre, la estabilidad que ha alcanzado <a href=\"https:\/\/elpais.com\/noticias\/la-1\/\" target=\"_blank\" rel=\"nofollow noopener\" title=\"https:\/\/elpais.com\/noticias\/la-1\/\">La 1<\/a> le lleva a marcar su mejor mes de noviembre en 14 a\u00f1os. La cadena p\u00fablica se acerca a Antena 3, con un 12,3% de media mensual. Mientras tanto, <a href=\"https:\/\/elpais.com\/noticias\/tele-5\/\" target=\"_blank\" rel=\"nofollow noopener\" title=\"https:\/\/elpais.com\/noticias\/tele-5\/\">Telecinco<\/a> sigue sin tocar fondo, llegando a su peor noviembre hist\u00f3rico, con tan solo un 9% de cuota de pantalla.<\/p>\n<p class=\"\">El informe de la consultora Dos30\u2032 a partir de los datos recopilados por Kantar Media apunta que Antena 3 crece cuatro d\u00e9cimas respecto a noviembre del a\u00f1o pasado. Sus franjas m\u00e1s fuertes, en la que es l\u00edder, son la sobremesa (18.1%), gracias a la fortaleza de sus informativos y su serie diaria Sue\u00f1os de libertad, y el prime time (13.9%), gracias al liderazgo casi permanente de El hormiguero.<\/p>\n<p class=\"\">La 1 con su 12.3% de cuota media, se mantiene como la segunda cadena m\u00e1s vista del pa\u00eds y firma su mejor noviembre desde 2011, como ya ocurriera en los meses anteriores. La p\u00fablica es l\u00edder en la franja de ma\u00f1ana (14.9%), con muy buenos resultados de La hora de La 1 con Silvia Intxaurrondo y Ma\u00f1aneros 360, con Javier Ruiz y Adela Gonz\u00e1lez. Tambi\u00e9n domina en la tarde (11.6%). Eso se debe a que sus programas de actualidad pol\u00edtica en vivo como Directo al grano y el Malas lenguas de Jes\u00fas Cintora se mantienen a diario por encima del 10% y se suman a los datos de las series Valle salvaje y La promesa.<\/p>\n<p class=\"\">Telecinco, envuelta en pol\u00e9micas relacionadas con violencia de g\u00e9nero por la presencia en pantalla hasta hace unos d\u00edas de colaboradores como Alessandro Leqcuio y por los contenidos de De Viernes, sigue bajando hasta lograr un nuevo m\u00ednimo hist\u00f3rico: un 9% en su peor noviembre. Aunque La isla de las tentaciones 9 s\u00ed que funciona en la cadena de Mediaset, no lo ha hecho esta vez Gran Hermano 20, que aun as\u00ed se mantiene por encima de la media de la cadena en sus emisiones tanto de martes como de domingo.<\/p>\n<p class=\"\">Las tres emisiones m\u00e1s vistas del mes corresponden a La 1. Dos de ellas son los partidos clasificatorios para el Mundial de la selecci\u00f3n espa\u00f1ola masculina de f\u00fatbol y la tercera es la visita de Rosalia a La revuelta.<\/p>\n<p class=\"\">El resto de cadenas generalistas siguen avanzando: La Sexta (6,3%) sube cuatro d\u00e9cimas con respecto a octubre. Cuatro (6%), muy cerca de su principal competidora, sube dos d\u00e9cimas. Y La 2 sigue con marcas elevadas y se mantiene en el 3,1% del mes pasado. <\/p>\n","protected":false},"excerpt":{"rendered":"Este noviembre, Antena 3 se ha proclamado la cadena l\u00edder por decimosexto mes consecutivo. El primer canal de&hellip;\n","protected":false},"author":2,"featured_media":265169,"comment_status":"","ping_status":"","sticky":false,"template":"","format":"standard","meta":{"footnotes":""},"categories":[171],"tags":[4040,151,20803,146,147,25,24,6870,955,518,23,692,807,214,3156],"class_list":{"0":"post-265168","1":"post","2":"type-post","3":"status-publish","4":"format-standard","5":"has-post-thumbnail","7":"category-tv","8":"tag-antena-3","9":"tag-atresmedia","10":"tag-audiencia-medios","11":"tag-entertainment","12":"tag-entretenimiento","13":"tag-es","14":"tag-espana","15":"tag-la-1","16":"tag-mediaset","17":"tag-rtve","18":"tag-spain","19":"tag-telecinco","20":"tag-television","21":"tag-tv","22":"tag-tve"},"share_on_mastodon":{"url":"https:\/\/pubeurope.com\/@es\/115643618725441279","error":""},"_links":{"self":[{"href":"https:\/\/www.europesays.com\/es\/wp-json\/wp\/v2\/posts\/265168","targetHints":{"allow":["GET"]}}],"collection":[{"href":"https:\/\/www.europesays.com\/es\/wp-json\/wp\/v2\/posts"}],"about":[{"href":"https:\/\/www.europesays.com\/es\/wp-json\/wp\/v2\/types\/post"}],"author":[{"embeddable":true,"href":"https:\/\/www.europesays.com\/es\/wp-json\/wp\/v2\/users\/2"}],"replies":[{"embeddable":true,"href":"https:\/\/www.europesays.com\/es\/wp-json\/wp\/v2\/comments?post=265168"}],"version-history":[{"count":0,"href":"https:\/\/www.europesays.com\/es\/wp-json\/wp\/v2\/posts\/265168\/revisions"}],"wp:featuredmedia":[{"embeddable":true,"href":"https:\/\/www.europesays.com\/es\/wp-json\/wp\/v2\/media\/265169"}],"wp:attachment":[{"href":"https:\/\/www.europesays.com\/es\/wp-json\/wp\/v2\/media?parent=265168"}],"wp:term":[{"taxonomy":"category","embeddable":true,"href":"https:\/\/www.europesays.com\/es\/wp-json\/wp\/v2\/categories?post=265168"},{"taxonomy":"post_tag","embeddable":true,"href":"https:\/\/www.europesays.com\/es\/wp-json\/wp\/v2\/tags?post=265168"}],"curies":[{"name":"wp","href":"https:\/\/api.w.org\/{rel}","templated":true}]}}