{"id":265188,"date":"2025-12-01T09:43:12","date_gmt":"2025-12-01T09:43:12","guid":{"rendered":"https:\/\/www.europesays.com\/es\/265188\/"},"modified":"2025-12-01T09:43:12","modified_gmt":"2025-12-01T09:43:12","slug":"45-anos-de-canto-coral-y-musica-que-culmina-con-un-concierto-conmemorativo","status":"publish","type":"post","link":"https:\/\/www.europesays.com\/es\/265188\/","title":{"rendered":"45 a\u00f1os de canto coral y m\u00fasica que culmina con un concierto conmemorativo"},"content":{"rendered":"<p>La Villa ha acogido este concierto en la que la agrupaci\u00f3n ha celebrado sus m\u00e1s de cuatro d\u00e9cadas de trayectoria, donde se ha rendido homenaje a los diferentes directores de la Coral y a personas vinculadas a la misma en esta onom\u00e1stica, en un emotivo acto que ha contado tambi\u00e9n con la Banda Municipal Cristo del Perd\u00f3n de La Rinconada<\/p>\n<p class=\"text-justify\">Llegar a los 45 a\u00f1os de historia no es tarea f\u00e1cil, implica compromiso, cooperaci\u00f3n y amor por lo que se hace y, en eso, la Coral Nuestras Se\u00f1ora de las Nieves de La Rinconada tiene mucho que aportar. Cumple este 2025 m\u00e1s de cuatro d\u00e9cadas en las que ha elevado el canto y la m\u00fasica a altos niveles de calidad con m\u00faltiples actuaciones, tanto en el municipio, como en toda la provincia. Una efem\u00e9ride que han querido conmemorar y que ha culminado con un concierto en el Centro Cultural de La Villa con la Banda Municipal Cristo del Perd\u00f3n de La Rinconada acompa\u00f1\u00e1ndola.\n  <\/p>\n<p class=\"text-justify\">Fue en noviembre de 1980 cuando nac\u00eda esta agrupaci\u00f3n, integr\u00e1ndola mujeres y hombres con gran afici\u00f3n y que ten\u00edan como \u00fanica meta la interpretaci\u00f3n de m\u00fasica polif\u00f3nica, a la vez que cultivaban una gran amistad entre ellos y paseaban el nombre de La Rinconada all\u00e1 donde iban. El &#8216;Adestes Fidelis&#8217; fue el primer tema que cantaron el 24 de diciembre de 1980 en la misa del gallo, a partir de ah\u00ed, 45 a\u00f1os de trayectoria avalan a la Coral.\n  <\/p>\n<p class=\"text-justify\">La Villa ha vuelto a ser testigo del talento de esta agrupaci\u00f3n con un concierto que ha presentado Antonio Mulero Tudela y donde se ha dado inicio con la proyecci\u00f3n de un audiovisual que recoge la historia y vida de la agrupaci\u00f3n.\n  <\/p>\n<p class=\"text-justify\">La primera parte del concierto, bajo la direcci\u00f3n del director de la Coral, desde 2008, Manuel Jes\u00fas Navarro S\u00e1nchez, han interpretado \u2018Misa Brevis\u2019 de Jacob Haan.\n  <\/p>\n<p class=\"text-justify\">En la segunda parte del acto, ha tomado la palabra Jos\u00e9 Eladio Navarro para contar la historia de la m\u00fasica en La Rinconada. Se ha estrenado el pasodoble \u2018Julio P\u00e1ez Cano\u2019 de Manuel Jes\u00fas Navarro y se ha interpretado \u2018Adestes Fidelis\u2019 en la versi\u00f3n coral de P\u00e1ez Cano; \u2018Carmina Burana\u2019 de Carl Orff; \u2018Coros de Nabuco\u2019 de Verdi; para terminar con \u2018Rinconada Flor de Lys\u2019 de P\u00e1ez Cano y Jos\u00e9 L\u00e9rida.\n  <\/p>\n<p class=\"text-justify\">El alcalde de La Rinconada, Javier Fern\u00e1ndez, que ha querido acompa\u00f1ar a la Coral en este importante d\u00eda, le ha entregado un reconocimiento por su trayectoria. Fern\u00e1ndez ha subrayado que \u201ccumplir 45 a\u00f1os no es tarea f\u00e1cil y esta agrupaci\u00f3n ha demostrado su tes\u00f3n, val\u00eda y buen hacer para llevar el canto coral y su municipio a todos los lugares donde han estado\u201d y ha agradecido a la agrupaci\u00f3n \u201cmantener vivas nuestra identidad, ra\u00edces y tradiciones. Hay presente y hay futuro\u201d.\n  <\/p>\n<p class=\"text-justify\">Tambi\u00e9n la I Teniente de Alcalde y delegada de Cultura, Raquel Vega, ha tenido palabras de agradecimiento hacia la Coral, \u201cten\u00e9is nuestro cari\u00f1o y respaldo institucional para que la m\u00fasica siga floreciendo\u201d.<\/p>\n","protected":false},"excerpt":{"rendered":"La Villa ha acogido este concierto en la que la agrupaci\u00f3n ha celebrado sus m\u00e1s de cuatro d\u00e9cadas&hellip;\n","protected":false},"author":2,"featured_media":265189,"comment_status":"","ping_status":"","sticky":false,"template":"","format":"standard","meta":{"footnotes":""},"categories":[5],"tags":[17,18,25,24,13,14,11,4828,19,20,9,10,15,16,23,12,21,22],"class_list":{"0":"post-265188","1":"post","2":"type-post","3":"status-publish","4":"format-standard","5":"has-post-thumbnail","7":"category-titulares","8":"tag-breaking-news","9":"tag-breakingnews","10":"tag-es","11":"tag-espana","12":"tag-featured-news","13":"tag-featurednews","14":"tag-headlines","15":"tag-la-rinconada","16":"tag-latest-news","17":"tag-latestnews","18":"tag-news","19":"tag-noticias","20":"tag-noticias-destacadas","21":"tag-noticiasdestacadas","22":"tag-spain","23":"tag-titulares","24":"tag-ultimas-noticias","25":"tag-ultimasnoticias"},"share_on_mastodon":{"url":"https:\/\/pubeurope.com\/@es\/115643665826680793","error":""},"_links":{"self":[{"href":"https:\/\/www.europesays.com\/es\/wp-json\/wp\/v2\/posts\/265188","targetHints":{"allow":["GET"]}}],"collection":[{"href":"https:\/\/www.europesays.com\/es\/wp-json\/wp\/v2\/posts"}],"about":[{"href":"https:\/\/www.europesays.com\/es\/wp-json\/wp\/v2\/types\/post"}],"author":[{"embeddable":true,"href":"https:\/\/www.europesays.com\/es\/wp-json\/wp\/v2\/users\/2"}],"replies":[{"embeddable":true,"href":"https:\/\/www.europesays.com\/es\/wp-json\/wp\/v2\/comments?post=265188"}],"version-history":[{"count":0,"href":"https:\/\/www.europesays.com\/es\/wp-json\/wp\/v2\/posts\/265188\/revisions"}],"wp:featuredmedia":[{"embeddable":true,"href":"https:\/\/www.europesays.com\/es\/wp-json\/wp\/v2\/media\/265189"}],"wp:attachment":[{"href":"https:\/\/www.europesays.com\/es\/wp-json\/wp\/v2\/media?parent=265188"}],"wp:term":[{"taxonomy":"category","embeddable":true,"href":"https:\/\/www.europesays.com\/es\/wp-json\/wp\/v2\/categories?post=265188"},{"taxonomy":"post_tag","embeddable":true,"href":"https:\/\/www.europesays.com\/es\/wp-json\/wp\/v2\/tags?post=265188"}],"curies":[{"name":"wp","href":"https:\/\/api.w.org\/{rel}","templated":true}]}}