{"id":265210,"date":"2025-12-01T10:02:13","date_gmt":"2025-12-01T10:02:13","guid":{"rendered":"https:\/\/www.europesays.com\/es\/265210\/"},"modified":"2025-12-01T10:02:13","modified_gmt":"2025-12-01T10:02:13","slug":"manana-mas-alba-flores-conoce-a-su-padre-rtve-es","status":"publish","type":"post","link":"https:\/\/www.europesays.com\/es\/265210\/","title":{"rendered":"Ma\u00f1ana m\u00e1s &#8211; Alba Flores conoce a su padre &#8211; RTVE.es"},"content":{"rendered":"<ol>\n<li><a href=\"https:\/\/news.google.com\/rss\/articles\/CBMimAFBVV95cUxQOUNUeXJqZ0hjM2hCZnFOMlI3N0prdnlRdS1SLVJlV2NneGVuUi1Mc1NTQmdrNlJfQlVGRjZzLTdSZlY0R0NhYl8ybDBjYlpodVVDQUo1dHhpdU1GVVVaNENockZ6YVhWZ1F4UXoycVAxc3ZhbjE2S1Q5dXZpR3VuUF9CNnhlRy1FdllCV3U1YmNzZmF5MjMzRw?oc=5\" target=\"_blank\" rel=\"nofollow noopener\">Ma\u00f1ana m\u00e1s &#8211; Alba Flores conoce a su padre<\/a>&nbsp;&nbsp;RTVE.es<\/li>\n<li><a href=\"https:\/\/news.google.com\/rss\/articles\/CBMizgFBVV95cUxOM0E5Q0JobndOOUlCa2ptYmlJY0xuanNMVGhMcGlYVlRHMFNxZklYdHl0MGdQU0JzeDJuRkpEWDlPZ09fQlNvZDRKMzlRYkJ5MlNkR1k0MXZUcHFDRmtqSERTSVFHS0NtRlJrMDM1SjRVT01RVTl2UllVSlJyRHgwQTBOQWkzbVVab2hCT3QzdlBKZUtVWHU5WU91MVZ1T3hYc3EwYzVXTHl1S2tYVUlYMDlNd0Q5cmRlSHBMc25BamVWX2FjNnBSV1Z2b3hiZw?oc=5\" target=\"_blank\" rel=\"nofollow noopener\">Isaki Lacuesta: \u00abAhora sabemos que lo que dec\u00edan los Borbones era mentira y lo que dicen los Flores ha sido una transparencia absoluta\u00bb<\/a>&nbsp;&nbsp;El HuffPost<\/li>\n<li><a href=\"https:\/\/news.google.com\/rss\/articles\/CBMikwFBVV95cUxPSXRMc3hCM1A3VVctZTFCaEVwV3BBbjZKZW5YdDZOSVlXVlVIZXJBYlFCMkdNek5DRzEwQTdJVGYtSkQtcGZ1R0xyYTBLWDl6SWlrMmZxczloa3FyTElCUUl0Z3BfMkt4WndZZk5UQ2hWWTFUaERRT1ZwOFMyQzMtWVRlUjBfRGYyMHN3X3B6SE4yZXc?oc=5\" target=\"_blank\" rel=\"nofollow noopener\">A los padres conviene que les hagamos autopsias siempre<\/a>&nbsp;&nbsp;Vanity Fair Espa\u00f1a<\/li>\n<li><a href=\"https:\/\/news.google.com\/rss\/articles\/CBMiwwFBVV95cUxQUGxmV2FRb2hVbU9jMkNRMEVsMkFWbExwQ3Y1bHNfanM3OFlTUmQ5c1pZeTlJbTdxaV83Q1RZNnduVGROZzNjVU1EeHEtVERYMmlHZzlMTkhLMU1Zc1puMDRwV3YwUUVReEM1dWpMOTBWWlE3YTZhLU1ReVpnSzdNdVlQMTU4WVpSdDVDRldLRkVOYWcxbW9LTmFkaHRaaTdYSmdUOUVfMjl0N0ladGxKTktyaEtNd0Z4R3Nja2VwejFPNHM?oc=5\" target=\"_blank\" rel=\"nofollow noopener\">Alba Flores, sobre la canci\u00f3n que Antonio Flores le dedic\u00f3 a Lola Flores en 1994: \u00abEs el reflejo de las heridas que mi padre compart\u00eda con su madre y yo veo ahora el reflejo de las m\u00edas con \u00e9l\u00bb<\/a>&nbsp;&nbsp;Esquire<\/li>\n<li><a href=\"https:\/\/news.google.com\/rss\/articles\/CBMi1gFBVV95cUxNRnVFVFhMbWNHY0Y0cThYU09RblY5NllSOWtoaGFQNGd0bjBPbTJ4R2hsck5yNlAzVGJPc0ozSVh0NC0yVGEyRFdkcUx5OU5zT2ZONEdiOVkxcVVnMm1NblhWSzAxUy1vMFlXRy1DTkFLel9QS1RoQ0NCbW5lelBhd2tMcUYwczhxbUV1MHA3RTU2ckVLZHNXS19vbzR6VFRQOVgzX29sTzdES2NkTXpJMGVQa3ZYcVlQN2tkYmxNZk9mMXdoYWN0OTFvT3dVVUFDUWp0Mkln?oc=5\" target=\"_blank\" rel=\"nofollow noopener\">Alba Flores revela por primera vez la autopsia de su padre Antonio<\/a>&nbsp;&nbsp;La Voz de Galicia<\/li>\n<\/ol>\n","protected":false},"excerpt":{"rendered":"Ma\u00f1ana m\u00e1s &#8211; Alba Flores conoce a su padre&nbsp;&nbsp;RTVE.es Isaki Lacuesta: \u00abAhora sabemos que lo que dec\u00edan los&hellip;\n","protected":false},"author":2,"featured_media":265211,"comment_status":"","ping_status":"","sticky":false,"template":"","format":"standard","meta":{"footnotes":""},"categories":[91],"tags":[65753,146,147,25,24,38005,133,1448,1986,1987,23],"class_list":{"0":"post-265210","1":"post","2":"type-post","3":"status-publish","4":"format-standard","5":"has-post-thumbnail","7":"category-entretenimiento","8":"tag-alba-flores-conoce-a-su-padre","9":"tag-entertainment","10":"tag-entretenimiento","11":"tag-es","12":"tag-espana","13":"tag-manana-mas","14":"tag-online","15":"tag-radio","16":"tag-rne","17":"tag-rtve-play","18":"tag-spain"},"share_on_mastodon":{"url":"https:\/\/pubeurope.com\/@es\/115643740609030250","error":""},"_links":{"self":[{"href":"https:\/\/www.europesays.com\/es\/wp-json\/wp\/v2\/posts\/265210","targetHints":{"allow":["GET"]}}],"collection":[{"href":"https:\/\/www.europesays.com\/es\/wp-json\/wp\/v2\/posts"}],"about":[{"href":"https:\/\/www.europesays.com\/es\/wp-json\/wp\/v2\/types\/post"}],"author":[{"embeddable":true,"href":"https:\/\/www.europesays.com\/es\/wp-json\/wp\/v2\/users\/2"}],"replies":[{"embeddable":true,"href":"https:\/\/www.europesays.com\/es\/wp-json\/wp\/v2\/comments?post=265210"}],"version-history":[{"count":0,"href":"https:\/\/www.europesays.com\/es\/wp-json\/wp\/v2\/posts\/265210\/revisions"}],"wp:featuredmedia":[{"embeddable":true,"href":"https:\/\/www.europesays.com\/es\/wp-json\/wp\/v2\/media\/265211"}],"wp:attachment":[{"href":"https:\/\/www.europesays.com\/es\/wp-json\/wp\/v2\/media?parent=265210"}],"wp:term":[{"taxonomy":"category","embeddable":true,"href":"https:\/\/www.europesays.com\/es\/wp-json\/wp\/v2\/categories?post=265210"},{"taxonomy":"post_tag","embeddable":true,"href":"https:\/\/www.europesays.com\/es\/wp-json\/wp\/v2\/tags?post=265210"}],"curies":[{"name":"wp","href":"https:\/\/api.w.org\/{rel}","templated":true}]}}