{"id":265215,"date":"2025-12-01T10:05:11","date_gmt":"2025-12-01T10:05:11","guid":{"rendered":"https:\/\/www.europesays.com\/es\/265215\/"},"modified":"2025-12-01T10:05:11","modified_gmt":"2025-12-01T10:05:11","slug":"las-fuertes-lluvias-en-el-sudeste-asiatico-dejan-mas-de-mil-muertos","status":"publish","type":"post","link":"https:\/\/www.europesays.com\/es\/265215\/","title":{"rendered":"Las fuertes lluvias en el sudeste asi\u00e1tico dejan m\u00e1s de mil muertos"},"content":{"rendered":"\n<p> Las inundaciones que afectan a <strong>Indonesia, Sri Lanka y Tailandia<\/strong>, por un fuerte temporal de lluvias, dejan este lunes un total de <strong>al menos 1.012 fallecidos<\/strong>, con la isla indonesia de Sumatra como <a href=\"https:\/\/www.elconfidencial.com\/mundo\/2024-11-22\/guerra-refugiados-cambio-climatico_4005606\/\" target=\"_self\" rel=\"nofollow noopener\">la m\u00e1s afectada por el momento.<\/a><\/p>\n<p>Seg\u00fan el \u00faltimo balance de la Agencia Nacional para la Gesti\u00f3n de Desastres (BNPB) de Indonesia, <strong>la cifra de muertes subi\u00f3 de 442 a 502 este lunes<\/strong>, mientras que el total de desaparecidos se increment\u00f3 de <strong>402 a 508<\/strong>, con 2.500 heridos y unos 550.000 evacuados.<\/p>\n<p>Las lluvias, que han ocasionado <a href=\"https:\/\/www.elconfidencial.com\/mundo\/2024-06-08\/isla-panama-cambio-climatico_3898320\/\" target=\"_self\" rel=\"nofollow noopener\">el desbordamiento de r\u00edos y deslizamientos de tierra <\/a>en el archipi\u00e9lago, han afectado <strong>a 1,4 millones de personas, <\/strong>especialmente en las provincias de Sumatra Septentrional, Aceh y Sumatra Occidental, en las que viven m\u00e1s de 20 millones de personas.<\/p>\n<p>Testimonios de los afectados relatan c\u00f3mo viviendas y comercios<strong> fueron arrasados por la crecida de los r\u00edos<\/strong>, obligando a familias enteras a improvisar refugios junto a los pocos muros que quedaron en pie. <\/p>\n<p> A pesar de que las inundaciones, vinculadas a las copiosas lluvias provocadas por el monz\u00f3n y<a href=\"https:\/\/www.elconfidencial.com\/mundo\/2025-10-27\/huracan-melissa-danos-sin-precedentes-1qrt_4235890\/\" target=\"_self\" rel=\"nofollow noopener\"> un inusual cicl\u00f3n tropical <\/a>que impact\u00f3 a la isla la semana pasada, han comenzado a ceder en algunas zonas, hay al menos tres subdistritos de la provincia de Aceh, norte de Sumatra, a los que <strong>los rescatistas no han podido acceder.<\/strong><\/p>\n<p>La situaci\u00f3n del desastre ha superado a algunos gobiernos locales que, junto a grupos civiles, han solicitado al Gobierno <strong>la declaraci\u00f3n de desastre nacional,<\/strong> algo que ha sucedido en solo tres ocasiones en las \u00faltimas tres d\u00e9cadas, incluida la pandemia de la covid y <a href=\"https:\/\/www.elconfidencial.com\/alma-corazon-vida\/2025-07-30\/karen-michan-superviviente-tsunami-cuatro-mama-ola_4182977\/\" target=\"_self\" rel=\"nofollow noopener\">el tsunami del oc\u00e9ano \u00cdndico en 2004.<\/a> <\/p>\n<p>              <img decoding=\"async\" class=\"inTextNews__img\" alt=\"Foto: isla-panama-cambio-climatico\" src=\"https:\/\/www.europesays.com\/es\/wp-content\/uploads\/2025\/12\/f.elconfidencial.com\/original\/e7d\/b67\/8fa\/e7db678fa8c9ff42b938ea8406c2d803.jpg\"  \/>     <\/p>\n<p>TE PUEDE INTERESAR<\/p>\n<p>      <a class=\"inTextNews__title\" href=\"https:\/\/www.elconfidencial.com\/mundo\/2024-06-08\/isla-panama-cambio-climatico_3898320\/\" onclick=\"window.ECCO.emit(&#039;amplitude&#039;, { dataEventName: &#039;click_related_article_module&#039;, data: { related_article_url: &#039;https:\/\/www.elconfidencial.com\/mundo\/2024-06-08\/isla-panama-cambio-climatico_3898320\/&#039;, related_article_author: &#039;Alba Sanz&#039;, related_article_section: &#039;mundo&#039; } })\" rel=\"nofollow noopener\" target=\"_blank\"> La isla de Panam\u00e1 que desaparecer\u00e1 por el cambio clim\u00e1tico: \u00abLa vida es pr\u00e1cticamente inviable\u00bb <\/a>   <\/p>\n<p>    Alba Sanz   <\/p>\n<p>&#13;<br \/>\nA Indonesia se suma el conteo de da\u00f1os y v\u00edctimas de Tailandia, donde el agua ha retrocedido en los \u00faltimos d\u00edas, con <strong>un balance actualizado este lunes de 176 muertes<\/strong> y p\u00e9rdidas multimillonarias en varias provincias del sur.<\/p>\n<p>Adem\u00e1s,<strong> sigue aumentando el n\u00famero de afectados por las inundaciones en Sri Lanka<\/strong>, donde las autoridades elevaron hoy a 334 el n\u00famero de fallecimientos confirmados, mientras 337 personas siguen desaparecidas. <\/p>\n<p> Las inundaciones que afectan a <strong>Indonesia, Sri Lanka y Tailandia<\/strong>, por un fuerte temporal de lluvias, dejan este lunes un total de <strong>al menos 1.012 fallecidos<\/strong>, con la isla indonesia de Sumatra como <a href=\"https:\/\/www.elconfidencial.com\/mundo\/2024-11-22\/guerra-refugiados-cambio-climatico_4005606\/\" target=\"_self\" rel=\"nofollow noopener\">la m\u00e1s afectada por el momento.<\/a><\/p>\n<p>Seg\u00fan el \u00faltimo balance de la Agencia Nacional para la Gesti\u00f3n de Desastres (BNPB) de Indonesia, <strong>la cifra de muertes subi\u00f3 de 442 a 502 este lunes<\/strong>, mientras que el total de desaparecidos se increment\u00f3 de <strong>402 a 508<\/strong>, con 2.500 heridos y unos 550.000 evacuados.<\/p>\n<p>Las lluvias, que han ocasionado <a href=\"https:\/\/www.elconfidencial.com\/mundo\/2024-06-08\/isla-panama-cambio-climatico_3898320\/\" target=\"_self\" rel=\"nofollow noopener\">el desbordamiento de r\u00edos y deslizamientos de tierra <\/a>en el archipi\u00e9lago, han afectado <strong>a 1,4 millones de personas, <\/strong>especialmente en las provincias de Sumatra Septentrional, Aceh y Sumatra Occidental, en las que viven m\u00e1s de 20 millones de personas.<\/p>\n<p>Testimonios de los afectados relatan c\u00f3mo viviendas y comercios<strong> fueron arrasados por la crecida de los r\u00edos<\/strong>, obligando a familias enteras a improvisar refugios junto a los pocos muros que quedaron en pie. <\/p>\n","protected":false},"excerpt":{"rendered":"Las inundaciones que afectan a Indonesia, Sri Lanka y Tailandia, por un fuerte temporal de lluvias, dejan este&hellip;\n","protected":false},"author":2,"featured_media":265216,"comment_status":"","ping_status":"","sticky":false,"template":"","format":"standard","meta":{"footnotes":""},"categories":[42],"tags":[17,18,13,14,11,61,62,63,64,19,20,9,10,15,16,12,21,22,65,66,67],"class_list":{"0":"post-265215","1":"post","2":"type-post","3":"status-publish","4":"format-standard","5":"has-post-thumbnail","7":"category-internacional","8":"tag-breaking-news","9":"tag-breakingnews","10":"tag-featured-news","11":"tag-featurednews","12":"tag-headlines","13":"tag-internacional","14":"tag-international","15":"tag-international-news","16":"tag-internationalnews","17":"tag-latest-news","18":"tag-latestnews","19":"tag-news","20":"tag-noticias","21":"tag-noticias-destacadas","22":"tag-noticiasdestacadas","23":"tag-titulares","24":"tag-ultimas-noticias","25":"tag-ultimasnoticias","26":"tag-world","27":"tag-world-news","28":"tag-worldnews"},"share_on_mastodon":{"url":"https:\/\/pubeurope.com\/@es\/115643752790148820","error":""},"_links":{"self":[{"href":"https:\/\/www.europesays.com\/es\/wp-json\/wp\/v2\/posts\/265215","targetHints":{"allow":["GET"]}}],"collection":[{"href":"https:\/\/www.europesays.com\/es\/wp-json\/wp\/v2\/posts"}],"about":[{"href":"https:\/\/www.europesays.com\/es\/wp-json\/wp\/v2\/types\/post"}],"author":[{"embeddable":true,"href":"https:\/\/www.europesays.com\/es\/wp-json\/wp\/v2\/users\/2"}],"replies":[{"embeddable":true,"href":"https:\/\/www.europesays.com\/es\/wp-json\/wp\/v2\/comments?post=265215"}],"version-history":[{"count":0,"href":"https:\/\/www.europesays.com\/es\/wp-json\/wp\/v2\/posts\/265215\/revisions"}],"wp:featuredmedia":[{"embeddable":true,"href":"https:\/\/www.europesays.com\/es\/wp-json\/wp\/v2\/media\/265216"}],"wp:attachment":[{"href":"https:\/\/www.europesays.com\/es\/wp-json\/wp\/v2\/media?parent=265215"}],"wp:term":[{"taxonomy":"category","embeddable":true,"href":"https:\/\/www.europesays.com\/es\/wp-json\/wp\/v2\/categories?post=265215"},{"taxonomy":"post_tag","embeddable":true,"href":"https:\/\/www.europesays.com\/es\/wp-json\/wp\/v2\/tags?post=265215"}],"curies":[{"name":"wp","href":"https:\/\/api.w.org\/{rel}","templated":true}]}}