{"id":265217,"date":"2025-12-01T10:06:09","date_gmt":"2025-12-01T10:06:09","guid":{"rendered":"https:\/\/www.europesays.com\/es\/265217\/"},"modified":"2025-12-01T10:06:09","modified_gmt":"2025-12-01T10:06:09","slug":"santos-cerdan-acude-por-primera-vez-a-firmar-a-los-juzgados-de-tafalla-en-navarra","status":"publish","type":"post","link":"https:\/\/www.europesays.com\/es\/265217\/","title":{"rendered":"Santos Cerd\u00e1n acude por primera vez a firmar a los juzgados de Tafalla, en Navarra"},"content":{"rendered":"<p style=\"\">El exsecretario de Organizaci\u00f3n del Partido Socialista<a href=\"https:\/\/www.abc.es\/noticias\/santos-cerdan-leon\/\" title=\"www.abc.es\" data-voc-vtm-id=\"in-text-traffic\" data-mrf-link=\"www.abc.es\" rel=\"nofollow noopener\" target=\"_blank\"> Santos Cerd\u00e1n<\/a> ha cumplido este lunes por primera vez con su obligaci\u00f3n judicial de <strong>firmar quincenalmente en los juzgados<\/strong>. El exdiputado por Navarra, desde que el juez instructor decidiera levantar la medida cautelar de prisi\u00f3n al  &#8230; entender que ya no exist\u00eda riesgo de destrucci\u00f3n de pruebas y saliera as\u00ed de la c\u00e1rcel madrile\u00f1a de Soto del Real hace diez d\u00edas, ha acudido a los juzgados de Tafalla (Navarra), seg\u00fan confirman a ABC fuentes presenciales.<\/p>\n<p class=\"voc-p\" style=\"\">La primera firma de Cerd\u00e1n se ha producido d\u00edas despu\u00e9s de que, el jueves pasado, entraran en la prisi\u00f3n donde \u00e9l estaba recluido sus presuntos compa\u00f1eros de trama, el exministro Jos\u00e9 Luis \u00c1balos y el exasesor ministerial Koldo Garc\u00eda.<\/p>\n<p class=\"voc-p\" style=\"\">Cerd\u00e1n, se\u00f1alado por la UCO como el presunto cabecilla de una organizaci\u00f3n criminal, espera en su localidad natal de Navarra, Milagro, el final de la instrucci\u00f3n de la causa que le afecta en el Tribunal Supremo y la eventual apertura de juicio. El ex dirigente socialista ha acudido de forma discreta al juzgado m\u00e1s cercano a su domicilio, al que tendr\u00e1 que acudir cada dos semanas, para dar cumplimiento a una de las medidas que le han impuesto a cambio de salir de prisi\u00f3n.<\/p>\n<p>\nSu exn\u00famero dos, en el Senado\n<\/p>\n<p class=\"voc-p\" style=\"\">Este jueves, el Senado interroga esta semana a Juanfran Serrano, antiguo n\u00famero dos de Cerd\u00e1n y actual diputado del PSOE en la <strong>comisi\u00f3n de investigaci\u00f3n centrada en el llamado Caso Koldo<\/strong>, que ya ha extenido m\u00e1s sus tent\u00e1culos.<\/p>\n<p class=\"voc-p\" style=\"\">Serrano acudir\u00e1 en calidad de exsecretario adjunto de Organizaci\u00f3n del PSOE, diputado y exalcalde del municipio jienense de Bedmar y Garc\u00edez y tendr\u00e1 que responder\u00e1 las preguntas de los senadores a partir de las 10.00 horas este 4 de diciembre, seg\u00fan figura en el orden del d\u00eda de la c\u00e1mara.<\/p>\n","protected":false},"excerpt":{"rendered":"El exsecretario de Organizaci\u00f3n del Partido Socialista Santos Cerd\u00e1n ha cumplido este lunes por primera vez con su&hellip;\n","protected":false},"author":2,"featured_media":265218,"comment_status":"","ping_status":"","sticky":false,"template":"","format":"standard","meta":{"footnotes":""},"categories":[8],"tags":[11645,17,18,9594,25,24,13,14,7706,11,735,19,20,708,9,10,15,16,1078,23,601,12,21,22,1079],"class_list":{"0":"post-265217","1":"post","2":"type-post","3":"status-publish","4":"format-standard","5":"has-post-thumbnail","7":"category-espana","8":"tag-acude","9":"tag-breaking-news","10":"tag-breakingnews","11":"tag-cerdan","12":"tag-es","13":"tag-espana","14":"tag-featured-news","15":"tag-featurednews","16":"tag-firmar","17":"tag-headlines","18":"tag-juzgados","19":"tag-latest-news","20":"tag-latestnews","21":"tag-navarra","22":"tag-news","23":"tag-noticias","24":"tag-noticias-destacadas","25":"tag-noticiasdestacadas","26":"tag-primera","27":"tag-spain","28":"tag-tafalla","29":"tag-titulares","30":"tag-ultimas-noticias","31":"tag-ultimasnoticias","32":"tag-vez"},"share_on_mastodon":{"url":"https:\/\/pubeurope.com\/@es\/115643756217393939","error":""},"_links":{"self":[{"href":"https:\/\/www.europesays.com\/es\/wp-json\/wp\/v2\/posts\/265217","targetHints":{"allow":["GET"]}}],"collection":[{"href":"https:\/\/www.europesays.com\/es\/wp-json\/wp\/v2\/posts"}],"about":[{"href":"https:\/\/www.europesays.com\/es\/wp-json\/wp\/v2\/types\/post"}],"author":[{"embeddable":true,"href":"https:\/\/www.europesays.com\/es\/wp-json\/wp\/v2\/users\/2"}],"replies":[{"embeddable":true,"href":"https:\/\/www.europesays.com\/es\/wp-json\/wp\/v2\/comments?post=265217"}],"version-history":[{"count":0,"href":"https:\/\/www.europesays.com\/es\/wp-json\/wp\/v2\/posts\/265217\/revisions"}],"wp:featuredmedia":[{"embeddable":true,"href":"https:\/\/www.europesays.com\/es\/wp-json\/wp\/v2\/media\/265218"}],"wp:attachment":[{"href":"https:\/\/www.europesays.com\/es\/wp-json\/wp\/v2\/media?parent=265217"}],"wp:term":[{"taxonomy":"category","embeddable":true,"href":"https:\/\/www.europesays.com\/es\/wp-json\/wp\/v2\/categories?post=265217"},{"taxonomy":"post_tag","embeddable":true,"href":"https:\/\/www.europesays.com\/es\/wp-json\/wp\/v2\/tags?post=265217"}],"curies":[{"name":"wp","href":"https:\/\/api.w.org\/{rel}","templated":true}]}}