{"id":265219,"date":"2025-12-01T10:12:20","date_gmt":"2025-12-01T10:12:20","guid":{"rendered":"https:\/\/www.europesays.com\/es\/265219\/"},"modified":"2025-12-01T10:12:20","modified_gmt":"2025-12-01T10:12:20","slug":"candelaria-celebra-una-nueva-edicion-de-lo-cool-en-navidad-con-gran-participacion-y-ambiente-familiar-candelaria","status":"publish","type":"post","link":"https:\/\/www.europesays.com\/es\/265219\/","title":{"rendered":"Candelaria celebra una nueva edici\u00f3n de \u201cLo + Cool en Navidad\u201d con gran participaci\u00f3n y ambiente familiar \u2013 Candelaria"},"content":{"rendered":"<p>    <img width=\"1900\" height=\"1267\" src=\"https:\/\/www.europesays.com\/es\/wp-content\/uploads\/2025\/12\/9U1A9236.jpg\" class=\"aligncenter wp-post-image\" alt=\"\" decoding=\"async\" fetchpriority=\"high\"\/>\t\t<\/p>\n<p>El municipio de Candelaria vivi\u00f3 este domingo, 30 de noviembre, una nueva edici\u00f3n de Lo + Cool en Navidad, un evento comercial que volvi\u00f3 a reunir a comercios locales, familias y visitantes en una jornada marcada por el dinamismo, la cercan\u00eda y el esp\u00edritu festivo que caracteriza al municipio en estas fechas.<\/p>\n<p>El Espacio Cultural Cine Viejo acogi\u00f3, desde las 10.00 hasta las 20.00 horas, una feria en la que vecinos y vecinas pudieron disfrutar de ofertas especiales y propuestas de los establecimientos participantes: Deportes Marqu\u00e9s, Sorbo y Cacao, Orellana, Quimera Shop, Natural Optics Rusela Rieu, Zapras, \u00d3ptica Tenerife, Criarte y Bazar de Chiripa. Todos ellos ofrecieron una muestra de la variedad y calidad del comercio local, clave en la econom\u00eda y vida social del municipio.<\/p>\n<p>La alcaldesa de Candelaria, Mari Brito, destac\u00f3 la excelente acogida del evento: \u201cLo + Cool en Navidad demuestra, una vez m\u00e1s, la fortaleza y el encanto de nuestro comercio local. Hemos vivido una jornada en la que familias, comerciantes y visitantes compartieron ilusi\u00f3n y apoyaron a quienes mantienen vivo nuestro municipio durante todo el a\u00f1o. Agradecemos profundamente la participaci\u00f3n de cada comercio y la respuesta del p\u00fablico\u201d.<\/p>\n<p>La jornada estuvo acompa\u00f1ada de un completo programa de actividades infantiles y familiares, con pintacaras, espect\u00e1culos de t\u00edteres, talleres navide\u00f1os y actuaciones musicales encabezadas por el violinista David Delgado, que aport\u00f3 un toque m\u00e1gico al ambiente del d\u00eda. Adem\u00e1s, un animado pasacalles navide\u00f1o con villancicos interpretados por Igonce recorri\u00f3 las inmediaciones, sumando color y m\u00fasica al encuentro.<\/p>\n<p>Por su parte, la concejala de Comercio, Mar\u00eda del Carmen Clemente, subray\u00f3 el compromiso del sector comercial con estas iniciativas: \u201cLos establecimientos participantes han vuelto a volcarse para ofrecer productos, promociones y experiencias que hacen de este evento una cita imprescindible. Gracias a todas las personas que nos acompa\u00f1aron y contribuyeron a crear un ambiente cercano, alegre y muy familiar\u201d.<\/p>\n<p>El Ayuntamiento de Candelaria celebra una edici\u00f3n m\u00e1s de este encuentro, consolidado ya como un referente de dinamizaci\u00f3n comercial en la Navidad del municipio y como un espacio de convivencia para disfrutar, descubrir y apoyar al comercio local, aut\u00e9ntico motor de la vida cotidiana de Candelaria.<\/p>\n","protected":false},"excerpt":{"rendered":"El municipio de Candelaria vivi\u00f3 este domingo, 30 de noviembre, una nueva edici\u00f3n de Lo + Cool en&hellip;\n","protected":false},"author":2,"featured_media":265220,"comment_status":"","ping_status":"","sticky":false,"template":"","format":"standard","meta":{"footnotes":""},"categories":[5],"tags":[17,18,25,24,13,14,11,19,20,9,10,15,16,23,12,21,22],"class_list":{"0":"post-265219","1":"post","2":"type-post","3":"status-publish","4":"format-standard","5":"has-post-thumbnail","7":"category-titulares","8":"tag-breaking-news","9":"tag-breakingnews","10":"tag-es","11":"tag-espana","12":"tag-featured-news","13":"tag-featurednews","14":"tag-headlines","15":"tag-latest-news","16":"tag-latestnews","17":"tag-news","18":"tag-noticias","19":"tag-noticias-destacadas","20":"tag-noticiasdestacadas","21":"tag-spain","22":"tag-titulares","23":"tag-ultimas-noticias","24":"tag-ultimasnoticias"},"share_on_mastodon":{"url":"https:\/\/pubeurope.com\/@es\/115643780272165233","error":""},"_links":{"self":[{"href":"https:\/\/www.europesays.com\/es\/wp-json\/wp\/v2\/posts\/265219","targetHints":{"allow":["GET"]}}],"collection":[{"href":"https:\/\/www.europesays.com\/es\/wp-json\/wp\/v2\/posts"}],"about":[{"href":"https:\/\/www.europesays.com\/es\/wp-json\/wp\/v2\/types\/post"}],"author":[{"embeddable":true,"href":"https:\/\/www.europesays.com\/es\/wp-json\/wp\/v2\/users\/2"}],"replies":[{"embeddable":true,"href":"https:\/\/www.europesays.com\/es\/wp-json\/wp\/v2\/comments?post=265219"}],"version-history":[{"count":0,"href":"https:\/\/www.europesays.com\/es\/wp-json\/wp\/v2\/posts\/265219\/revisions"}],"wp:featuredmedia":[{"embeddable":true,"href":"https:\/\/www.europesays.com\/es\/wp-json\/wp\/v2\/media\/265220"}],"wp:attachment":[{"href":"https:\/\/www.europesays.com\/es\/wp-json\/wp\/v2\/media?parent=265219"}],"wp:term":[{"taxonomy":"category","embeddable":true,"href":"https:\/\/www.europesays.com\/es\/wp-json\/wp\/v2\/categories?post=265219"},{"taxonomy":"post_tag","embeddable":true,"href":"https:\/\/www.europesays.com\/es\/wp-json\/wp\/v2\/tags?post=265219"}],"curies":[{"name":"wp","href":"https:\/\/api.w.org\/{rel}","templated":true}]}}