{"id":265225,"date":"2025-12-01T10:19:10","date_gmt":"2025-12-01T10:19:10","guid":{"rendered":"https:\/\/www.europesays.com\/es\/265225\/"},"modified":"2025-12-01T10:19:10","modified_gmt":"2025-12-01T10:19:10","slug":"el-martirio-del-capitan-baskonista","status":"publish","type":"post","link":"https:\/\/www.europesays.com\/es\/265225\/","title":{"rendered":"El martirio del capit\u00e1n baskonista"},"content":{"rendered":"<p>Tadas Sedekerskis es un capit\u00e1n sumido en la incomodidad y el dolor en una temporada compleja. El lituano sigue siendo el rostro distintivo de un  &#8230; <a href=\"https:\/\/www.elcorreo.com\/baskonia\/\" target=\"_blank\" data-voc-vtm-id=\"in-text-traffic\" title=\"Baskonia\" data-mrf-link=\"www.elcorreo.com\" rel=\"nofollow noopener\">Baskonia<\/a> que el verano pasado cambi\u00f3 de entrenador y remoz\u00f3 media plantilla, pero apenas puede disimular un desasosiego al que no termina de dar esquinazo. Entre los bandazos de resultados y su situaci\u00f3n individual, es un l\u00edder de vestuario preocupado. Del Eurobasket celebrado el pasado verano se trajo una lesi\u00f3n de tobillo que, dos meses despu\u00e9s, le sigue generando molestias m\u00e1s o menos agudas. Al no tratarse de una dolencia que haya producido una baja de m\u00e1s de un partido, tampoco hay parte m\u00e9dico oficial emitido desde las oficinas de Zurbano. Sin embargo, sigue siendo un foco de preocupaci\u00f3n en el seno del club azulgrana. Y del propio jugador b\u00e1ltico, cuyo umbral del dolor es alto, pero hasta un cierto l\u00edmite.\u2006 \u2006 <\/p>\n<p class=\"v-p\">El par\u00f3n que imponen las &#8216;ventanas FIBA&#8217; ha podido venir bien para que Sedekerskis guarde descanso y deje de verse martirizado por su tobillo. Sin embargo, el trasiego vivido en dos meses de partidos sin tregua tambi\u00e9n pasa factura. De hecho, desde la entidad azulgrana tampoco se descarta la opci\u00f3n de que el capit\u00e1n pare durante un per\u00edodo breve con el fin de prevenir males m\u00e1s graves. El problema es que el calendario actual hace que cualquier ausencia, por corta que sea, se produzca a costa de perderse un buen pu\u00f1ado de partidos.<\/p>\n<p class=\"v-p\">Por otra parte, tampoco el Baskonia ha logrado &#8216;comprar&#8217; cierto margen de calma clasificatoria en la Euroliga ni en la Liga ACB despu\u00e9s de 21 partidos oficiales disputados. En el torneo continental, es decimos\u00e9ptimo con un balance de 4-9 y a tres cuerpos de la zona de play in. En la competici\u00f3n dom\u00e9stica, un 4-4 otorga a los vitorianos el octavo puesto en la tabla y la recomendaci\u00f3n de no ceder terreno en la pelea por alcanzar la Copa del Rey. En semejantes circunstancias, Paolo Galbiati necesita a todos los efectivos posibles. <\/p>\n<p class=\"v-cmp-fgn__t\">\n9<br \/>\nMinutos\n<\/p>\n<p class=\"v-p\">Tiempo que jug\u00f3 Sedekerskis en el duelo ante el Zalgiris, lejos de sus cifras habituales.protagonismo.<\/p>\n<p class=\"v-p\">Porque tampoco la configuraci\u00f3n actual de la plantilla azulgrana da para muchos relevos en caso de bajas m\u00e1s o menos largas. El t\u00e9cnico italiano espera el cercano retorno de Trent Forrest, aunque todav\u00eda no tiene una fecha de vuelta clara. Al menos, se trat\u00f3 de un percance que fue mitigado por la contrataci\u00f3n temporal de Kobi Simmons, que propicia una superpoblaci\u00f3n de jugadores en la posici\u00f3n de base. Sin embargo, la ruptura de Luka Samanic se remonta a m\u00e1s de un mes en el calendario y la entidad de Zurbano sigue sin encontrar en el mercado un sustituto que apuntale el puesto de &#8216;cinco&#8217;. Mientras, Khalifa Diop y Mamadi Diakite se reparten las responsabilidades como p\u00edvots, aunque los minutos en el puesto tambi\u00e9n se cubren con Tadas Sedekerskis y Rodions Kurucs.<\/p>\n<p class=\"v-p\">De hecho, Galbiati ha mantenido como alternativa de pareja interior a los dos jugadores b\u00e1lticos en algunos momentos de partido, sin prejuicio de que su uso sea a costa de perder cent\u00edmetros y presencia f\u00edsica. Para el canterano azulgrana, el papel de &#8216;hombre para todo&#8217; no le es ajeno. A pesar de los altibajos, esta temporada vuelve a encontrarse entre los baloncestistas m\u00e1s utilizados. En este momento, s\u00f3lo le supera en promedio de minutos en cancha Timoth\u00e9 Luwawu-Cabarrot. Sedekerskis disputa casi 27 minutos por encuentro en la Euroliga, aunque son sintom\u00e1ticos sus 19 minutos por choque de Liga ACB, competici\u00f3n donde Galbiati parece darle cierto respiro y en la que tan s\u00f3lo se perdi\u00f3 el duelo inaugural en la cancha del Casademont Zaragoza.<\/p>\n<p>\nS\u00f3lo Cabarrot (25 minutos) supera al canterano azulgrana (22 minutos) en presencia cancha\n<\/p>\n<p class=\"v-p\">En el resto de citas, tanto dom\u00e9sticas como continentales, el canterano azulgrana siempre ha estado disponible. Sin embargo, en el \u00faltimo encuentro disputado en Kaunas, vio reducido su protagonismo de forma significativa y se qued\u00f3 en 9 minutos disputados, una cuota ins\u00f3lita para un jugador habituado a estar siempre por encima de los 20 minutos de juego. Se fue al banquillo a tres minutos y medio del final del tercer cuarto con 48-52 en el marcador para dejar su puesto a Kurucs. Ya no volver\u00eda a la acci\u00f3n sobre el parqu\u00e9 del Zalgirio Arena. Ni cuando el Zalgiris consum\u00f3 su remontada ni durante un \u00faltimo cuarto en el que el Baskonia qued\u00f3 anulado de manera definitiva. <\/p>\n<p class=\"v-p\">Fue el momento m\u00e1s bajo del capit\u00e1n azulgrana en lo que va de una temporada en la que tambi\u00e9n se ve obligado a reajustarse en los esquemas de Paolo Galbiati. El t\u00e9cnico lombardo tampoco considera intocable a un Sedekerskis al que en ocasiones saca del quinteto inicial y al que tambi\u00e9n ha descartado en m\u00e1s de un choque a la hora de jugar los minutos finales. <\/p>\n","protected":false},"excerpt":{"rendered":"Tadas Sedekerskis es un capit\u00e1n sumido en la incomodidad y el dolor en una temporada compleja. El lituano&hellip;\n","protected":false},"author":2,"featured_media":265226,"comment_status":"","ping_status":"","sticky":false,"template":"","format":"standard","meta":{"footnotes":""},"categories":[269],"tags":[299,298,8234,8898,168,25,24,63007,23,167],"class_list":{"0":"post-265225","1":"post","2":"type-post","3":"status-publish","4":"format-standard","5":"has-post-thumbnail","7":"category-baloncesto","8":"tag-baloncesto","9":"tag-basketball","10":"tag-baskonista","11":"tag-capitan","12":"tag-deportes","13":"tag-es","14":"tag-espana","15":"tag-martirio","16":"tag-spain","17":"tag-sports"},"share_on_mastodon":{"url":"https:\/\/pubeurope.com\/@es\/115643807487700082","error":""},"_links":{"self":[{"href":"https:\/\/www.europesays.com\/es\/wp-json\/wp\/v2\/posts\/265225","targetHints":{"allow":["GET"]}}],"collection":[{"href":"https:\/\/www.europesays.com\/es\/wp-json\/wp\/v2\/posts"}],"about":[{"href":"https:\/\/www.europesays.com\/es\/wp-json\/wp\/v2\/types\/post"}],"author":[{"embeddable":true,"href":"https:\/\/www.europesays.com\/es\/wp-json\/wp\/v2\/users\/2"}],"replies":[{"embeddable":true,"href":"https:\/\/www.europesays.com\/es\/wp-json\/wp\/v2\/comments?post=265225"}],"version-history":[{"count":0,"href":"https:\/\/www.europesays.com\/es\/wp-json\/wp\/v2\/posts\/265225\/revisions"}],"wp:featuredmedia":[{"embeddable":true,"href":"https:\/\/www.europesays.com\/es\/wp-json\/wp\/v2\/media\/265226"}],"wp:attachment":[{"href":"https:\/\/www.europesays.com\/es\/wp-json\/wp\/v2\/media?parent=265225"}],"wp:term":[{"taxonomy":"category","embeddable":true,"href":"https:\/\/www.europesays.com\/es\/wp-json\/wp\/v2\/categories?post=265225"},{"taxonomy":"post_tag","embeddable":true,"href":"https:\/\/www.europesays.com\/es\/wp-json\/wp\/v2\/tags?post=265225"}],"curies":[{"name":"wp","href":"https:\/\/api.w.org\/{rel}","templated":true}]}}