{"id":265243,"date":"2025-12-01T10:31:11","date_gmt":"2025-12-01T10:31:11","guid":{"rendered":"https:\/\/www.europesays.com\/es\/265243\/"},"modified":"2025-12-01T10:31:11","modified_gmt":"2025-12-01T10:31:11","slug":"los-precios-del-petroleo-suben-mas-de-1-mientras-la-opep-reafirma-la-pausa-y-aumentan-los-riesgos-de-suministro-mx-advfn-com","status":"publish","type":"post","link":"https:\/\/www.europesays.com\/es\/265243\/","title":{"rendered":"Los precios del petr\u00f3leo suben m\u00e1s de 1% mientras la OPEP+ reafirma la pausa y aumentan los riesgos de suministro &#8211; mx.advfn.com"},"content":{"rendered":"<ol>\n<li><a href=\"https:\/\/news.google.com\/rss\/articles\/CBMi-AFBVV95cUxOUWpWRkpuLTd4VkQwSzNZdkFUN3ZSOWN2UWR5dDM4dy03S1RuekZXeDFzTUNtcXdPOFlRaDFFSjV1MFhqbUc0S2dHWWlkMHd4OUtvMFFNWmRqbjdDSDJCQjBaM3I4bmNIUHBndGhEX3djZ2M4U0ZvaUlnekVScUVGTEMtUi1sRk0wRUxoem5veEVBMVNIVVhhaDZzSi1EWkFhSkYtSnRqcUkxcks5QVRrenJHamxzeFIwQTJwanUwOUg4MHIyYllISF81Nlhvd3lQTkY2Q2xqYmhqbzJlODhGaGducXNrRGgzdjdqNE1KbnV3X0FodzVjUQ?oc=5\" target=\"_blank\" rel=\"nofollow noopener\">Los precios del petr\u00f3leo suben m\u00e1s de 1% mientras la OPEP+ reafirma la pausa y aumentan los riesgos de suministro<\/a>&nbsp;&nbsp;mx.advfn.com<\/li>\n<li><a href=\"https:\/\/news.google.com\/rss\/articles\/CBMimgFBVV95cUxONm5KSnZoTVZuWnFwb3Z5Q2MtU050VjRyLVFDUHdlRlY2WnRTQ0Rpd3hhLWp4bEtIYjBKdmJ1c1JjeXNLUmpybmJoSzNydUE2X3V2TlpfNWdRc09LQXpRV1I4NDNpdmtBRkRFTldRc185Y01XQTJyaTlFZHRuTnRSVlVxLVhGQ25TRERjME9uNlV2Uml4R1llWGZn?oc=5\" target=\"_blank\" rel=\"nofollow noopener\">La OPEP+ mantiene sin cambios su oferta de petr\u00f3leo<\/a>&nbsp;&nbsp;EL PA\u00cdS<\/li>\n<li><a href=\"https:\/\/news.google.com\/rss\/articles\/CBMiyAFBVV95cUxOVllEZjJaMFJyQjk4eTFQMFVKV1ZhSkIxSkdmcUR6M204Y2FwSFB2YlBzVjItODBFNzdxSnFIVDU2d3VXZ2lSZ285cU14elVlVjE4NTUyYlpqR3JkUWF6Zm9CT05kODNxYklhX3RmUXQ3WHEwTGhsVEx1S0FONVNVZzhuV3dfQ082ZE9wMFhlT3VtcmVkeHExS1VaTXJvZFdDYV9uX25FWlR1dVpvc3owS0x5MTVPYzE5dURvOWFmRUtaaEpzLW5Mcg?oc=5\" target=\"_blank\" rel=\"nofollow noopener\">Los precios del petr\u00f3leo suben m\u00e1s de un 1% tras la reafirmaci\u00f3n de la OPEC+<\/a>&nbsp;&nbsp;Investing.com Espa\u00f1ol<\/li>\n<li><a href=\"https:\/\/news.google.com\/rss\/articles\/CBMitwFBVV95cUxPaFRuQjNjdUkwVmpDT2FXMWZTTWVPNHkxaERjd2hObXNBLTh0d0xDNXVNSXQ3WGlUUURmWGFyVklQcGlaSm9wdXZ0M2NtbEZxbFRtUzJRNjBueFctc3A1WVUzMnNGNjJFblBVOHMzZVJSVlR2d0JFQWlPamZ5ZWRLTlR0bXpMRlZYMmdGb0hNTUxwdEVIMmY1c1VtMTlFZ2o0OWotNlRjazlpRUlzeXZlUlRqeEMzWVnSAbwBQVVfeXFMTXpPX2ljZ2lSMEFpZkgzSXJTQmk2ckVfcW1HLTJneC1YZEZnQm4yY1NNSTg5MUpfbmpub3NIeXgyWWlKV1JaaUFrYTRndUFrbDRiNk9jc01vWDZKaEJEZjIyNGFEM001dVZWV3FpU2xMY0NCYUVkaE1kLVZGeUpPT0dMbVdVS3liUlY0SWI4Yl9BOGZ1YUdtdUtDdEl4aVBValBUekNZaTNjaUxKZ2hsdmEzZ2hTU1RKTllCRVE?oc=5\" target=\"_blank\" rel=\"nofollow noopener\">El precio del petr\u00f3leo sube el 2% tras estancar la producci\u00f3n Rusia y Arabia y la tensi\u00f3n en Venezuela<\/a>&nbsp;&nbsp;OkDiario<\/li>\n<li><a href=\"https:\/\/news.google.com\/rss\/articles\/CBMijwFBVV95cUxPR3NmckkwLWFHeUlkQlNrRTZTbEdXVFJVTldnSFkxM2xvcXg0bjhpeTRfbzNkSFh6X3E0anNkQllJbDhjeDJzUVQ0aTlGUVZHNnJZX0VDNm1sdFhNNWVtcHlfQTdPb1BLS0xfcHdoZ0RGeFNLRVd2RlZYN1ZMdV9DUUdUYU1TXzVsQUJxU0gyQQ?oc=5\" target=\"_blank\" rel=\"nofollow noopener\">OPEP+ acuerda mantener pausa en alzas de producci\u00f3n de petr\u00f3leo para el primer trimestre: fuentes<\/a>&nbsp;&nbsp;Yahoo<\/li>\n<\/ol>\n","protected":false},"excerpt":{"rendered":"Los precios del petr\u00f3leo suben m\u00e1s de 1% mientras la OPEP+ reafirma la pausa y aumentan los riesgos&hellip;\n","protected":false},"author":2,"featured_media":248356,"comment_status":"","ping_status":"","sticky":false,"template":"","format":"standard","meta":{"footnotes":""},"categories":[80],"tags":[82,95,94,25,24,23],"class_list":{"0":"post-265243","1":"post","2":"type-post","3":"status-publish","4":"format-standard","5":"has-post-thumbnail","7":"category-economia","8":"tag-business","9":"tag-economia","10":"tag-economy","11":"tag-es","12":"tag-espana","13":"tag-spain"},"share_on_mastodon":{"url":"","error":""},"_links":{"self":[{"href":"https:\/\/www.europesays.com\/es\/wp-json\/wp\/v2\/posts\/265243","targetHints":{"allow":["GET"]}}],"collection":[{"href":"https:\/\/www.europesays.com\/es\/wp-json\/wp\/v2\/posts"}],"about":[{"href":"https:\/\/www.europesays.com\/es\/wp-json\/wp\/v2\/types\/post"}],"author":[{"embeddable":true,"href":"https:\/\/www.europesays.com\/es\/wp-json\/wp\/v2\/users\/2"}],"replies":[{"embeddable":true,"href":"https:\/\/www.europesays.com\/es\/wp-json\/wp\/v2\/comments?post=265243"}],"version-history":[{"count":0,"href":"https:\/\/www.europesays.com\/es\/wp-json\/wp\/v2\/posts\/265243\/revisions"}],"wp:featuredmedia":[{"embeddable":true,"href":"https:\/\/www.europesays.com\/es\/wp-json\/wp\/v2\/media\/248356"}],"wp:attachment":[{"href":"https:\/\/www.europesays.com\/es\/wp-json\/wp\/v2\/media?parent=265243"}],"wp:term":[{"taxonomy":"category","embeddable":true,"href":"https:\/\/www.europesays.com\/es\/wp-json\/wp\/v2\/categories?post=265243"},{"taxonomy":"post_tag","embeddable":true,"href":"https:\/\/www.europesays.com\/es\/wp-json\/wp\/v2\/tags?post=265243"}],"curies":[{"name":"wp","href":"https:\/\/api.w.org\/{rel}","templated":true}]}}