{"id":265280,"date":"2025-12-01T10:57:12","date_gmt":"2025-12-01T10:57:12","guid":{"rendered":"https:\/\/www.europesays.com\/es\/265280\/"},"modified":"2025-12-01T10:57:12","modified_gmt":"2025-12-01T10:57:12","slug":"dia-mundial-del-sida-mejor-calidad-de-vida-pero-persiste-el-estigma","status":"publish","type":"post","link":"https:\/\/www.europesays.com\/es\/265280\/","title":{"rendered":"D\u00eda Mundial del Sida: mejor calidad de vida, pero persiste el estigma"},"content":{"rendered":"<p>En el D\u00eda Mundial del Sida, tenemos que alegrarnos del control de casos y la mejor calidad de vida, pero lamentamos que persistan los estigmas sociales<\/p>\n<p>El D\u00eda Mundial del Sida es una jornada de reivindicaci\u00f3n y llamada a la acci\u00f3n, enfocado en la inclusi\u00f3n. En \u00e9l, queremos enfocarnos\u00a0en la construcci\u00f3n de espacios inclusivos y libres de discriminaci\u00f3n y violencias para las personas que viven con VIH o sida.<\/p>\n<p>El sida, s\u00edndrome de inmunodeficiencia adquirida, es un estado avanzado de la infecci\u00f3n causada por el Virus de la Inmunodeficiencia Humana (VIH). En este estado, provoca la destrucci\u00f3n progresiva del sistema inmunitario.<\/p>\n<p>Seg\u00fan los <a href=\"https:\/\/www.sanidad.gob.es\/ciudadanos\/enfLesiones\/enfTransmisibles\/sida\/vigilancia\/docs\/Informe_VIH_SIDA_2024_Nov_2025.pdf\" target=\"_blank\" rel=\"noopener nofollow\">datos de Vigilancia Epidemiol\u00f3gica del VIH y SIDA en Espa\u00f1a de 2024<\/a>, elaborado por el Ministerio de Sanidad, los casos de VIH y de sida se han mantenido a la baja; sin embargo, debemos seguir trabajando en la prevenci\u00f3n y en el diagn\u00f3stico oportuno.<\/p>\n<p>Nuevos diagn\u00f3sticos de VIH<\/p>\n<p>En 2024, se notificaron en Espa\u00f1a 3.340 nuevos diagn\u00f3sticos de VIH. Esto supone una tasa de 6,95 por cada 100.000 habitantes. No obstante, el Ministerio reconoce que hay un retraso en la notificaci\u00f3n de diagn\u00f3sticos, lo cual hace que, una vez que se haya completado dicha notificaci\u00f3n, la tasa alcance los 7,44 casos por cada 100.000 habitantes.<\/p>\n<p>Este dato es superior a la media Europea. En ello, puede influir un mejor acceso diagn\u00f3stico. En\u00a0nuestro pa\u00eds, la prueba del VIH es gratuita y confidencial. Y, a pesar de ello, en el 51,1 % de las personas infectadas en 2024 estamos ante un diagn\u00f3stico tard\u00edo.<\/p>\n<p>Registro nacional de casos de sida<\/p>\n<p>Portar el VIH no es sin\u00f3nimo autom\u00e1tico de padecer sida. Aun as\u00ed, en 2024 se notificaron 412 casos diagnosticados del s\u00edndrome, lo cual supone una tasa de 0,93 casos por cada 100.000 habitantes. Desde el inicio de la epidemia de sida hasta el 30 de junio de 2025, en Espa\u00f1a se han registrado un total de 90.669 casos.<\/p>\n<p>Se destaca la relevancia de la reducci\u00f3n de nuevos casos de sida, que demuestra resultados positivos del tratamiento antirretroviral implantado en Espa\u00f1a desde hace m\u00e1s de dos d\u00e9cadas.<\/p>\n<p>El estigma del sida<\/p>\n<p>Como podemos apreciar, los casos de VIH y de sida en Espa\u00f1a se encuentran dentro de los par\u00e1metros de normalidad a nivel mundial. Sin embargo, es importante hablar de la estigmatizaci\u00f3n y de la discriminaci\u00f3n que aun a d\u00eda de hoy siguen sufriendo muchas de las personas con VIH o sida.<\/p>\n<p>En este sentido, es importante se\u00f1alar que, en julio de 2025, se derog\u00f3 la Orden de junio de 1987 que imped\u00eda a las personas con VIH donar sus \u00f3rganos. Es decir, a partir de este a\u00f1o las personas con VIH pueden donar sus \u00f3rganos a otras personas con VIH. La eliminaci\u00f3n de la Orden de 1987 contribuye a ampliar la disponibilidad de realizar trasplantes y, adem\u00e1s, elimina normativa que estigmatiza y discrimina a las personas con VIH.<\/p>\n<p>Las personas que conviven con el virus viven con una condici\u00f3n de salud espec\u00edfica. Por suerte, cada vez m\u00e1s controlada. Pero, adem\u00e1s, se enfrentan a dificultades a\u00f1adidas que se identifican con la discriminaci\u00f3n y la estigmatizaci\u00f3n que el virus tiene asociada. Esta discriminaci\u00f3n se manifiesta de diversas formas y les impone dificultades a\u00f1adidas a sus proyectos de vida.<\/p>\n<p>Trabajar con VIH<\/p>\n<p>En muchos casos, las personas que viven con VIH se ven obligadas a rebelar que tienen VIH en el entorno laboral, o bien tener VIH se convierte en una barrera para el acceso al empleo. Son situaciones inaceptables y que van en contra del trabajo decente y las recomendaciones que la OIT ha hecho en la materia. Adem\u00e1s, no solo las pol\u00edticas empresariales pueden estigmatizar y socavar la dignidad y derechos de las personas que viven con VIH o sida, sino tambi\u00e9n las pr\u00e1cticas sociales y el trato con las y los compa\u00f1eros de trabajo. En muchas ocasiones, solo por el estigma asociado al VIH, no quieren compartir un espacio de trabajo con ellos.<\/p>\n<p>Por todo esto, debemos trabajar en desmontar estos estigmas que sufren las personas con VIH. Necesitamos crear espacios de trabajo dignos e inclusivos. El rechazo continuado ocasiona estr\u00e9s psicosocial, coerci\u00f3n, violencia, p\u00e9rdida de trabajo y exclusi\u00f3n social en las personas con VIH. Es por ello que, en la meta de ONUSIDA para 2030, se ha incluido un indicador m\u00e1s, el cero estigma, que permitir\u00e1, en conjunto con la meta 95 95 95, (95 % de la poblaci\u00f3n diagnosticada, de la que el 95 % acceda a un tratamiento antirretroviral y un 95 % de esta tenga una carga viral indetectable) mejore la calidad de vida de la poblaci\u00f3n con VIH y se garanticen sus derechos.<\/p>\n<p>Desde USO, condenamos cualquier tipo de discriminaci\u00f3n contra las personas que viven con VIH o sida y trabajamos todos los d\u00edas para crear espacios de trabajo inclusivos en los que se protejan los derechos de todas las personas trabajadoras.<\/p>\n","protected":false},"excerpt":{"rendered":"En el D\u00eda Mundial del Sida, tenemos que alegrarnos del control de casos y la mejor calidad de&hellip;\n","protected":false},"author":2,"featured_media":265281,"comment_status":"","ping_status":"","sticky":false,"template":"","format":"standard","meta":{"footnotes":""},"categories":[5],"tags":[17,18,4901,25,24,13,14,11,2178,19,20,9,10,15,16,60433,23,12,21,22],"class_list":{"0":"post-265280","1":"post","2":"type-post","3":"status-publish","4":"format-standard","5":"has-post-thumbnail","7":"category-titulares","8":"tag-breaking-news","9":"tag-breakingnews","10":"tag-discriminacion","11":"tag-es","12":"tag-espana","13":"tag-featured-news","14":"tag-featurednews","15":"tag-headlines","16":"tag-igualdad","17":"tag-latest-news","18":"tag-latestnews","19":"tag-news","20":"tag-noticias","21":"tag-noticias-destacadas","22":"tag-noticiasdestacadas","23":"tag-salud-laboral","24":"tag-spain","25":"tag-titulares","26":"tag-ultimas-noticias","27":"tag-ultimasnoticias"},"share_on_mastodon":{"url":"https:\/\/pubeurope.com\/@es\/115643956795103763","error":""},"_links":{"self":[{"href":"https:\/\/www.europesays.com\/es\/wp-json\/wp\/v2\/posts\/265280","targetHints":{"allow":["GET"]}}],"collection":[{"href":"https:\/\/www.europesays.com\/es\/wp-json\/wp\/v2\/posts"}],"about":[{"href":"https:\/\/www.europesays.com\/es\/wp-json\/wp\/v2\/types\/post"}],"author":[{"embeddable":true,"href":"https:\/\/www.europesays.com\/es\/wp-json\/wp\/v2\/users\/2"}],"replies":[{"embeddable":true,"href":"https:\/\/www.europesays.com\/es\/wp-json\/wp\/v2\/comments?post=265280"}],"version-history":[{"count":0,"href":"https:\/\/www.europesays.com\/es\/wp-json\/wp\/v2\/posts\/265280\/revisions"}],"wp:featuredmedia":[{"embeddable":true,"href":"https:\/\/www.europesays.com\/es\/wp-json\/wp\/v2\/media\/265281"}],"wp:attachment":[{"href":"https:\/\/www.europesays.com\/es\/wp-json\/wp\/v2\/media?parent=265280"}],"wp:term":[{"taxonomy":"category","embeddable":true,"href":"https:\/\/www.europesays.com\/es\/wp-json\/wp\/v2\/categories?post=265280"},{"taxonomy":"post_tag","embeddable":true,"href":"https:\/\/www.europesays.com\/es\/wp-json\/wp\/v2\/tags?post=265280"}],"curies":[{"name":"wp","href":"https:\/\/api.w.org\/{rel}","templated":true}]}}