{"id":265311,"date":"2025-12-01T11:19:10","date_gmt":"2025-12-01T11:19:10","guid":{"rendered":"https:\/\/www.europesays.com\/es\/265311\/"},"modified":"2025-12-01T11:19:10","modified_gmt":"2025-12-01T11:19:10","slug":"la-generalitat-apunta-a-un-bocadillo-de-embutido-contaminado-como-origen-de-la-peste-porcina-africana","status":"publish","type":"post","link":"https:\/\/www.europesays.com\/es\/265311\/","title":{"rendered":"La Generalitat apunta a un bocadillo de embutido contaminado como origen de la peste porcina africana"},"content":{"rendered":"<p>Catalu\u00f1a est\u00e1 en alerta por un brote de <a href=\"https:\/\/www.laverdad.es\/economia\/hallan-ocho-jabalies-muertos-zona-brote-peste-20251130122252-ntrc.html\" target=\"_blank\" data-voc-vtm-id=\"in-text-traffic\" title=\"peste porcina africana\" rel=\"nofollow noopener\">peste porcina africana<\/a>, la primera en tres d\u00e9cadas. El foco est\u00e1 puesto en la monta\u00f1a de  &#8230; Collserola, que bordea Barcelona y varios municipios de su \u00e1rea metropolitana y que cuenta con una numerosa poblaci\u00f3n de jabal\u00edes. El brote no afecta a los humanos ni a otras especies animales, pero s\u00ed es muy contagioso y en la familia de los puercos tiene unas tasas de mortalidad pr\u00f3ximas al 90%. De ah\u00ed que el peligro est\u00e9 en la posibilidad de que &#8216;salte&#8217; a las granjas del sector porcino, muy relevante para la econom\u00eda catalana y espa\u00f1ola. <\/p>\n<p class=\"v-p\">Para intentar controlar el brote, el Govern pidi\u00f3 ayer ayuda a la UME del Ej\u00e9rcito. Fuentes del organismo ha confirmado este lunes que en torno a 80 militares han llegado a Barcelona para colaborar en las labores de control del brote. El consejero de Agricultura de la Generalitat, \u00d2scar Ordeig, ha apuntado a comida contaminada como posible origen del brote. Puede ser un bocadillo con embutido en mal estado que los animales hayan cogido de una basura o cualquier otro alimento que alguno de los animales afectados haya podido comer de los contenedores. <\/p>\n<p class=\"v-p\">Ordeig ha confirmado ocho casos de <a href=\"https:\/\/www.laverdad.es\/salud\/detectados-cuatro-nuevos-casos-peste-porcina-africana-20251129105142-ntrc.html\" target=\"_blank\" data-voc-vtm-id=\"in-text-traffic\" title=\"animales muertos\" rel=\"nofollow noopener\">animales muertos<\/a> sospechosos de haber sido infectados por la peste porcina africana y ha se\u00f1alado que \u00abseguramente\u00bb saldr\u00e1n m\u00e1s en las pr\u00f3ximas horas. Una cuarentena de animales han aparecido muertos estos d\u00edas, sobre todo en el entorno de Cerdanyola del Vall\u00e8s (Barcelona). <\/p>\n<p class=\"v-p\">Catalu\u00f1a est\u00e1 en alerta sanitaria y el acceso de la ciudadan\u00eda a la zona afectada est\u00e1 restringido, bajo amenaza de sanci\u00f3n. El consejero ha hablado en Catalunya R\u00e0dio de plaga de jabal\u00edes en la zona monta\u00f1osa de Barcelona y se ha mostrado partidario de reducir la poblaci\u00f3n de animales de manera significativa.<\/p>\n<p>Controlar el c\u00edrculo<\/p>\n<p class=\"v-p\">La operaci\u00f3n, que trata de reducir al m\u00e1ximo el n\u00famero de animales enfermos que est\u00e1n en libertad y de retirar los restos contaminados tirados o esparcidos por la zona, se instalar\u00e1n trampas y, adem\u00e1s, se usar\u00e1n repelentes y vallas para que los animales no se trasladen a otras \u00e1reas lim\u00edtrofes.<\/p>\n<p class=\"v-p\">La captura de jabal\u00edes vivos, la recuperaci\u00f3n de otros posibles cad\u00e1veres y el cerco de para evitar que el resto de puercos silvestres salgan del foco de la infecci\u00f3n forman parte del plan puesto en marcha el s\u00e1bado para tratar de aislar y encapsular el brote en un per\u00edmetro de 20 kil\u00f3metros a la redonda. <\/p>\n<p class=\"v-p\">En esta \u00e1rea de riesgo se ha prohibido el acceso de no residentes a los bosques y parajes naturales y de toda clase de actividad no indispensable, entre ellas la caza y las actividades de ocio, al tiempo que se est\u00e1n vallando y cercando las zonas por las que podr\u00edan huir los jabal\u00edes y se ha aislado y puesto en cuarentena a las 39 granjas de cerdos comunes que hay en la zona. <\/p>\n<p class=\"v-p\">La buena noticia es que, hasta hoy, todas estas explotaciones han sido inspeccionadas y sus animales analizados y est\u00e1n totalmente libres de la presencia de peste porcina.<\/p>\n","protected":false},"excerpt":{"rendered":"Catalu\u00f1a est\u00e1 en alerta por un brote de peste porcina africana, la primera en tres d\u00e9cadas. El foco&hellip;\n","protected":false},"author":2,"featured_media":265312,"comment_status":"","ping_status":"","sticky":false,"template":"","format":"standard","meta":{"footnotes":""},"categories":[8],"tags":[65759,384,210,22126,17,18,9403,65758,25,24,13,14,2010,11,19,20,9,10,15,16,3338,54096,54097,23,12,21,22],"class_list":{"0":"post-265311","1":"post","2":"type-post","3":"status-publish","4":"format-standard","5":"has-post-thumbnail","7":"category-espana","8":"tag-africana","9":"tag-apunta","10":"tag-barcelona","11":"tag-bocadillo","12":"tag-breaking-news","13":"tag-breakingnews","14":"tag-contaminado","15":"tag-embutido","16":"tag-es","17":"tag-espana","18":"tag-featured-news","19":"tag-featurednews","20":"tag-generalitat","21":"tag-headlines","22":"tag-latest-news","23":"tag-latestnews","24":"tag-news","25":"tag-noticias","26":"tag-noticias-destacadas","27":"tag-noticiasdestacadas","28":"tag-origen","29":"tag-peste","30":"tag-porcina","31":"tag-spain","32":"tag-titulares","33":"tag-ultimas-noticias","34":"tag-ultimasnoticias"},"share_on_mastodon":{"url":"https:\/\/pubeurope.com\/@es\/115644043504615071","error":""},"_links":{"self":[{"href":"https:\/\/www.europesays.com\/es\/wp-json\/wp\/v2\/posts\/265311","targetHints":{"allow":["GET"]}}],"collection":[{"href":"https:\/\/www.europesays.com\/es\/wp-json\/wp\/v2\/posts"}],"about":[{"href":"https:\/\/www.europesays.com\/es\/wp-json\/wp\/v2\/types\/post"}],"author":[{"embeddable":true,"href":"https:\/\/www.europesays.com\/es\/wp-json\/wp\/v2\/users\/2"}],"replies":[{"embeddable":true,"href":"https:\/\/www.europesays.com\/es\/wp-json\/wp\/v2\/comments?post=265311"}],"version-history":[{"count":0,"href":"https:\/\/www.europesays.com\/es\/wp-json\/wp\/v2\/posts\/265311\/revisions"}],"wp:featuredmedia":[{"embeddable":true,"href":"https:\/\/www.europesays.com\/es\/wp-json\/wp\/v2\/media\/265312"}],"wp:attachment":[{"href":"https:\/\/www.europesays.com\/es\/wp-json\/wp\/v2\/media?parent=265311"}],"wp:term":[{"taxonomy":"category","embeddable":true,"href":"https:\/\/www.europesays.com\/es\/wp-json\/wp\/v2\/categories?post=265311"},{"taxonomy":"post_tag","embeddable":true,"href":"https:\/\/www.europesays.com\/es\/wp-json\/wp\/v2\/tags?post=265311"}],"curies":[{"name":"wp","href":"https:\/\/api.w.org\/{rel}","templated":true}]}}