{"id":265315,"date":"2025-12-01T11:25:11","date_gmt":"2025-12-01T11:25:11","guid":{"rendered":"https:\/\/www.europesays.com\/es\/265315\/"},"modified":"2025-12-01T11:25:11","modified_gmt":"2025-12-01T11:25:11","slug":"al-atp-tudelano-le-falto-pegada","status":"publish","type":"post","link":"https:\/\/www.europesays.com\/es\/265315\/","title":{"rendered":"Al ATP Tudelano le falt\u00f3 pegada"},"content":{"rendered":"<p>\n        <a href=\"https:\/\/www.noticiasdenavarra.com\/tags\/ribera-navarra-fs\/\" title=\"ATP Iluminaci\u00f3n Tudelano Ribera Navarra FS\" target=\"_blank\" class=\"link copy\" rel=\"nofollow noopener\">ATP Iluminaci\u00f3n Tudelano Ribera Navarra FS<\/a> no pudo conseguir el triunfo en su visita a la pista de un Vi\u00f1a Albali Valdepe\u00f1as que, tras una primera mitad en la que dispuso de numerosas ocasiones, se fue con 2-1 en el marcador al descanso y en la segunda parte opt\u00f3 por defender ese resultado. Los de Juanito, por su parte, lo intentaron casi todo, pero no consiguieron ya mover el marcador y se complican un poco m\u00e1s la vida en la tabla.\n<\/p>\n<p class=\"article-body__text \">\n        Las primeras ocasiones fueron para los locales. Salv\u00f3 Ra\u00fal las primeras a disparos de Torres y Carrasco, aunque no pudo hacer nada para evitar que, en el minuto 6, el propio Carrasco acabase inaugurando el marcador tras un env\u00edo de Boyis.\n<\/p>\n<p>Vi\u00f1a Albal\u00ed\t2<\/p>\n<p>ATP Tudelano\t1<\/p>\n<p>VI\u00d1A ALBAL\u00cd Borja Puerta, Boyis, Torres, S\u00e1nchez, Carrasco. Tambi\u00e9n jugaron: Jos\u00e9 Mario, Pereira, Cuenca, Alberto Garc\u00eda, Sin\u00e9sio Jr., Naranjo, Ferreira, Lucas, Gustav\u00e3o.<\/p>\n<p>ATP ILUMINACI\u00d3N TUDELANO Ra\u00fal, Mykytiuk, Chino, Pablo O., Fabinho. Tambi\u00e9n jugaron: Paulo, David, Joao, Albertico, Sepe, Terry, Malaguti.<\/p>\n<p>Goles 1-0, M. 6: Carrasco. 1-1, M.10: Fabinho. 2-1, M.18: Boyis.<\/p>\n<p>\u00c1rbitros Pizarro Mej\u00edas y Leiva Mart\u00ednez (Colegio andaluz).<\/p>\n<p>Pabell\u00f3n Virgen de la Cabeza.<\/p>\n<p class=\"article-body__text \">\n        Parec\u00eda que se sacud\u00eda un poco la presi\u00f3n del rival el equipo de Juanito, que empezaba a construir algo de juego y a merodear el \u00e1rea contraria. Y en el minuto 10, Fabinho devolv\u00eda el empate al marcador. La igualdad era m\u00e1xima, aunque segu\u00eda siendo el equipo local el que gozaba de las ocasiones m\u00e1s claras, pero Ra\u00fal, providencial, salvaba a los suyos de nuevo a disparos de Torres y Fonseca. Fabinho probaba para los navarros, pero Borja Puerta repel\u00eda el esf\u00e9rico y Malaguti enviaba fuera por poco justo antes de que Boyis anotase el 2-1 y obligase a Juanito a pedir tiempo muerto (minuto 18). Lo intentaron los visitantes, pero el marcador ya no se movi\u00f3 antes del descanso.\n<\/p>\n<p class=\"article-body__text \">\n        Control\u00f3 mejor la situaci\u00f3n ATP Tudelano  en la segunda mitad, dejando menos bal\u00f3n y menos espacios al equipo local, eso s\u00ed, los de Juanito tampoco consegu\u00edan llegar con facilidad sobre la meta contraria. Las ocasiones eran ahora menos claras, aunque la tuvo Pablo Otero en el 27, pero detuvo el meta visitante, mientras que Malaguti enviaba alto tras el saque de una falta.\n<\/p>\n<p class=\"article-body__text \">\n        Quer\u00eda el conjunto navarro meter m\u00e1s velocidad a su juego, pero los locales defend\u00edan bien su ventaja en el electr\u00f3nico mientras buscaban la sentencia a la contra. La tuvo Gustav\u00e3o en el 33 en unos minutos con muy pocas ocasiones claras de gol. Malaguti tuvo la m\u00e1s clara para los navarros, pero acab\u00f3 enviando alto cuando corr\u00eda ya el minuto 36. Se le acababa el tiempo a los visitantes, que en un error pudieron encajar el 3-1, pero Fabinho y Sepe consegu\u00edan evitar el gol y Juanito optaba por pedir un tiempo muerto a 2\u00b436 para el final del partido. Apostaba el t\u00e9cnico visitante por el ataque de cinco, pero tampoco as\u00ed consegu\u00edan los suyos abrir espacios en la defensa local y el reloj segu\u00eda corriendo en contra de los suyos, que no consiguieron ya cambiar el signo del partido.<\/p>\n","protected":false},"excerpt":{"rendered":"ATP Iluminaci\u00f3n Tudelano Ribera Navarra FS no pudo conseguir el triunfo en su visita a la pista de&hellip;\n","protected":false},"author":2,"featured_media":265316,"comment_status":"","ping_status":"","sticky":false,"template":"","format":"standard","meta":{"footnotes":""},"categories":[274],"tags":[1691,168,25,24,12853,3294,13552,23,167,327,326,16026],"class_list":{"0":"post-265315","1":"post","2":"type-post","3":"status-publish","4":"format-standard","5":"has-post-thumbnail","7":"category-tenis","8":"tag-atp","9":"tag-deportes","10":"tag-es","11":"tag-espana","12":"tag-falto","13":"tag-le","14":"tag-pegada","15":"tag-spain","16":"tag-sports","17":"tag-tenis","18":"tag-tennis","19":"tag-tudelano"},"share_on_mastodon":{"url":"https:\/\/pubeurope.com\/@es\/115644067113167785","error":""},"_links":{"self":[{"href":"https:\/\/www.europesays.com\/es\/wp-json\/wp\/v2\/posts\/265315","targetHints":{"allow":["GET"]}}],"collection":[{"href":"https:\/\/www.europesays.com\/es\/wp-json\/wp\/v2\/posts"}],"about":[{"href":"https:\/\/www.europesays.com\/es\/wp-json\/wp\/v2\/types\/post"}],"author":[{"embeddable":true,"href":"https:\/\/www.europesays.com\/es\/wp-json\/wp\/v2\/users\/2"}],"replies":[{"embeddable":true,"href":"https:\/\/www.europesays.com\/es\/wp-json\/wp\/v2\/comments?post=265315"}],"version-history":[{"count":0,"href":"https:\/\/www.europesays.com\/es\/wp-json\/wp\/v2\/posts\/265315\/revisions"}],"wp:featuredmedia":[{"embeddable":true,"href":"https:\/\/www.europesays.com\/es\/wp-json\/wp\/v2\/media\/265316"}],"wp:attachment":[{"href":"https:\/\/www.europesays.com\/es\/wp-json\/wp\/v2\/media?parent=265315"}],"wp:term":[{"taxonomy":"category","embeddable":true,"href":"https:\/\/www.europesays.com\/es\/wp-json\/wp\/v2\/categories?post=265315"},{"taxonomy":"post_tag","embeddable":true,"href":"https:\/\/www.europesays.com\/es\/wp-json\/wp\/v2\/tags?post=265315"}],"curies":[{"name":"wp","href":"https:\/\/api.w.org\/{rel}","templated":true}]}}