{"id":265323,"date":"2025-12-01T11:30:11","date_gmt":"2025-12-01T11:30:11","guid":{"rendered":"https:\/\/www.europesays.com\/es\/265323\/"},"modified":"2025-12-01T11:30:11","modified_gmt":"2025-12-01T11:30:11","slug":"el-video-de-las-fotos-ineditas-de-aitana-con-plex-en-maldivas","status":"publish","type":"post","link":"https:\/\/www.europesays.com\/es\/265323\/","title":{"rendered":"El v\u00eddeo de las fotos in\u00e9ditas de Aitana con Plex en Maldivas"},"content":{"rendered":"<p class=\"L6-news-detail__text\"><b><a title=\"Aitana\" href=\"https:\/\/www.lasexta.com\/programas\/arusitys\/aitana-confiesa-ibai-llanos-como-conocio-plex-hubo-mensaje-privado-instagram_2025112569255a36df41134465e84a6e.html\" target=\"_blank\" rel=\"nofollow noopener\">Aitana<\/a><\/b><b> ha mostrado sus fotos de sus vacaciones navide\u00f1as con <\/b><b><a title=\"Plex\" href=\"https:\/\/www.lasexta.com\/programas\/zapeando\/consejo-juan-sanguino-aitana-pensar-irse-vivir-plex-quedate-casa-suya-estar-llena-amigotes_202511266927349c6e5e5012dccf0a6c.html\" target=\"_blank\" rel=\"nofollow noopener\">Plex<\/a><\/b><b>. <\/b>Sin embargo, no son las t\u00edpicas fotos de Navidad y es que la cantante ha subido la temperatura porque se han escapado al calorcito de Las Maldivas. \u00abSon envidiables las im\u00e1genes\u00bb, destaca Tatiana Ar\u00fas, que explica que con el fr\u00edo que se est\u00e1 pasando en Espa\u00f1a <b>\u00abno vendr\u00eda nada mal poder estar as\u00ed en bikini\u00bb.<\/b><\/p>\n<p class=\"L6-news-detail__text\"><b>Por otro lado, la pareja ha protagonizado este <\/b><b><a title=\"v\u00eddeo viral\" href=\"https:\/\/www.lasexta.com\/programas\/arusitys\/aitana-plex-disfrutan-maldivas-esta-foto-viral-bikini_20251124692414656c137a69877a4659.html\" target=\"_blank\" rel=\"nofollow noopener\">v\u00eddeo viral<\/a><\/b><b> junto con Ibai Llanos,<\/b> con el que juegan a &#8216;Adivina la pareja&#8217;. Y es la pareja de famosos debe adivinar entre 10 personas cu\u00e1les son pareja. \u00abLa primera ronda es muy sencilla\u00bb, explica Ibai Llanos, que destaca que \u00ablos 10 participantes entrar\u00e1n de uno e uno para indagar en todo\u00bb.<\/p>\n<p class=\"L6-news-detail__text\">Aitana y Plex consiguen adivinar r\u00e1pidamente la pareja y terminan acertando tres de cinco. Sin embargo, la cantante decide probar a cambiar dos de las parejas y, finalmente, acierta, <b>logrando un resultado de cinco de cinco<\/b>. \u00abEl juego es divertido\u00bb, destaca Alfonso Ar\u00fas, que reconoce que \u00e9l seguramente no lograr\u00eda adivinarlo.<\/p>\n<p class=\"L6-news-detail__text\">Por otro lado,<b> Ibai Llanos pregunta a los j\u00f3venes c\u00f3mo empez\u00f3 su relaci\u00f3n<\/b> en este v\u00eddeo, donde Aitana confiesa que fue ella la que le envi\u00f3 un mensaje privado de Instagram al youtuber. \u00abLe escrib\u00ed yo\u00bb, explica Aitana a Ibai Llanos, que le pregunta si le escribi\u00f3 a una foto. \u00abNo, le invit\u00e9 a mi premier\u00bb, detalla la artista catalana en el v\u00eddeo, donde, r\u00e1pidamente, recuerda que no fue exactamente as\u00ed: \u00abEsp\u00e9rate un momento, d\u00e9jame pensar, no, fue al re&#8230;\u00bb. Y cuando parec\u00eda que la cantante iba a decir que fue al rev\u00e9s, cambia la expresi\u00f3n para asegurar que \u00abfue distinto\u00bb.<\/p>\n<p class=\"L6-news-detail__text\">Eso s\u00ed, insiste en que le invit\u00f3 ella a su premier. Tras ver el v\u00eddeo, a Alfonso Arus no le queda claro y pregunta en plat\u00f3: \u00abEntonces, \u00bfqui\u00e9n fue el primero?\u00bb. \u00abEn teor\u00eda, Aitana a Plex\u00bb, detalla Tatiana Ar\u00fas sobre los inicios de <b>la pareja, que est\u00e1n pasando unos d\u00edas en Maldivas.<\/b><\/p>\n<p><b><a title=\"*Sigue a laSexta en Google. Toda la actualidad y el mejor contenido aqu\u00ed.\" href=\"https:\/\/profile.google.com\/cp\/CgkvbS8wZG5xejA\" target=\"_blank\" rel=\"nofollow noopener\">*Sigue a laSexta en Google. Toda la actualidad y el mejor contenido aqu\u00ed.<\/a><\/b>    <\/p>\n<p class=\"L6-support-news-video__title\">Viral<\/p>\n<p>            <a href=\"https:\/\/www.lasexta.com\/programas\/arusitys\/melania-trump-lanza-documental-30-enero-donald-trump-director-ejecutivo_20251201692d48ae6e5e5012dcd5956b.html\" class=\"L6-news__link\" rel=\"nofollow noopener\" target=\"_blank\"><br \/>\n                Melania Trump lanza su documental el 30 de enero con Donald Trump de director ejecutivo<\/p>\n<p class=\"recirculation-video-desc\">Melania Trump lanzar\u00e1 su documental con Amazon Prime el pr\u00f3ximo 30 de enero. Ella ser\u00e1 directora, bi\u00f3grafa y protagonista mientras que el director ejecutivo es su marido, Donald Trump.<\/p>\n<p>            <\/a><\/p>\n","protected":false},"excerpt":{"rendered":"Aitana ha mostrado sus fotos de sus vacaciones navide\u00f1as con Plex. Sin embargo, no son las t\u00edpicas fotos&hellip;\n","protected":false},"author":2,"featured_media":265324,"comment_status":"","ping_status":"","sticky":false,"template":"","format":"standard","meta":{"footnotes":""},"categories":[174],"tags":[255,146,147,25,24,256,23],"class_list":{"0":"post-265323","1":"post","2":"type-post","3":"status-publish","4":"format-standard","5":"has-post-thumbnail","7":"category-famosos","8":"tag-celebrities","9":"tag-entertainment","10":"tag-entretenimiento","11":"tag-es","12":"tag-espana","13":"tag-famosos","14":"tag-spain"},"share_on_mastodon":{"url":"https:\/\/pubeurope.com\/@es\/115644086524905835","error":""},"_links":{"self":[{"href":"https:\/\/www.europesays.com\/es\/wp-json\/wp\/v2\/posts\/265323","targetHints":{"allow":["GET"]}}],"collection":[{"href":"https:\/\/www.europesays.com\/es\/wp-json\/wp\/v2\/posts"}],"about":[{"href":"https:\/\/www.europesays.com\/es\/wp-json\/wp\/v2\/types\/post"}],"author":[{"embeddable":true,"href":"https:\/\/www.europesays.com\/es\/wp-json\/wp\/v2\/users\/2"}],"replies":[{"embeddable":true,"href":"https:\/\/www.europesays.com\/es\/wp-json\/wp\/v2\/comments?post=265323"}],"version-history":[{"count":0,"href":"https:\/\/www.europesays.com\/es\/wp-json\/wp\/v2\/posts\/265323\/revisions"}],"wp:featuredmedia":[{"embeddable":true,"href":"https:\/\/www.europesays.com\/es\/wp-json\/wp\/v2\/media\/265324"}],"wp:attachment":[{"href":"https:\/\/www.europesays.com\/es\/wp-json\/wp\/v2\/media?parent=265323"}],"wp:term":[{"taxonomy":"category","embeddable":true,"href":"https:\/\/www.europesays.com\/es\/wp-json\/wp\/v2\/categories?post=265323"},{"taxonomy":"post_tag","embeddable":true,"href":"https:\/\/www.europesays.com\/es\/wp-json\/wp\/v2\/tags?post=265323"}],"curies":[{"name":"wp","href":"https:\/\/api.w.org\/{rel}","templated":true}]}}