{"id":265330,"date":"2025-12-01T11:36:10","date_gmt":"2025-12-01T11:36:10","guid":{"rendered":"https:\/\/www.europesays.com\/es\/265330\/"},"modified":"2025-12-01T11:36:10","modified_gmt":"2025-12-01T11:36:10","slug":"la-tension-entre-la-grada-y-antony-en-el-derbi-sevilla","status":"publish","type":"post","link":"https:\/\/www.europesays.com\/es\/265330\/","title":{"rendered":"La tensi\u00f3n entre la grada y Antony en el derbi Sevilla"},"content":{"rendered":"<p style=\"\">Aunque el Betis agot\u00f3 hasta la \u00faltima instancia para suspender su sanci\u00f3n, no pudo contar finalmente con el concurso de su estrella brasile\u00f1a en Nervi\u00f3n. Pese a todo, <strong>Antony<\/strong> termino por convertirse en uno de los protagonistas inesperados del derbi entre el <strong>Sevilla FC<\/strong> &#8230;  y el <strong>Real Betis<\/strong>. No pudo vestirse de corto, pero el jugador demostr\u00f3 su compromiso desde la misma previa desplaz\u00e1ndose con el resto de la expedici\u00f3n, animando primero abajo en el c\u00e9sped y presenciando despu\u00e9s el duelo desde una de las zonas VIP del estadio Ram\u00f3n S\u00e1nchez-Pizju\u00e1n.<\/p>\n<p class=\"voc-p\" style=\"\">Desde el <strong>palco<\/strong> donde se encontraba, se vivi\u00f3 un episodio algo tenso tras uno de los goles del Real Betis. Antony celebr\u00f3 efusivamente el tanto de sus compa\u00f1eros, circunstancia que no sent\u00f3 bien a un grupo de seguidores sevillistas ubicados en el grader\u00edo aleda\u00f1o. La situaci\u00f3n se calent\u00f3 r\u00e1pidamente, con el lanzamiento de objetos, gestos despectivos e incluso cortes de manga dirigidos hacia el jugador del Betis, lo que requiri\u00f3 la intervenci\u00f3n de la Polic\u00eda Nacional para restablecer la calma.<\/p>\n<p class=\"voc-p\" style=\"\">El episodio no pas\u00f3 a mayores, por fortuna. Antony pudo celebrar luego con normalidad el triunfo de su equipo con sus compa\u00f1eros en la hierba del S\u00e1nchez-Pizju\u00e1n. La semana hab\u00eda sido complicada para \u00e9l. Tras la negativa del TAD a conceder medidas cautelares, el Real Betis Balompi\u00e9 apur\u00f3 su \u00faltima opci\u00f3n para que pudiera jugar el derbi recurriendo a la jurisdicci\u00f3n ordinaria. No obstante, por cuarta y definitiva vez, la respuesta fue adversa.<\/p>\n<p class=\"voc-p\" style=\"\">Los servicios jur\u00eddicos del club agotaron todos los recursos disponibles para intentar dejar sin efecto disciplinario la tarjeta roja recibida contra el Girona o, en su defecto, conseguir la cautelar\u00edsima que le permitiese jugar mientras se resolv\u00eda el expediente. Finalmente, la decisi\u00f3n judicial ratific\u00f3 la sanci\u00f3n, lo que no impidi\u00f3 a Antony vivir el derbi al m\u00e1ximo, aunque fuera sin calzarse las botas.<\/p>\n","protected":false},"excerpt":{"rendered":"Aunque el Betis agot\u00f3 hasta la \u00faltima instancia para suspender su sanci\u00f3n, no pudo contar finalmente con el&hellip;\n","protected":false},"author":2,"featured_media":265331,"comment_status":"","ping_status":"","sticky":false,"template":"","format":"standard","meta":{"footnotes":""},"categories":[93],"tags":[23655,291,168,18298,25,24,7685,1171,23,167,8487],"class_list":{"0":"post-265330","1":"post","2":"type-post","3":"status-publish","4":"format-standard","5":"has-post-thumbnail","7":"category-deportes","8":"tag-antony","9":"tag-betis","10":"tag-deportes","11":"tag-derbi","12":"tag-es","13":"tag-espana","14":"tag-grada","15":"tag-sevilla","16":"tag-spain","17":"tag-sports","18":"tag-tension"},"share_on_mastodon":{"url":"https:\/\/pubeurope.com\/@es\/115644110150367526","error":""},"_links":{"self":[{"href":"https:\/\/www.europesays.com\/es\/wp-json\/wp\/v2\/posts\/265330","targetHints":{"allow":["GET"]}}],"collection":[{"href":"https:\/\/www.europesays.com\/es\/wp-json\/wp\/v2\/posts"}],"about":[{"href":"https:\/\/www.europesays.com\/es\/wp-json\/wp\/v2\/types\/post"}],"author":[{"embeddable":true,"href":"https:\/\/www.europesays.com\/es\/wp-json\/wp\/v2\/users\/2"}],"replies":[{"embeddable":true,"href":"https:\/\/www.europesays.com\/es\/wp-json\/wp\/v2\/comments?post=265330"}],"version-history":[{"count":0,"href":"https:\/\/www.europesays.com\/es\/wp-json\/wp\/v2\/posts\/265330\/revisions"}],"wp:featuredmedia":[{"embeddable":true,"href":"https:\/\/www.europesays.com\/es\/wp-json\/wp\/v2\/media\/265331"}],"wp:attachment":[{"href":"https:\/\/www.europesays.com\/es\/wp-json\/wp\/v2\/media?parent=265330"}],"wp:term":[{"taxonomy":"category","embeddable":true,"href":"https:\/\/www.europesays.com\/es\/wp-json\/wp\/v2\/categories?post=265330"},{"taxonomy":"post_tag","embeddable":true,"href":"https:\/\/www.europesays.com\/es\/wp-json\/wp\/v2\/tags?post=265330"}],"curies":[{"name":"wp","href":"https:\/\/api.w.org\/{rel}","templated":true}]}}