{"id":265344,"date":"2025-12-01T11:53:19","date_gmt":"2025-12-01T11:53:19","guid":{"rendered":"https:\/\/www.europesays.com\/es\/265344\/"},"modified":"2025-12-01T11:53:19","modified_gmt":"2025-12-01T11:53:19","slug":"toco-el-top-10-fue-la-gran-sorpresa-de-la-atp-y-penso-en-el-retiro","status":"publish","type":"post","link":"https:\/\/www.europesays.com\/es\/265344\/","title":{"rendered":"Toc\u00f3 el Top 10, fue la gran sorpresa de la ATP y pens\u00f3 en el retiro"},"content":{"rendered":"<p data-testid=\"paragraph\" class=\"mb-[20px] md:mb-[30px] break-word\">Uno de los mejores tenistas de la temporada fue quiz\u00e1 el jugador m\u00e1s controvertido del <strong><a href=\"https:\/\/redgol.cl\/tema\/atp\" target=\"_blank\" rel=\"noreferrer noopener nofollow\" class=\"break-word font-articleLinkText text-articleLinkText hover:text-articleLinkTextHover hover:bg-articleLinkTextHoverBg cursor-pointer border-solid border-b-articleLinkTextHover\">circuito<\/a><\/strong>. Estamos hablando del kazajo <strong><a href=\"https:\/\/redgol.cl\/tema\/alexander-bublik\" target=\"_blank\" rel=\"noreferrer noopener nofollow\" class=\"break-word font-articleLinkText text-articleLinkText hover:text-articleLinkTextHover hover:bg-articleLinkTextHoverBg cursor-pointer border-solid border-b-articleLinkTextHover\">Alexander Bublik<\/a><\/strong>, quien ros\u00f3 el Top 10.<\/p>\n<p data-testid=\"paragraph\" class=\"mb-[20px] md:mb-[30px] break-word\">El Loco Bublik tuvo un 2025 memorable en la ATP y los n\u00fameros hablan por si solos, ya que gan\u00f3 cuatro t\u00edtulos, rematando en en casillero 11\u00b0 del mundo.<\/p>\n<p data-testid=\"paragraph\" class=\"mb-[20px] md:mb-[30px] break-word\">El pol\u00e9mico jugador de origen ruso se ha caracterizado en su carrera por las pol\u00e9micas, pero este a\u00f1o hizo un clic, justo cuando pens\u00f3 en colgar la raqueta.<\/p>\n<p><a title=\"Gan\u00f3 tres Grand Slams, dos medallas de oro ol\u00edmpicas y cambi\u00f3 el tenis por otro deporte: \u201cMe encanta\u2026\u201d\" href=\"https:\/\/redgol.cl\/tenis\/gano-tres-grand-slams-dos-medallas-de-oro-olimpicas-y-cambio-el-tenis-por-otro-deporte-me-encanta\" target=\"_self\" rel=\"nofollow noopener\" class=\"article-also-read-embed\"><img decoding=\"async\" class=\"aspect-square max-w-[100px] m-[10px] md:m-0\" src=\"https:\/\/www.europesays.com\/es\/wp-content\/uploads\/2025\/12\/image\" alt=\"Gan\u00f3 tres Grand Slams, dos medallas de oro ol\u00edmpicas y cambi\u00f3 el tenis por otro deporte: \u201cMe encanta\u2026\u201d\" width=\"200\" height=\"200\" loading=\"lazy\"\/><\/p>\n<p class=\"font-secondary my-[13px] uppercase text-alsoReadSeeAlso bg-alsoReadSeeAlsoBackground alsoReadSeeAlso w-fit\">ver tambi\u00e9n<\/p>\n<p class=\"w-full line-clamp-3 md:line-clamp-2 text-alsoReadEmbedTitle font-primary alsoReadLink\">Gan\u00f3 tres Grand Slams, dos medallas de oro ol\u00edmpicas y cambi\u00f3 el tenis por otro deporte: \u201cMe encanta\u2026\u201d<\/p>\n<p><\/a>La fuerte declaraci\u00f3n de Alexander Bublik<\/p>\n<p data-testid=\"paragraph\" class=\"mb-[20px] md:mb-[30px] break-word\">Alexander Bublik le dio una extensa entrevista a Tennis Magazin, donde reconoci\u00f3 que pens\u00f3 en retirarse a inicio de 2025 si es que sal\u00eda del Top 100 del ranking mundial.<\/p>\n<p data-testid=\"paragraph\" class=\"mb-[20px] md:mb-[30px] break-word\">\u201cAcab\u00e9 muy insatisfecho conmigo mismo al final de la temporada pasada, incluso a principios de esta. De hecho, <strong>consider\u00e9 finalizar mi carrera porque ten\u00eda la preocupaci\u00f3n de salir del Top 100,<\/strong> eso lo habr\u00eda cambiado todo\u201d, cont\u00f3 el kazajo.<\/p>\n<p><img decoding=\"async\" src=\"https:\/\/www.europesays.com\/es\/wp-content\/uploads\/2025\/12\/RDG_20251130_RDG_1244542_Tenis-Alexander-Bublik_4169bf3e.webp&#038;width=5043&#038;height=3351.webp\" width=\"5043\" height=\"3351\" alt=\"Alexander Bublik tuvo una gran temporada. (Photo by Julian Finney\/Getty Images)\" class=\"h-auto\" loading=\"lazy\"\/><\/p>\n<p class=\"text-center mt-5 text-[14px] leading-[20px] font-normal\">Alexander Bublik tuvo una gran temporada. (Photo by Julian Finney\/Getty Images)<\/p>\n<p data-testid=\"paragraph\" class=\"mb-[20px] md:mb-[30px] break-word\">\u201cIntent\u00e9 mantener la variedad de mi juego, de repente me volv\u00ed mucho m\u00e1s estable. Tambi\u00e9n un poco mis entrenamientos, por ejemplo, mejorando mucho mi derecha, especialmente sobre tierra batida. Gan\u00e9 mucha confianza en m\u00ed mismo en los torneos Challenger, luchando por volver arriba en las clasificaciones. Mejor\u00e9 mi forma f\u00edsica, adem\u00e1s un cambio de raqueta que fue clave, un modelo mucho m\u00e1s ligero fijando el peso en 291 gramos\u201d, dio la receta del triunfo.<\/p>\n<p data-testid=\"paragraph\" class=\"mb-[20px] md:mb-[30px] break-word\">Alexander Bublik dej\u00f3 de ser ese jugador talentoso que daba espect\u00e1culos, pero que no ganaba partidos y ahora es uno de los mejores en la ATP.<\/p>\n<p><a title=\"Dominic Thiem desclasifica al \u201cchacal\u201d del entrenamiento Nicol\u00e1s Mass\u00fa: \u201cAgotador\u201d\" href=\"https:\/\/redgol.cl\/tenis\/dominic-thiem-desclasifica-al-chacal-del-entrenamiento-nicolas-massu-agotador\" target=\"_self\" rel=\"nofollow noopener\" class=\"article-also-read-embed\"><img decoding=\"async\" class=\"aspect-square max-w-[100px] m-[10px] md:m-0\" src=\"https:\/\/www.europesays.com\/es\/wp-content\/uploads\/2025\/12\/1764589999_605_image\" alt=\"Dominic Thiem desclasifica al \u201cchacal\u201d del entrenamiento Nicol\u00e1s Mass\u00fa: \u201cAgotador\u201d\" width=\"200\" height=\"200\" loading=\"lazy\"\/><\/p>\n<p class=\"font-secondary my-[13px] uppercase text-alsoReadSeeAlso bg-alsoReadSeeAlsoBackground alsoReadSeeAlso w-fit\">ver tambi\u00e9n<\/p>\n<p class=\"w-full line-clamp-3 md:line-clamp-2 text-alsoReadEmbedTitle font-primary alsoReadLink\">Dominic Thiem desclasifica al \u201cchacal\u201d del entrenamiento Nicol\u00e1s Mass\u00fa: \u201cAgotador\u201d<\/p>\n<p><\/a><\/p>\n","protected":false},"excerpt":{"rendered":"Uno de los mejores tenistas de la temporada fue quiz\u00e1 el jugador m\u00e1s controvertido del circuito. Estamos hablando&hellip;\n","protected":false},"author":2,"featured_media":265345,"comment_status":"","ping_status":"","sticky":false,"template":"","format":"standard","meta":{"footnotes":""},"categories":[274],"tags":[33151,1691,168,25,24,23,167,327,326],"class_list":{"0":"post-265344","1":"post","2":"type-post","3":"status-publish","4":"format-standard","5":"has-post-thumbnail","7":"category-tenis","8":"tag-alexander-bublik","9":"tag-atp","10":"tag-deportes","11":"tag-es","12":"tag-espana","13":"tag-spain","14":"tag-sports","15":"tag-tenis","16":"tag-tennis"},"share_on_mastodon":{"url":"https:\/\/pubeurope.com\/@es\/115644177263369216","error":""},"_links":{"self":[{"href":"https:\/\/www.europesays.com\/es\/wp-json\/wp\/v2\/posts\/265344","targetHints":{"allow":["GET"]}}],"collection":[{"href":"https:\/\/www.europesays.com\/es\/wp-json\/wp\/v2\/posts"}],"about":[{"href":"https:\/\/www.europesays.com\/es\/wp-json\/wp\/v2\/types\/post"}],"author":[{"embeddable":true,"href":"https:\/\/www.europesays.com\/es\/wp-json\/wp\/v2\/users\/2"}],"replies":[{"embeddable":true,"href":"https:\/\/www.europesays.com\/es\/wp-json\/wp\/v2\/comments?post=265344"}],"version-history":[{"count":0,"href":"https:\/\/www.europesays.com\/es\/wp-json\/wp\/v2\/posts\/265344\/revisions"}],"wp:featuredmedia":[{"embeddable":true,"href":"https:\/\/www.europesays.com\/es\/wp-json\/wp\/v2\/media\/265345"}],"wp:attachment":[{"href":"https:\/\/www.europesays.com\/es\/wp-json\/wp\/v2\/media?parent=265344"}],"wp:term":[{"taxonomy":"category","embeddable":true,"href":"https:\/\/www.europesays.com\/es\/wp-json\/wp\/v2\/categories?post=265344"},{"taxonomy":"post_tag","embeddable":true,"href":"https:\/\/www.europesays.com\/es\/wp-json\/wp\/v2\/tags?post=265344"}],"curies":[{"name":"wp","href":"https:\/\/api.w.org\/{rel}","templated":true}]}}