{"id":265364,"date":"2025-12-01T12:05:10","date_gmt":"2025-12-01T12:05:10","guid":{"rendered":"https:\/\/www.europesays.com\/es\/265364\/"},"modified":"2025-12-01T12:05:10","modified_gmt":"2025-12-01T12:05:10","slug":"el-aumento-de-la-incidencia-de-la-gripe-en-los-ultimos-dias-ha-hecho-saltar-las-alarmas","status":"publish","type":"post","link":"https:\/\/www.europesays.com\/es\/265364\/","title":{"rendered":"El aumento de la incidencia de la gripe en los \u00faltimos d\u00edas ha hecho saltar las alarmas"},"content":{"rendered":"<p>El aumento de la incidencia de la gripe en los \u00faltimos d\u00edas ha hecho saltar las alarmas. En la Regi\u00f3n de Murcia todav\u00eda no se ha impuesto, como ya han hecho otras comunidades, de<strong> la obligatoriedad de las mascarillas en los centros sanitarios.<\/strong><\/p>\n<p>El mi\u00e9rcoles 3 de diciembre hay una reuni\u00f3n de la Comisi\u00f3n de Salud P\u00fablica donde se abordar\u00e1 esta cuesti\u00f3n. Lo confirmaba en Plaza P\u00fablica Noticias, Jaime P\u00e9rez, presidente de la Sociedad Espa\u00f1ola de Vacunolog\u00eda, quien insiste en que la principal medida para reducir los contagios es la vacunaci\u00f3n. M\u00e1s teniendo en cuenta que <strong>este a\u00f1o el virus es un H3N2, una cepa que se comporta muy bien ante la vacuna.<\/strong><\/p>\n<p>Ahora mismo la incidencia es de 112.5 casos por cada 100.000 habitantes. El a\u00f1o pasado por estas fechas era de 12.8 casos. Por eso preocupa la situaci\u00f3n. Este lunes se abre la campa\u00f1a de vacunaci\u00f3n a la poblaci\u00f3n en general y Jaime P\u00e9rez advierte de su importancia. Entre otros motivos, porque <strong>la cepa que circula complica la situaci\u00f3n en las personas mayores.<\/strong><\/p>\n","protected":false},"excerpt":{"rendered":"El aumento de la incidencia de la gripe en los \u00faltimos d\u00edas ha hecho saltar las alarmas. En&hellip;\n","protected":false},"author":2,"featured_media":265365,"comment_status":"","ping_status":"","sticky":false,"template":"","format":"standard","meta":{"footnotes":""},"categories":[92],"tags":[25,24,7749,165,166,23,1454],"class_list":{"0":"post-265364","1":"post","2":"type-post","3":"status-publish","4":"format-standard","5":"has-post-thumbnail","7":"category-salud","8":"tag-es","9":"tag-espana","10":"tag-gripe","11":"tag-health","12":"tag-salud","13":"tag-spain","14":"tag-vacunas"},"share_on_mastodon":{"url":"","error":""},"_links":{"self":[{"href":"https:\/\/www.europesays.com\/es\/wp-json\/wp\/v2\/posts\/265364","targetHints":{"allow":["GET"]}}],"collection":[{"href":"https:\/\/www.europesays.com\/es\/wp-json\/wp\/v2\/posts"}],"about":[{"href":"https:\/\/www.europesays.com\/es\/wp-json\/wp\/v2\/types\/post"}],"author":[{"embeddable":true,"href":"https:\/\/www.europesays.com\/es\/wp-json\/wp\/v2\/users\/2"}],"replies":[{"embeddable":true,"href":"https:\/\/www.europesays.com\/es\/wp-json\/wp\/v2\/comments?post=265364"}],"version-history":[{"count":0,"href":"https:\/\/www.europesays.com\/es\/wp-json\/wp\/v2\/posts\/265364\/revisions"}],"wp:featuredmedia":[{"embeddable":true,"href":"https:\/\/www.europesays.com\/es\/wp-json\/wp\/v2\/media\/265365"}],"wp:attachment":[{"href":"https:\/\/www.europesays.com\/es\/wp-json\/wp\/v2\/media?parent=265364"}],"wp:term":[{"taxonomy":"category","embeddable":true,"href":"https:\/\/www.europesays.com\/es\/wp-json\/wp\/v2\/categories?post=265364"},{"taxonomy":"post_tag","embeddable":true,"href":"https:\/\/www.europesays.com\/es\/wp-json\/wp\/v2\/tags?post=265364"}],"curies":[{"name":"wp","href":"https:\/\/api.w.org\/{rel}","templated":true}]}}