{"id":265370,"date":"2025-12-01T12:08:20","date_gmt":"2025-12-01T12:08:20","guid":{"rendered":"https:\/\/www.europesays.com\/es\/265370\/"},"modified":"2025-12-01T12:08:20","modified_gmt":"2025-12-01T12:08:20","slug":"indra-valorara-de-nuevo-eme-a-peticion-de-los-independientes-y-retrasa-la-compra-a-2026","status":"publish","type":"post","link":"https:\/\/www.europesays.com\/es\/265370\/","title":{"rendered":"Indra valorar\u00e1 de nuevo EM&#038;E a petici\u00f3n de los independientes y retrasa la compra a 2026"},"content":{"rendered":"\n<p> Los Escribano tendr\u00e1n que esperar hasta la primavera de 2026 para fusionarse con <strong><a href=\"https:\/\/www.elconfidencial.com\/tags\/temas\/noticias-de-indra-4647\/\" target=\"_self\" rel=\"nofollow noopener\">Indra.<\/a><\/strong> El consejo de administraci\u00f3n de la compa\u00f1\u00eda participada al 28% por <strong>la Sociedad Estatal de Participaciones Industriales (SEPI)<\/strong> acord\u00f3 el pasado mi\u00e9rcoles solicitar una nueva valoraci\u00f3n de <strong><a href=\"https:\/\/www.elconfidencial.com\/mercados\/ibex-insider\/2025-04-28\/escribano-de-100-a-1-000-millones-en-tres-anos-con-el-placet-de-moncloa_4116630\/\" target=\"_self\" rel=\"nofollow noopener\">Escribano Mechanical &amp; Engineering (EM&amp;E),<\/a><\/strong> la empresa propiedad de los hermanos <strong>\u00c1ngel y Javier Escribano,<\/strong> a su vez presidente y consejero de la empresa semip\u00fablica de defensa y tecnolog\u00eda. <\/p>\n<p> La decisi\u00f3n se adopt\u00f3 tras una f\u00e9rrea defensa de la medida por varios consejeros independientes, el apoyo de los <strong>tres representantes de la SEPI<\/strong> y alg\u00fan momento de tensi\u00f3n dial\u00e9ctica, despu\u00e9s de las dudas planteadas por <strong><a href=\"https:\/\/www.elconfidencial.com\/empresas\/2023-05-18\/jose-vicente-de-los-mozos-ceo-indra_3631555\/\" target=\"_self\" rel=\"nofollow noopener\">el consejero delegado, Jos\u00e9 Vicente de los Mozos<\/a>, <\/strong>especialmente por el coste que conlleva ese nuevo encargo. <\/p>\n<p> Tras esta medida, la absorci\u00f3n de EM&amp;E, que los Escribano quisieron cerrar el pasado verano,<strong> se demorar\u00e1 como poco hasta el segundo trimestre de 2026<\/strong>. La decisi\u00f3n implica realizar una nueva \u2018due diligence\u2019 de la empresa con el cierre de las cuentas del presente ejercicio. Adem\u00e1s, pidieron que <strong>el balance de las dos sociedades estuviese auditado<\/strong>, trabajo que no estar\u00e1 finalizado hasta finales de febrero. Despu\u00e9s <strong>se realizar\u00e1 esa segunda valoraci\u00f3n<\/strong>, proceso que suele durar de media unos 45 d\u00edas. Por tanto, si todo sale bien para<a href=\"https:\/\/www.elconfidencial.com\/empresas\/2025-11-28\/indra-accionsitas-hispasat-725-millones_4256694\/\" target=\"_self\" rel=\"nofollow noopener\"> los Escribano<\/a>, la potencial fusi\u00f3n se someter\u00e1 a aprobaci\u00f3n ya en primavera del a\u00f1o que viene. <\/p>\n<p> El motivo por el que algunos consejeros promovieron esta nueva \u2018due diligence\u2019 es el impacto que tendr\u00eda en ambas sociedades un acuerdo de paz en Ucrania, como est\u00e1 exigiendo <strong>Donald Trump<\/strong>. De hecho, las especulaciones sobre el ultim\u00e1tum del presidente estadounidense a su hom\u00f3logo ucraniano,<a href=\"https:\/\/www.elconfidencial.com\/mundo\/2025-11-28\/agencia-anticorrupcion-ucrania-jefe-oficina-presidente_4256396\/\" target=\"_self\" rel=\"nofollow noopener\"> Volod\u00edmir Zelenski,<\/a><strong> <\/strong>para que acepte sus condiciones \u2014cesi\u00f3n de territorio\u2014 se han traducido en un descenso pr\u00f3ximo al 15% de las cotizaciones de las compa\u00f1\u00edas del sector, incluida Indra. <\/p>\n<p>              <img decoding=\"async\" class=\"inTextNews__img\" alt=\"Foto: indra-fondo-millones-capital-riesgo-defensa-ia-sector-aeroespacial\" src=\"https:\/\/www.europesays.com\/es\/wp-content\/uploads\/2025\/12\/f.elconfidencial.com\/original\/e57\/cd5\/174\/e57cd5174856d220846d99bf513ef1a3.jpg\"  \/>     <\/p>\n<p>TE PUEDE INTERESAR<\/p>\n<p>      <a class=\"inTextNews__title\" href=\"https:\/\/www.elconfidencial.com\/mercados\/2025-11-24\/indra-fondo-millones-capital-riesgo-defensa-ia-sector-aeroespacial_4253212\/\" onclick=\"window.ECCO.emit(&#039;amplitude&#039;, { dataEventName: &#039;click_related_article_module&#039;, data: { related_article_url: &#039;https:\/\/www.elconfidencial.com\/mercados\/2025-11-24\/indra-fondo-millones-capital-riesgo-defensa-ia-sector-aeroespacial_4253212\/&#039;, related_article_author: &#039;Carlos Rodr\u00edguez&#039;, related_article_section: &#039;mercados&#039; } })\" rel=\"nofollow noopener\" target=\"_blank\"> Indra lanza un fondo de hasta 200 millones para invertir en defensa, IA y el sector aeroespacial  <\/a>   <\/p>\n<p>    Carlos Rodr\u00edguez   <\/p>\n<p> La petici\u00f3n de otra valoraci\u00f3n fue solicitada por algunos de los <strong><a href=\"https:\/\/www.elconfidencial.com\/empresas\/2025-07-08\/consejeras-independientes-indra-contra-compra-em-e_4167763\/\" target=\"_self\" rel=\"nofollow noopener\">consejeros independientes que m\u00e1s han cuestionado<\/a><\/strong> la compra de EM&amp;E por parte de Indra. Seg\u00fan fuentes internas, ante esta petici\u00f3n, De los Mozos pregunt\u00f3 a estos consejeros si eran conscientes <strong>del coste econ\u00f3mico<\/strong> que supondr\u00eda hacer otra nueva valoraci\u00f3n. Especialmente porque ya se hab\u00edan realizado tambi\u00e9n los an\u00e1lisis legales y fiscales de la operaci\u00f3n. <\/p>\n<p> La respuesta de quienes abanderaban esa segunda valoraci\u00f3n fue que el coste ser\u00eda mayor si finalmente Indra pagara un precio desorbitado por EM&amp;E, cuyos due\u00f1os han valorado ya en m\u00e1s de <strong>2.000 millones<\/strong>. Una situaci\u00f3n que llev\u00f3 a una de las consejeras a denunciar que estaban sufriendo mucha presi\u00f3n por parte de la c\u00fapula directiva para <strong><a href=\"https:\/\/www.elconfidencial.com\/empresas\/2025-10-22\/indra-war-room-anular-sapa-compra-escribano_4232390\/\" target=\"_self\" rel=\"nofollow noopener\">acelerar la fusi\u00f3n,<\/a><\/strong> que los hermanos ya quisieron dejar encarrilada el pasado verano. <\/p>\n<p>              <img decoding=\"async\" class=\"inTextNews__img\" alt=\"Foto: endesa-bloquea-el-nombramiento-de-espinosa-en-indra\" src=\"https:\/\/www.europesays.com\/es\/wp-content\/uploads\/2025\/12\/f.elconfidencial.com\/original\/eea\/96e\/005\/eea96e0055efdf66c16cbdce6f521cad.jpg\"  \/>     <\/p>\n<p>TE PUEDE INTERESAR<\/p>\n<p>      <a class=\"inTextNews__title\" href=\"https:\/\/www.elconfidencial.com\/empresas\/2025-11-26\/endesa-bloquea-el-nombramiento-de-espinosa-en-indra_4255579\/\" onclick=\"window.ECCO.emit(&#039;amplitude&#039;, { dataEventName: &#039;click_related_article_module&#039;, data: { related_article_url: &#039;https:\/\/www.elconfidencial.com\/empresas\/2025-11-26\/endesa-bloquea-el-nombramiento-de-espinosa-en-indra_4255579\/&#039;, related_article_author: &#039;Alberto Sanz&#039;, related_article_section: &#039;empresas&#039; } })\" rel=\"nofollow noopener\" target=\"_blank\"> Endesa impide a Indra nombrar consejera a M\u00f3nica Espinosa por ser su proveedor <\/a>   <\/p>\n<p>    Alberto Sanz   <\/p>\n<p> Entonces, la oposici\u00f3n de la mayor\u00eda de los consejeros independientes oblig\u00f3 a crear una comisi\u00f3n ad hoc para analizar las implicaciones legales de la operaci\u00f3n y sortear el conflicto de inter\u00e9s que supone comprar la compa\u00f1\u00eda familiar del presidente y a su vez<a href=\"https:\/\/www.elconfidencial.com\/empresas\/2025-11-28\/indra-accionsitas-hispasat-725-millones_4256694\/\" target=\"_self\" rel=\"nofollow noopener\"> accionista de Indra <\/a>(al 14,3%). A finales de agosto, la multinacional espa\u00f1ola contrat\u00f3 a <strong>Goldman Sachs<\/strong> y a <strong>Morgan Stanley<\/strong> para hacer la valoraci\u00f3n de EM&amp;E con el objetivo de tener la operaci\u00f3n preparada para antes de acabar el a\u00f1o. De hecho, Javier Escribano asegur\u00f3 en p\u00fablico que la integraci\u00f3n se aprobar\u00eda en el \u00faltimo trimestre del actual ejercicio, lo cual ya no ser\u00e1 posible tras la reuni\u00f3n del \u00faltimo consejo. La valoraci\u00f3n se tendr\u00e1 que hacer con las cuentas cerradas de 2025. <\/p>\n<p> Algunas fuentes interpretan el apoyo de los tres consejeros representantes de la <strong>SEPI,<\/strong> que tiene el 28% del capital, como un distanciamiento entre <strong>Bel\u00e9n Gualda<\/strong>, presidenta del ente p\u00fablico, y <strong>Manuel de la Rocha<\/strong>, el responsable de Asuntos Econ\u00f3micos en Presidencia del Gobierno, la persona que m\u00e1s est\u00e1 empujando la transacci\u00f3n desde la Moncloa. Gualda ya hab\u00eda pedido a sus consejeros, entre los que figuran <strong>Miguel Sebasti\u00e1n<\/strong>, el exministro de Industria, y <strong>Juan Moscoso<\/strong>, m\u00e1xima firmeza ante cualquier indicio de irregularidad ante las denuncias presentadas en la <strong><a href=\"https:\/\/www.elconfidencial.com\/tags\/organismos\/cnmv-5239\/\" target=\"_self\" rel=\"nofollow noopener\">Comisi\u00f3n Nacional del Mercado de Valores<\/a><\/strong> por varios accionistas minoritarios. <\/p>\n<p>            El otro conflicto de la no consejera           <\/p>\n<p> Uno de estos accionistas es la asociaci\u00f3n <strong>Hay Derecho<\/strong>, formada por empresarios y abogados de prestigio que han pedido al supervisor que investigue posibles ilegalidades en la fusi\u00f3n entre Indra y EM&amp;E. Uno de sus componentes es <strong>Jos\u00e9 Mar\u00eda Mu\u00f1oz,<\/strong> gestor del fondo de capital riesgo <strong>MCH Capital<\/strong> y, sobre todo, casado con <strong>M\u00f3nica Espinosa<\/strong>, la exdirectiva de <a href=\"https:\/\/www.elconfidencial.com\/empresas\/2025-11-26\/endesa-bloquea-el-nombramiento-de-espinosa-en-indra_4255579\/\" target=\"_self\" rel=\"nofollow noopener\">Endesa <\/a>que iba a entrar en el consejo de la empresa cotizada el pasado viernes. <\/p>\n<p>              <img decoding=\"async\" class=\"inTextNews__img\" alt=\"Foto: indra-joint-venture-espana-fabricar-drones-kamikaze-emirati-edge\" src=\"https:\/\/www.europesays.com\/es\/wp-content\/uploads\/2025\/12\/f.elconfidencial.com\/original\/b4d\/07b\/1b6\/b4d07b1b6e033fc029ae173e8a000b29.jpg\"  \/>     <\/p>\n<p>TE PUEDE INTERESAR<\/p>\n<p>      <a class=\"inTextNews__title\" href=\"https:\/\/www.elconfidencial.com\/empresas\/2025-11-17\/indra-joint-venture-espana-fabricar-drones-kamikaze-emirati-edge_4248819\/\" onclick=\"window.ECCO.emit(&#039;amplitude&#039;, { dataEventName: &#039;click_related_article_module&#039;, data: { related_article_url: &#039;https:\/\/www.elconfidencial.com\/empresas\/2025-11-17\/indra-joint-venture-espana-fabricar-drones-kamikaze-emirati-edge_4248819\/&#039;, related_article_author: &#039;Agencias&#039;, related_article_section: &#039;empresas&#039; } })\" rel=\"nofollow noopener\" target=\"_blank\"> Indra crear\u00e1 una &#8216;joint venture&#8217; en Espa\u00f1a para drones &#8216;kamikaze&#8217; con la emirat\u00ed Edge <\/a>   <\/p>\n<p>    EP   <\/p>\n<p> Sin embargo, Espinosa esgrimi\u00f3 un d\u00eda antes de la celebraci\u00f3n de la junta en la que iba a ser nombrada que <strong><a href=\"https:\/\/www.elconfidencial.com\/empresas\/2025-11-26\/endesa-bloquea-el-nombramiento-de-espinosa-en-indra_4255579\/\" target=\"_self\" rel=\"nofollow noopener\">la el\u00e9ctrica le imped\u00eda entrar en el \u00f3rgano de gobierno<\/a><\/strong> de Indra por ser cliente suyo. Otras fuentes indican que la ejecutiva pod\u00eda aun as\u00ed haberse incorporado al consejo si hubiese renunciado a la remuneraci\u00f3n que cobra por la prejubilaci\u00f3n (desde 2020) de <strong>Endesa<\/strong>. En lo que va de a\u00f1o, <strong><a href=\"https:\/\/www.elconfidencial.com\/empresas\/2025-09-08\/escribano-paz-abril-rodillo-consejo-indra_4204036\/\" target=\"_self\" rel=\"nofollow noopener\">cinco miembros del consejo de Indra han abandonado el cargo<\/a><\/strong> por distintos motivos. <\/p>\n<p> Seg\u00fan otras fuentes, el pr\u00f3ximo consejo de administraci\u00f3n de <a href=\"https:\/\/www.elconfidencial.com\/empresas\/2025-11-26\/endesa-bloquea-el-nombramiento-de-espinosa-en-indra_4255579\/\" target=\"_self\" rel=\"nofollow noopener\">Indra <\/a>se celebrar\u00e1 el 18 de diciembre. Y, aunque se volver\u00e1n a examinar los trabajos de la comisi\u00f3n ad hoc para el conflicto de inter\u00e9s, est\u00e1 completamente descartado el <strong>anuncio de la fusi\u00f3n.<\/strong> <\/p>\n<p> Los Escribano tendr\u00e1n que esperar hasta la primavera de 2026 para fusionarse con <strong><a href=\"https:\/\/www.elconfidencial.com\/tags\/temas\/noticias-de-indra-4647\/\" target=\"_self\" rel=\"nofollow noopener\">Indra.<\/a><\/strong> El consejo de administraci\u00f3n de la compa\u00f1\u00eda participada al 28% por <strong>la Sociedad Estatal de Participaciones Industriales (SEPI)<\/strong> acord\u00f3 el pasado mi\u00e9rcoles solicitar una nueva valoraci\u00f3n de <strong><a href=\"https:\/\/www.elconfidencial.com\/mercados\/ibex-insider\/2025-04-28\/escribano-de-100-a-1-000-millones-en-tres-anos-con-el-placet-de-moncloa_4116630\/\" target=\"_self\" rel=\"nofollow noopener\">Escribano Mechanical &amp; Engineering (EM&amp;E),<\/a><\/strong> la empresa propiedad de los hermanos <strong>\u00c1ngel y Javier Escribano,<\/strong> a su vez presidente y consejero de la empresa semip\u00fablica de defensa y tecnolog\u00eda. <\/p>\n","protected":false},"excerpt":{"rendered":"Los Escribano tendr\u00e1n que esperar hasta la primavera de 2026 para fusionarse con Indra. El consejo de administraci\u00f3n&hellip;\n","protected":false},"author":2,"featured_media":265371,"comment_status":"","ping_status":"","sticky":false,"template":"","format":"standard","meta":{"footnotes":""},"categories":[80],"tags":[82,95,94,25,24,23],"class_list":{"0":"post-265370","1":"post","2":"type-post","3":"status-publish","4":"format-standard","5":"has-post-thumbnail","7":"category-economia","8":"tag-business","9":"tag-economia","10":"tag-economy","11":"tag-es","12":"tag-espana","13":"tag-spain"},"share_on_mastodon":{"url":"https:\/\/pubeurope.com\/@es\/115644236912433618","error":""},"_links":{"self":[{"href":"https:\/\/www.europesays.com\/es\/wp-json\/wp\/v2\/posts\/265370","targetHints":{"allow":["GET"]}}],"collection":[{"href":"https:\/\/www.europesays.com\/es\/wp-json\/wp\/v2\/posts"}],"about":[{"href":"https:\/\/www.europesays.com\/es\/wp-json\/wp\/v2\/types\/post"}],"author":[{"embeddable":true,"href":"https:\/\/www.europesays.com\/es\/wp-json\/wp\/v2\/users\/2"}],"replies":[{"embeddable":true,"href":"https:\/\/www.europesays.com\/es\/wp-json\/wp\/v2\/comments?post=265370"}],"version-history":[{"count":0,"href":"https:\/\/www.europesays.com\/es\/wp-json\/wp\/v2\/posts\/265370\/revisions"}],"wp:featuredmedia":[{"embeddable":true,"href":"https:\/\/www.europesays.com\/es\/wp-json\/wp\/v2\/media\/265371"}],"wp:attachment":[{"href":"https:\/\/www.europesays.com\/es\/wp-json\/wp\/v2\/media?parent=265370"}],"wp:term":[{"taxonomy":"category","embeddable":true,"href":"https:\/\/www.europesays.com\/es\/wp-json\/wp\/v2\/categories?post=265370"},{"taxonomy":"post_tag","embeddable":true,"href":"https:\/\/www.europesays.com\/es\/wp-json\/wp\/v2\/tags?post=265370"}],"curies":[{"name":"wp","href":"https:\/\/api.w.org\/{rel}","templated":true}]}}