{"id":265395,"date":"2025-12-01T12:28:10","date_gmt":"2025-12-01T12:28:10","guid":{"rendered":"https:\/\/www.europesays.com\/es\/265395\/"},"modified":"2025-12-01T12:28:10","modified_gmt":"2025-12-01T12:28:10","slug":"monica-garcia-presenta-la-campana-viva-la-vihda-con-motivo-del-dia-mundial-del-sida","status":"publish","type":"post","link":"https:\/\/www.europesays.com\/es\/265395\/","title":{"rendered":"M\u00f3nica Garc\u00eda presenta la campa\u00f1a \u00abVIVA LA VIHDA\u00bb con motivo del D\u00eda Mundial del Sida"},"content":{"rendered":"<p>            <a href=\"https:\/\/gacetamedica.com\/wp-content\/uploads\/2025\/12\/WhatsApp-Image-2025-12-01-at-12.33.51.jpeg\" data-caption=\"\" rel=\"nofollow noopener\" target=\"_blank\"><img loading=\"lazy\" decoding=\"async\" width=\"696\" height=\"464\" class=\"entry-thumb td-modal-image\" src=\"https:\/\/www.europesays.com\/es\/wp-content\/uploads\/2025\/12\/WhatsApp-Image-2025-12-01-at-12.33.51-696x464.jpeg\"   alt=\"\" title=\"\"\/><\/a><\/p>\n<p><strong>La ministra de Sanidad, <a href=\"https:\/\/gacetamedica.com\/tag\/monica-garcia\/\" data-type=\"link\" data-id=\"https:\/\/gacetamedica.com\/tag\/monica-garcia\/\" rel=\"nofollow noopener\" target=\"_blank\">M\u00f3nica Garc\u00eda<\/a>, ha inaugurado el acto del <a href=\"https:\/\/gacetamedica.com\/tag\/dia-mundial-del-sida\/\" data-type=\"link\" data-id=\"https:\/\/gacetamedica.com\/tag\/dia-mundial-del-sida\/\" rel=\"nofollow noopener\" target=\"_blank\">D\u00eda Mundial del Sida<\/a> y ha presentado la campa\u00f1a 2025 con el lema \u2018VIVA LA VIHDA\u2019<\/strong>. El acto ha girado en torno a los logros y los retos pendientes del Pacto Social por la no discriminaci\u00f3n y la igualdad de trato asociadas al <a href=\"https:\/\/gacetamedica.com\/tag\/vih\/\" data-type=\"link\" data-id=\"https:\/\/gacetamedica.com\/tag\/vih\/\" rel=\"nofollow noopener\" target=\"_blank\">VIH<\/a>, que se puso en marcha en noviembre de 2018. <\/p>\n<p>\u00abLa campa\u00f1a del D\u00eda Mundial del Sida 2025\u00bb, ha dicho la ministra, \u00abcon todo este colorido y esta alegr\u00eda, tiene como lema \u2018VIVA LA VIHDA\u2019, y es en torno a este lema que pivota el acto de hoy, sobre los logros y los retos pendientes del Pacto Social por la no discriminaci\u00f3n\u00bb. <strong>\u00abLa eliminaci\u00f3n del estigma y la discriminaci\u00f3n no es s\u00f3lo un fin en s\u00ed mismo, sino que es instrumental para acabar con esta pandemia<\/strong>. La discriminaci\u00f3n amplifica las desigualdades en salud y sustenta el crecimiento de las pandemias\u00bb.<\/p>\n<p>Seg\u00fan el Sistema de Informaci\u00f3n de nuevos diagn\u00f3sticos, <strong>en 2024 se han notificado en Espa\u00f1a 3.340 nuevos diagn\u00f3sticos de VIH, lo que supone una tasa de 6,95 por 100.000 habitantes, a\u00fan por encima de la media de los pa\u00edses de la Uni\u00f3n Europea<\/strong>. La mitad de estos casos presentan un diagn\u00f3stico tard\u00edo. La evoluci\u00f3n mantiene una tendencia general descendente, con una reducci\u00f3n m\u00e1s acusada a partir de 2019.<\/p>\n<p><strong>La v\u00eda sexual contin\u00faa siendo el principal modo de transmisi\u00f3n<\/strong>. La transmisi\u00f3n entre hombres que tienen sexo con otros hombres es la mayoritaria y, por primera vez, el n\u00famero de personas de otros pa\u00edses de origen supera, en cifras absolutas, al de personas nacidas en Espa\u00f1a.<\/p>\n<p><strong>La ministra ha valorado que \u00abestas cifras reflejan las intervenciones en prevenci\u00f3n primaria, secundaria y terciaria dirigidas a todas las personas a riesgo, poniendo en valor la necesidad de una sanidad universal y accesible para todas las personas<\/strong>, independientemente de su origen\u00bb.<\/p>\n<p>Respecto a la prevenci\u00f3n primaria, <strong>desde la incorporaci\u00f3n de la Profilaxis Pre-Exposici\u00f3n (PrEP) a la cartera de servicios del Sistema Nacional de Salud en noviembre de 2019, m\u00e1s de 40.000 personas participan en programas de PrEP<\/strong>. Adem\u00e1s, el Ministerio de Sanidad est\u00e1 trabajando en optimizar su acceso e impulsar los cambios necesarios para garantizar su disponibilidad en las farmacias comunitarias. Tambi\u00e9n est\u00e1 estudiando la incorporaci\u00f3n de los f\u00e1rmacos inyectables de larga duraci\u00f3n para las personas que no pueden beneficiarse de la PrEP oral.<\/p>\n<p>En cuanto a la prevenci\u00f3n secundaria, <strong>el Ministerio ha destacado el esfuerzo diagn\u00f3stico mediante m\u00faltiples iniciativas estatales, auton\u00f3micas y comunitarias y aqu\u00ed<\/strong>, ha dicho la ministra, la PrEP tambi\u00e9n ha tenido un papel importante \u00abporque para su inicio es condici\u00f3n necesaria hacerse una prueba de VIH, lo que ha hecho que decenas de miles de personas a riesgo de VIH se hayan realizado la prueba del VIH\u00bb.<\/p>\n<p>Durante el acto, <strong>se han compartido reflexiones desde los \u00e1mbitos de la cultura, la ciencia, el sector sanitario, la justicia, el deporte y la comunidad de personas afectadas<\/strong>. La ministra ha agradecido la participaci\u00f3n de todos los actores implicados \u00aben especial, a los y a las artistas que nos acompa\u00f1an hoy, a las representantes de la sociedad civil, CESIDA, a los representantes del \u00e1mbito de la comunicaci\u00f3n, al Centro Nacional de Epidemiolog\u00eda del Instituto de Salud Carlos III, a las representantes de las sociedades cient\u00edficas, GeSIDA y SEISIDA, a la Direcci\u00f3n de la Agencia Estatal Comisi\u00f3n Espa\u00f1ola para la Lucha Antidopaje en el Deporte y a la Unidad de Delitos de Odio y Discriminaci\u00f3n de la Fiscal\u00eda General del Estado\u00bb.<\/p>\n<p><strong>La ministra ha recordado que \u00ab2025 es el a\u00f1o de evaluaci\u00f3n intermedia de la estrategia mundial frente al VIH, liderada por ONUSIDA, en un momento donde los avances cient\u00edficos en prevenci\u00f3n y tratamiento son extraordinarios<\/strong>, pero los retrocesos en financiaci\u00f3n y gobernanza de la salud global, unido a los retrocesos en derechos humanos, pueden revertir los logros conseguidos en la \u00faltima d\u00e9cada.\u201d Y ha concluido: \u201cEliminar el SIDA como problema de salud p\u00fablica para el a\u00f1o 2030 exige compromisos pol\u00edticos que defiendan los derechos de todas las personas, y eso incluye una sanidad p\u00fablica y universal. <strong>Con el convencimiento de que los cambios son posibles, y sostenibles, os traslado el compromiso de este Ministerio en la respuesta frente al VIH y al SIDA, agradeciendo, una vez m\u00e1s, que hay\u00e1is venido al Ministerio de Sanidad a celebrar y a reivindicar\u00bb<\/strong>.<\/p>\n<p><strong>El acto se ha cerrado con la lectura del manifiesto de la Coordinadora Estatal de VIH y Sida (CESIDA)<\/strong> en la explanada del Ministerio de Sanidad.<\/p>\n<p><strong>Tambi\u00e9n te puede interesar\u2026<\/strong><\/p>\n","protected":false},"excerpt":{"rendered":"La ministra de Sanidad, M\u00f3nica Garc\u00eda, ha inaugurado el acto del D\u00eda Mundial del Sida y ha presentado&hellip;\n","protected":false},"author":2,"featured_media":265396,"comment_status":"","ping_status":"","sticky":false,"template":"","format":"standard","meta":{"footnotes":""},"categories":[92],"tags":[25,24,165,166,23],"class_list":{"0":"post-265395","1":"post","2":"type-post","3":"status-publish","4":"format-standard","5":"has-post-thumbnail","7":"category-salud","8":"tag-es","9":"tag-espana","10":"tag-health","11":"tag-salud","12":"tag-spain"},"share_on_mastodon":{"url":"https:\/\/pubeurope.com\/@es\/115644315022415622","error":""},"_links":{"self":[{"href":"https:\/\/www.europesays.com\/es\/wp-json\/wp\/v2\/posts\/265395","targetHints":{"allow":["GET"]}}],"collection":[{"href":"https:\/\/www.europesays.com\/es\/wp-json\/wp\/v2\/posts"}],"about":[{"href":"https:\/\/www.europesays.com\/es\/wp-json\/wp\/v2\/types\/post"}],"author":[{"embeddable":true,"href":"https:\/\/www.europesays.com\/es\/wp-json\/wp\/v2\/users\/2"}],"replies":[{"embeddable":true,"href":"https:\/\/www.europesays.com\/es\/wp-json\/wp\/v2\/comments?post=265395"}],"version-history":[{"count":0,"href":"https:\/\/www.europesays.com\/es\/wp-json\/wp\/v2\/posts\/265395\/revisions"}],"wp:featuredmedia":[{"embeddable":true,"href":"https:\/\/www.europesays.com\/es\/wp-json\/wp\/v2\/media\/265396"}],"wp:attachment":[{"href":"https:\/\/www.europesays.com\/es\/wp-json\/wp\/v2\/media?parent=265395"}],"wp:term":[{"taxonomy":"category","embeddable":true,"href":"https:\/\/www.europesays.com\/es\/wp-json\/wp\/v2\/categories?post=265395"},{"taxonomy":"post_tag","embeddable":true,"href":"https:\/\/www.europesays.com\/es\/wp-json\/wp\/v2\/tags?post=265395"}],"curies":[{"name":"wp","href":"https:\/\/api.w.org\/{rel}","templated":true}]}}