{"id":265399,"date":"2025-12-01T12:30:09","date_gmt":"2025-12-01T12:30:09","guid":{"rendered":"https:\/\/www.europesays.com\/es\/265399\/"},"modified":"2025-12-01T12:30:09","modified_gmt":"2025-12-01T12:30:09","slug":"pokemon-go-calendario-de-eventos-de-diciembre-2025","status":"publish","type":"post","link":"https:\/\/www.europesays.com\/es\/265399\/","title":{"rendered":"Pok\u00e9mon Go &#8211; calendario de eventos de Diciembre 2025"},"content":{"rendered":"<p><strong>Diciembre<\/strong> marca el cierre del a\u00f1o en <strong>Pok\u00e9mon Go<\/strong>, as\u00ed que es buena idea conocer el <strong>calendario de eventos de diciembre de 2025<\/strong> para no perderte nada.<\/p>\n<p>El mes de diciembre marca el regreso del evento Fiestas Invernales que, como es habitual en Pok\u00e9mon Go, se dividir\u00e1 en dos partes. Por supuesto, tambi\u00e9n regresar\u00e1 el evento de A\u00f1o Nuevo.<\/p>\n<p>\u00a1Vamos a echar un vistazo al <strong>calendario de eventos de diciembre de 2025 de Pok\u00e9mon Go<\/strong>!<\/p>\n<p>Calendario de eventos de Pok\u00e9mon Go en diciembre de 2025<\/p>\n<p>Estos son todos los eventos de Pok\u00e9mon Go que suceden en diciembre de 2025:<\/p>\n<tr>\nFecha<br \/>\nEvento<br \/>\n<\/tr>\n<tr>\n<td>Martes 2 a Martes 9 de diciembre<\/td>\n<td>Aventura en Paldea<\/td>\n<\/tr>\n<tr>\n<td>S\u00e1bado 6 a Domingo 7 de diciembre<\/td>\n<td><a href=\"https:\/\/www.eurogamer.es\/pokemon-go-dia-comunidad-fecha-horario-movimientos\" rel=\"nofollow noopener\" target=\"_blank\">D\u00edas de la Comunidad de Diciembre<\/a><\/td>\n<\/tr>\n<tr>\n<td>Jueves 11 a Martes 16 de diciembre<\/td>\n<td>Bien Armados<\/td>\n<\/tr>\n<tr>\n<td>Domingo 14 de diciembre<\/td>\n<td>D\u00eda de Combates Max<\/td>\n<\/tr>\n<tr>\n<td>Jueves 18 a Mi\u00e9rcoles 24 de diciembre<\/td>\n<td>Fiestas Invernales Parte 1<\/td>\n<\/tr>\n<tr>\n<td>S\u00e1bado 20 de diciembre<\/td>\n<td>D\u00eda de Investigaci\u00f3n<\/td>\n<\/tr>\n<tr>\n<td>Mi\u00e9rcoles 24 a Lunes 29 de diciembre<\/td>\n<td>Fiestas Invernales Parte 2<\/td>\n<\/tr>\n<tr>\n<td>S\u00e1bado 27 a Domingo 28 de diciembre<\/td>\n<td>Fin de Semana Invernal<\/td>\n<\/tr>\n<tr>\n<td>Jueves 31 de diciembre a Domingo 4 de enero<\/td>\n<td>A\u00f1o Nuevo 2026<\/td>\n<\/tr>\n<p>Por norma general diciembre se centra en el regreso de eventos anteriores (y la llegada de nuevos Pok\u00e9mon con disfraz en el evento Fiestas Invernales), pero este a\u00f1o tendremos el evento nuevo Aventuras en Paldea que marcar\u00e1 la llegada de nuevos <a href=\"https:\/\/www.eurogamer.es\/pokemon-go-gen-9-todos-lista-criaturas-escarlata-purpura-region-paldea-novena-generacion\" rel=\"nofollow noopener\" target=\"_blank\">Pok\u00e9mon de 9\u00aa generaci\u00f3n<\/a>.<\/p>\n<p>\u00a1Disfruta de los eventos de diciembre en Pok\u00e9mon Go! Tambi\u00e9n tenemos un <a href=\"https:\/\/www.eurogamer.es\/pokemon-go-calendario-incursiones-raids-diciembre-2025\" rel=\"nofollow noopener\" target=\"_blank\">calendario de incursiones<\/a> para el mes.<\/p>\n","protected":false},"excerpt":{"rendered":"Diciembre marca el cierre del a\u00f1o en Pok\u00e9mon Go, as\u00ed que es buena idea conocer el calendario de&hellip;\n","protected":false},"author":2,"featured_media":265400,"comment_status":"","ping_status":"","sticky":false,"template":"","format":"standard","meta":{"footnotes":""},"categories":[81],"tags":[119,123,124,25,24,117,121,122,23,118,120],"class_list":{"0":"post-265399","1":"post","2":"type-post","3":"status-publish","4":"format-standard","5":"has-post-thumbnail","7":"category-ciencia-y-tecnologia","8":"tag-ciencia","9":"tag-ciencia-y-tecnologia","10":"tag-cienciaytecnologia","11":"tag-es","12":"tag-espana","13":"tag-science","14":"tag-science-and-technology","15":"tag-scienceandtechnology","16":"tag-spain","17":"tag-technology","18":"tag-tecnologia"},"share_on_mastodon":{"url":"https:\/\/pubeurope.com\/@es\/115644322584324445","error":""},"_links":{"self":[{"href":"https:\/\/www.europesays.com\/es\/wp-json\/wp\/v2\/posts\/265399","targetHints":{"allow":["GET"]}}],"collection":[{"href":"https:\/\/www.europesays.com\/es\/wp-json\/wp\/v2\/posts"}],"about":[{"href":"https:\/\/www.europesays.com\/es\/wp-json\/wp\/v2\/types\/post"}],"author":[{"embeddable":true,"href":"https:\/\/www.europesays.com\/es\/wp-json\/wp\/v2\/users\/2"}],"replies":[{"embeddable":true,"href":"https:\/\/www.europesays.com\/es\/wp-json\/wp\/v2\/comments?post=265399"}],"version-history":[{"count":0,"href":"https:\/\/www.europesays.com\/es\/wp-json\/wp\/v2\/posts\/265399\/revisions"}],"wp:featuredmedia":[{"embeddable":true,"href":"https:\/\/www.europesays.com\/es\/wp-json\/wp\/v2\/media\/265400"}],"wp:attachment":[{"href":"https:\/\/www.europesays.com\/es\/wp-json\/wp\/v2\/media?parent=265399"}],"wp:term":[{"taxonomy":"category","embeddable":true,"href":"https:\/\/www.europesays.com\/es\/wp-json\/wp\/v2\/categories?post=265399"},{"taxonomy":"post_tag","embeddable":true,"href":"https:\/\/www.europesays.com\/es\/wp-json\/wp\/v2\/tags?post=265399"}],"curies":[{"name":"wp","href":"https:\/\/api.w.org\/{rel}","templated":true}]}}