{"id":265415,"date":"2025-12-01T12:44:10","date_gmt":"2025-12-01T12:44:10","guid":{"rendered":"https:\/\/www.europesays.com\/es\/265415\/"},"modified":"2025-12-01T12:44:10","modified_gmt":"2025-12-01T12:44:10","slug":"preguntan-a-marta-sanchez-si-existe-un-efecto-rosalia-y-lo-que-dice-provoca-cientos-de-comentarios-alguno-indignado","status":"publish","type":"post","link":"https:\/\/www.europesays.com\/es\/265415\/","title":{"rendered":"Preguntan a Marta S\u00e1nchez si existe un &#8216;efecto Rosal\u00eda&#8217; y lo que dice provoca cientos de comentarios, alguno indignado"},"content":{"rendered":"<p>La cantante Marta S\u00e1nchez <a href=\"https:\/\/www.huffingtonpost.es\/virales\/marta-sanchez-habla-tapujos-sobre-rosalia-matiz-pocos-atreverian-luego-da-rotunda-opinion.html\" rel=\"nofollow noopener\" target=\"_blank\">ha hablado con toda sinceridad, <\/a>y ha provocado un aluvi\u00f3n de reacciones, cuando durante una entrevista le han preguntado <b>si cree que hay un \u00abefecto Rosal\u00eda\u00bb <\/b>a ra\u00edz de <a href=\"https:\/\/www.huffingtonpost.es\/virales\/en-financial-times-han-escuchado-ultimo-disco-rosalia-han-hecho-comparacion-nadie-espana-le-ocurriria.html\" rel=\"nofollow noopener\" target=\"_blank\">la gran repercusi\u00f3n que ha tenido su \u00faltimo disco, Lux.<\/a><\/p>\n<p>\u00abHay muchos artistas latinos de hace muchas d\u00e9cadas que empezaron ya pico pala a abrir el terreno. <b>No son los que est\u00e1n ahora los que han descubierto Am\u00e9rica<\/b>. Creo que la m\u00fasica latina la lleva trabajando mucha gente antes\u00bb, ha dejado claro Marta S\u00e1nchez en una entrevista en Esquire.<\/p>\n<p>\u00abYo qu\u00e9 s\u00e9&#8230; Gloria Estefan, Julio Iglesias, Roc\u00edo Jurado, Juan Luis Guerra&#8230; Tantos y tantos. Entonces <b>no se puede olvidar el trabajo que han hecho ellos<\/b> antes de mucha gente nueva que est\u00e1 triunfando hoy en d\u00eda\u00bb, ha insistido la artista.<\/p>\n<p>\u00abSe lo merece\u00bb<\/p>\n<p>\u00abPero tambi\u00e9n <b>creo que la m\u00fasica latina es muy poderosa,<\/b> que nuestra lengua somos muchos millones de hispanoparlantes. Tambi\u00e9n hemos trabajado mucho que la lengua espa\u00f1ola suene bien en la m\u00fasica y los americanos se han dado cuenta hace d\u00e9cadas. Y, eso s\u00ed, es importante que los trabajos que llegan all\u00ed sean buenos, como el caso de &#8216;Lux&#8217; y eso se lo merece. Se lo ha ganado a pulso\u00bb ha acabado diciendo.<\/p>\n<p>Esas palabras han provocado multitud de reacciones. Por ejemplo, una usuaria se\u00f1ala: \u00abRosal\u00eda no es un efecto, <b>es una de las mejores artistas del mundo<\/b>! El efecto lo causa en sus fans que nos deja estupefactos con cada trabajo suyo. Cada d\u00eda se supera y por eso ha llegado a lo m\u00e1s lejos y lo que le queda, mi admiraci\u00f3n y respeto, siempre suyos\u00bb.<\/p>\n<p>\u00abQuerida, Rosal\u00eda se lo est\u00e1 currando hace much\u00edsimo, no hace falta que venga una tibia a darle el visto bueno a Rosal\u00eda\u00bb, se\u00f1ala otra persona. \u00abSe lo debemos todo a Ad\u00e1n y Eva dice ella. No la he entendido bien\u00bb, a\u00f1ade otro.<\/p>\n<p>Marta S\u00e1nchez ya se refiri\u00f3 hace unas semanas al \u00faltimo disco de Rosal\u00eda. Lo hizo en una entrevista en ABC en la que se\u00f1al\u00f3:\u00a0<b>\u00abMe parece brutal.<\/b> Hay algunas canciones que entiendo menos, pero las que me gustan y entiendo son maravillosas y creo que las cosas si pasan es por algo. Y a ella le est\u00e1 pasando algo incre\u00edble que se merece\u00bb.<\/p>\n","protected":false},"excerpt":{"rendered":"La cantante Marta S\u00e1nchez ha hablado con toda sinceridad, y ha provocado un aluvi\u00f3n de reacciones, cuando durante&hellip;\n","protected":false},"author":2,"featured_media":265416,"comment_status":"","ping_status":"","sticky":false,"template":"","format":"standard","meta":{"footnotes":""},"categories":[174],"tags":[255,3427,146,147,25,24,10542,256,14494,14025,199,23],"class_list":{"0":"post-265415","1":"post","2":"type-post","3":"status-publish","4":"format-standard","5":"has-post-thumbnail","7":"category-famosos","8":"tag-celebrities","9":"tag-efecto","10":"tag-entertainment","11":"tag-entretenimiento","12":"tag-es","13":"tag-espana","14":"tag-existe","15":"tag-famosos","16":"tag-marta","17":"tag-preguntan","18":"tag-sanchez","19":"tag-spain"},"share_on_mastodon":{"url":"https:\/\/pubeurope.com\/@es\/115644378163870755","error":""},"_links":{"self":[{"href":"https:\/\/www.europesays.com\/es\/wp-json\/wp\/v2\/posts\/265415","targetHints":{"allow":["GET"]}}],"collection":[{"href":"https:\/\/www.europesays.com\/es\/wp-json\/wp\/v2\/posts"}],"about":[{"href":"https:\/\/www.europesays.com\/es\/wp-json\/wp\/v2\/types\/post"}],"author":[{"embeddable":true,"href":"https:\/\/www.europesays.com\/es\/wp-json\/wp\/v2\/users\/2"}],"replies":[{"embeddable":true,"href":"https:\/\/www.europesays.com\/es\/wp-json\/wp\/v2\/comments?post=265415"}],"version-history":[{"count":0,"href":"https:\/\/www.europesays.com\/es\/wp-json\/wp\/v2\/posts\/265415\/revisions"}],"wp:featuredmedia":[{"embeddable":true,"href":"https:\/\/www.europesays.com\/es\/wp-json\/wp\/v2\/media\/265416"}],"wp:attachment":[{"href":"https:\/\/www.europesays.com\/es\/wp-json\/wp\/v2\/media?parent=265415"}],"wp:term":[{"taxonomy":"category","embeddable":true,"href":"https:\/\/www.europesays.com\/es\/wp-json\/wp\/v2\/categories?post=265415"},{"taxonomy":"post_tag","embeddable":true,"href":"https:\/\/www.europesays.com\/es\/wp-json\/wp\/v2\/tags?post=265415"}],"curies":[{"name":"wp","href":"https:\/\/api.w.org\/{rel}","templated":true}]}}