{"id":265419,"date":"2025-12-01T12:48:12","date_gmt":"2025-12-01T12:48:12","guid":{"rendered":"https:\/\/www.europesays.com\/es\/265419\/"},"modified":"2025-12-01T12:48:12","modified_gmt":"2025-12-01T12:48:12","slug":"rtve-argumenta-las-diferencias-entre-mananeros-360-directo-al-grano-y-malas-lenguas-y-defiende-su-pluralidad","status":"publish","type":"post","link":"https:\/\/www.europesays.com\/es\/265419\/","title":{"rendered":"RTVE argumenta las diferencias entre &#8216;Ma\u00f1aneros 360&#8217;, &#8216;Directo al grano&#8217; y &#8216;Malas lenguas&#8217;, y defiende su pluralidad"},"content":{"rendered":"<p class=\"article-text\">\n        En los \u00faltimos meses, <strong>RTVE <\/strong>ha convertido la actualidad en la columna vertebral de la parrilla diaria de<strong> La 1<\/strong>, que se ha cimentado sobre <strong>La hora de La 1, Ma\u00f1aneros 360, Directo al grano <\/strong>y<strong> Malas Lenguas<\/strong>. Una apuesta por los <strong>magacines en directo<\/strong> que est\u00e1 dando buenos resultados en <a href=\"https:\/\/www.eldiario.es\/vertele\/audiencias-tv\/noviembre-2025-antena-3-lidera-la-1-bate-records-seguir-acecho-telecinco-continua-capacidad-reaccionar-lasexta-cuatro_1_12801910.html\" target=\"_blank\" data-mrf-recirculation=\"links-noticia\" class=\"link\" rel=\"nofollow noopener\">audiencias<\/a>, disparando a la p\u00fablica a r\u00e9cords en los \u00faltimos tiempos, pero que ha provocado algunas<strong> cr\u00edticas por sus temas y estructuras similares<\/strong>. A ellas ha respondido <strong>Ana Mar\u00eda Bordas<\/strong>, directora de contenidos originales de la Corporaci\u00f3n.\n    <\/p>\n<p>    <a href=\"https:\/\/www.eldiario.es\/vertele\/noticias\/increpan-periodista-rtve-concentracion-ferraz-fascistas-revuelta-vox-psoe_1_12809048.html\" data-mrf-recirculation=\"saber-mas\" data-dl-event=\"saber-mas\" rel=\"nofollow noopener\" target=\"_blank\"><\/p>\n<p class=\"know-more__title\">Increpan a una periodista de RTVE en la concentraci\u00f3n de Ferraz: \u00abFascistas haciendo cosas de fascistas\u00bb<\/p>\n<p>            <img decoding=\"async\" class=\"lazy\" loading=\"lazy\" data-src=\"https:\/\/static.eldiario.es\/clip\/529bba6f-4854-4fa8-af7a-9a94dcb7bcb4_16-9-aspect-ratio_default_0.jpg\" src=\"data:image\/svg+xml,%3Csvg xmlns=\" http:=\"\" viewbox=\"0 0 880 495\" alt=\"Increpan a una periodista de RTVE en la concentraci\u00f3n de Ferraz: &quot;Fascistas haciendo cosas de fascistas&quot;\"\/><\/p>\n<p>                        <\/a><\/p>\n<p class=\"article-text\">\n        En su visita de este domingo a <strong>RTVE Responde<\/strong>, la Defensora de la Audiencia <strong>Beatriz Ari\u00f1o<\/strong> mostr\u00f3 a Bordas la queja de una espectadora que calificaba a este grupo de formatos como \u201crepetitivos\u201d: \u201cDa la sensaci\u00f3n que<strong> est\u00e1s viendo el mismo programa todo el d\u00eda<\/strong>\u201d, criticaba la televidente. Palabras contra las que argument\u00f3 la directiva, defendiendo las diferencias entre las distintas ofertas de La 1.\n    <\/p>\n<p class=\"article-text\">\n        \u201cUno de los retos que nos marc\u00f3 la direcci\u00f3n era hacer una tele m\u00e1s viva, m\u00e1s \u00e1gil y m\u00e1s abierta, y <strong>necesit\u00e1bamos tener m\u00e1s horas de directos<\/strong>. No quer\u00edamos tener toda la programaci\u00f3n diaria enlatada, y ha sido un reto hacer magacines y programas que nos permiten estar muy pegados a la actualidad\u201d, comenz\u00f3 expresando Ana Mar\u00eda Bordas en RTVE.\n    <\/p>\n<p>            <img decoding=\"async\" class=\"lazy\" loading=\"lazy\" data-src=\"https:\/\/static.eldiario.es\/clip\/ec12fc65-38b4-4fc0-b0e9-656273a7b5a3_16-9-discover-aspect-ratio_default_0.jpg\" src=\"data:image\/svg+xml,%3Csvg xmlns=\" http:=\"\" viewbox=\"0 0 1200 675\" alt=\"Ana Mar\u00eda Bordas en RTVE Responde\"\/><\/p>\n<p class=\"article-text\">\n        \u201cEsta se\u00f1ora cree que son temas repetitivos, pero te puedo asegurar que no porque <strong>el equipo de magacines lo coordina muy bien<\/strong>\u201d, agreg\u00f3 la directora de contenidos. \u201cEs verdad que la actualidad marca y hay veces que hay noticias que las repites a lo largo del d\u00eda con sus variaciones, pero <strong>el contenido de los programas vienen muy marcado por la hora de emisi\u00f3n<\/strong> porque las audiencias no son las mismas\u201d, argument\u00f3 Bordas, desarrollando los temas en los que se detiene m\u00e1s cada uno de los programas.\n    <\/p>\n<p class=\"article-text\">\n        \u201cEn <strong>Ma\u00f1aneros 360<\/strong> tenemos mucha<strong> informaci\u00f3n social<\/strong>, much\u00edsima, aunque luego tambi\u00e9n hay un bloque de pol\u00edtica hacia el mediod\u00eda, y eso marca mucho. Por la tarde, en <strong>Directo al grano<\/strong>, tratamos <strong>much\u00edsimos temas<\/strong> de forma muy \u00e1gil y r\u00e1pida. Y ya en <strong>Malas Lenguas<\/strong>, en La 2 s\u00ed que son temas m\u00e1s <strong>pol\u00edticos <\/strong>y en La 1 vuelven a ser temas de <strong>investigaci\u00f3n<\/strong>, actualidad y sociales\u201d, detall\u00f3 la directiva de RTVE.\n    <\/p>\n<p>    La pluralidad y la crispaci\u00f3n en los debates <\/p>\n<p class=\"article-text\">\n        A continuaci\u00f3n, Beatriz Ari\u00f1o traslad\u00f3 a Ana Mar\u00eda Bordas algunas de las quejas que m\u00e1s se repiten en su buz\u00f3n como Defensora de la Audiencia: la <strong>pluralidad <\/strong>y la <strong>crispaci\u00f3n <\/strong>en los debates que se organizan en estos programas. A todo ello tambi\u00e9n respondi\u00f3 la responsable de contenidos de la Corporaci\u00f3n.\n    <\/p>\n<p class=\"article-text\">\n        Sobre lo primero, Bordas afirm\u00f3 que \u201cen todos los programas que tenemos de actualidad donde hay mesas de debate,<strong> la elecci\u00f3n de tertulianos o invitados para comentar actualidad responde a una gran pluralidad<\/strong>. Buscamos diversidad en g\u00e9nero, edad, medio de comunicaci\u00f3n&#8230;  tenemos much\u00edsimos periodistas de <strong>diferentes ideolog\u00edas<\/strong> y cuidamos mucho que esa selecci\u00f3n responda a la pluralidad porque adem\u00e1s tenemos que dar muchas cuentas en el Parlamento y en todos los controles que tenemos, que me parecen muy bien\u201d.\n    <\/p>\n<p>    <a href=\"https:\/\/www.eldiario.es\/vertele\/audiencias-tv\/noviembre-2025-antena-3-lidera-la-1-bate-records-seguir-acecho-telecinco-continua-capacidad-reaccionar-lasexta-cuatro_1_12801910.html\" data-mrf-recirculation=\"saber-mas-abajo\" data-dl-event=\"saber-mas-abajo\" rel=\"nofollow noopener\" target=\"_blank\"><\/p>\n<p class=\"know-more__title\">Antena 3 lidera noviembre, La 1 bate r\u00e9cords para seguir al acecho y Telecinco contin\u00faa sin capacidad de reacci\u00f3n\n<\/p>\n<p>            <img decoding=\"async\" class=\"lazy\" loading=\"lazy\" data-src=\"https:\/\/static.eldiario.es\/clip\/3952b036-9e70-420d-8736-2c19d181ef5a_16-9-aspect-ratio_default_0.jpg\" src=\"data:image\/svg+xml,%3Csvg xmlns=\" http:=\"\" viewbox=\"0 0 880 495\" alt=\"Antena 3 lidera noviembre, La 1 bate r\u00e9cords para seguir al acecho y Telecinco contin\u00faa sin capacidad de reacci\u00f3n\"\/><\/p>\n<p>                        <\/a><\/p>\n<p>            <img decoding=\"async\" class=\"lazy\" loading=\"lazy\" data-src=\"https:\/\/static.eldiario.es\/clip\/11985cb1-4578-4080-87a7-3c3a6dff3a3b_16-9-discover-aspect-ratio_default_0.jpg\" src=\"data:image\/svg+xml,%3Csvg xmlns=\" http:=\"\" viewbox=\"0 0 1200 675\" alt=\"Ana Mar\u00eda Bordas en RTVE Responde\"\/><\/p>\n<p class=\"article-text\">\n        Sobre lo segundo, la directiva apunt\u00f3 que \u201cintentamos que haya opiniones de todo tipo, de cualquier ideolog\u00eda, y cuando tratas temas de actualidad se crea debate oorque los tertulianos, que son libres de opinar lo que quieran, debaten entre ellos. Intentamos que sea un debate<strong> dentro de los l\u00edmites de una TV p\u00fablica y respetando nuestro c\u00f3digo \u00e9tico <\/strong>y los mandatos que tenemos, pero hay veces que s\u00ed que es verdad que se encienden en el fragor de la batalla\u201d.\n    <\/p>\n","protected":false},"excerpt":{"rendered":"En los \u00faltimos meses, RTVE ha convertido la actualidad en la columna vertebral de la parrilla diaria de&hellip;\n","protected":false},"author":2,"featured_media":265420,"comment_status":"","ping_status":"","sticky":false,"template":"","format":"standard","meta":{"footnotes":""},"categories":[171],"tags":[16117,65766,5443,33143,2125,146,147,25,24,22509,9463,9462,16116,40340,518,23,214],"class_list":{"0":"post-265419","1":"post","2":"type-post","3":"status-publish","4":"format-standard","5":"has-post-thumbnail","7":"category-tv","8":"tag-16117","9":"tag-argumenta","10":"tag-defiende","11":"tag-diferencias","12":"tag-directo","13":"tag-entertainment","14":"tag-entretenimiento","15":"tag-es","16":"tag-espana","17":"tag-grano","18":"tag-lenguas","19":"tag-malas","20":"tag-mananeros","21":"tag-pluralidad","22":"tag-rtve","23":"tag-spain","24":"tag-tv"},"share_on_mastodon":{"url":"","error":""},"_links":{"self":[{"href":"https:\/\/www.europesays.com\/es\/wp-json\/wp\/v2\/posts\/265419","targetHints":{"allow":["GET"]}}],"collection":[{"href":"https:\/\/www.europesays.com\/es\/wp-json\/wp\/v2\/posts"}],"about":[{"href":"https:\/\/www.europesays.com\/es\/wp-json\/wp\/v2\/types\/post"}],"author":[{"embeddable":true,"href":"https:\/\/www.europesays.com\/es\/wp-json\/wp\/v2\/users\/2"}],"replies":[{"embeddable":true,"href":"https:\/\/www.europesays.com\/es\/wp-json\/wp\/v2\/comments?post=265419"}],"version-history":[{"count":0,"href":"https:\/\/www.europesays.com\/es\/wp-json\/wp\/v2\/posts\/265419\/revisions"}],"wp:featuredmedia":[{"embeddable":true,"href":"https:\/\/www.europesays.com\/es\/wp-json\/wp\/v2\/media\/265420"}],"wp:attachment":[{"href":"https:\/\/www.europesays.com\/es\/wp-json\/wp\/v2\/media?parent=265419"}],"wp:term":[{"taxonomy":"category","embeddable":true,"href":"https:\/\/www.europesays.com\/es\/wp-json\/wp\/v2\/categories?post=265419"},{"taxonomy":"post_tag","embeddable":true,"href":"https:\/\/www.europesays.com\/es\/wp-json\/wp\/v2\/tags?post=265419"}],"curies":[{"name":"wp","href":"https:\/\/api.w.org\/{rel}","templated":true}]}}