{"id":265428,"date":"2025-12-01T12:53:10","date_gmt":"2025-12-01T12:53:10","guid":{"rendered":"https:\/\/www.europesays.com\/es\/265428\/"},"modified":"2025-12-01T12:53:10","modified_gmt":"2025-12-01T12:53:10","slug":"bertin-osborne-y-gabriela-guillen-firman-esta-semana-el-convenio-regulador-de-la-custodia-de-su-hijo","status":"publish","type":"post","link":"https:\/\/www.europesays.com\/es\/265428\/","title":{"rendered":"Bert\u00edn Osborne y Gabriela Guill\u00e9n firman esta semana el convenio regulador de la custodia de su hijo"},"content":{"rendered":"<p class=\"v-mdl-ath__p v-mdl-ath__p--6\">\nLunes, 1 de diciembre 2025, 13:30<\/p>\n<p class=\"v-p\">Despu\u00e9s de la entrevista cargada de reproches que Gabriela Guill\u00e9n concedi\u00f3 a &#8216;\u00a1De viernes!&#8217; parece que Bert\u00edn Osborne y la madre de su hijo menor firmar\u00e1n esta semana el convenio por el que regular\u00e1n todo lo concerniente al menor. Un tr\u00e1mite que se hab\u00eda retrasado hasta ahora por desidia del cantante, seg\u00fan desliz\u00f3 la paraguaya en su intervenci\u00f3n televisiva. Aunque inicialmente el presentador transmiti\u00f3 que estaba \u00abmolesto\u00bb porque entend\u00eda que Gabriela se estaba aprovechando de la situaci\u00f3n para obtener beneficio econ\u00f3mico, finalmente Beatriz Jarr\u00edn confirm\u00f3 el domingo en el programa &#8216;Fiesta&#8217; que esta misma semana rubricar\u00e1n el acuerdo. <\/p>\n<p class=\"v-p\">Gabriela acus\u00f3 a Bert\u00edn de \u00abfalta de comunicaci\u00f3n y de inter\u00e9s\u00bb. Seg\u00fan revel\u00f3, el cantante ha visto al ni\u00f1o \u00abtres veces y la \u00faltima vez fue para la exclusiva\u00bb. \u00abYo a \u00e9l en ning\u00fan momento le he pedido que cambie pa\u00f1ales ni que lo lleve al colegio, pero yo no he recibido ninguna llamada preguntando oye est\u00e1 bien, le falta algo. Eso es de lo que yo me quejo. Ese desinter\u00e9s\u00bb, recrimin\u00f3. \u00abNo ha pagado nada, no hay responsabilidad de nada absolutamente\u00bb, resumi\u00f3 rotunda, mientras Bert\u00edn trasladaba al mismo programa que \u00abno estaba cumpliendo econ\u00f3micamente con su hijo porque en estos momentos no est\u00e1 bien econ\u00f3micamente\u00bb. <\/p>\n<p>Reporta un error<\/p>\n","protected":false},"excerpt":{"rendered":"Lunes, 1 de diciembre 2025, 13:30 Despu\u00e9s de la entrevista cargada de reproches que Gabriela Guill\u00e9n concedi\u00f3 a&hellip;\n","protected":false},"author":2,"featured_media":265429,"comment_status":"","ping_status":"","sticky":false,"template":"","format":"standard","meta":{"footnotes":""},"categories":[91],"tags":[25177,17226,47806,146,147,25,24,2470,24056,16630,30,25178,34150,773,23],"class_list":{"0":"post-265428","1":"post","2":"type-post","3":"status-publish","4":"format-standard","5":"has-post-thumbnail","7":"category-entretenimiento","8":"tag-bertin","9":"tag-convenio","10":"tag-custodia","11":"tag-entertainment","12":"tag-entretenimiento","13":"tag-es","14":"tag-espana","15":"tag-firman","16":"tag-gabriela","17":"tag-guillen","18":"tag-hijo","19":"tag-osborne","20":"tag-regulador","21":"tag-semana","22":"tag-spain"},"share_on_mastodon":{"url":"https:\/\/pubeurope.com\/@es\/115644412994725480","error":""},"_links":{"self":[{"href":"https:\/\/www.europesays.com\/es\/wp-json\/wp\/v2\/posts\/265428","targetHints":{"allow":["GET"]}}],"collection":[{"href":"https:\/\/www.europesays.com\/es\/wp-json\/wp\/v2\/posts"}],"about":[{"href":"https:\/\/www.europesays.com\/es\/wp-json\/wp\/v2\/types\/post"}],"author":[{"embeddable":true,"href":"https:\/\/www.europesays.com\/es\/wp-json\/wp\/v2\/users\/2"}],"replies":[{"embeddable":true,"href":"https:\/\/www.europesays.com\/es\/wp-json\/wp\/v2\/comments?post=265428"}],"version-history":[{"count":0,"href":"https:\/\/www.europesays.com\/es\/wp-json\/wp\/v2\/posts\/265428\/revisions"}],"wp:featuredmedia":[{"embeddable":true,"href":"https:\/\/www.europesays.com\/es\/wp-json\/wp\/v2\/media\/265429"}],"wp:attachment":[{"href":"https:\/\/www.europesays.com\/es\/wp-json\/wp\/v2\/media?parent=265428"}],"wp:term":[{"taxonomy":"category","embeddable":true,"href":"https:\/\/www.europesays.com\/es\/wp-json\/wp\/v2\/categories?post=265428"},{"taxonomy":"post_tag","embeddable":true,"href":"https:\/\/www.europesays.com\/es\/wp-json\/wp\/v2\/tags?post=265428"}],"curies":[{"name":"wp","href":"https:\/\/api.w.org\/{rel}","templated":true}]}}