{"id":265436,"date":"2025-12-01T12:57:13","date_gmt":"2025-12-01T12:57:13","guid":{"rendered":"https:\/\/www.europesays.com\/es\/265436\/"},"modified":"2025-12-01T12:57:13","modified_gmt":"2025-12-01T12:57:13","slug":"adjudicadas-las-obras-del-teatro-romano-en-cadiz","status":"publish","type":"post","link":"https:\/\/www.europesays.com\/es\/265436\/","title":{"rendered":"Adjudicadas las obras del Teatro Romano, en C\u00e1diz"},"content":{"rendered":"<p class=\"paragraph-atom&#10;        &#10;        B-510-400-550-N B-525-400-700-N--md&#10;        &#10;        \">\n    La Consejer\u00eda de Cultura de la Junta de Andaluc\u00eda ha adjudicado, al fin, las obras de rehabilitaci\u00f3n del Teatro Romano de C\u00e1diz. <a href=\"https:\/\/www.diariodecadiz.es\/cadiz\/cultura-vuelve-licitar-obras-teatro-romano-incremento-dotacion_0_2004722545.html\" rel=\"nofollow noopener\" target=\"_blank\">El segundo proceso de licitaci\u00f3n puesto en marcha<\/a> ha culminado con la contrataci\u00f3n de la empresa Arcobeltia Construcciones S.L., que se har\u00e1 cargo de los trabajos por <strong>2,88 millones de euros y un plazo de ejecuci\u00f3n de 20 meses<\/strong>.\n    <\/p>\n<p class=\"paragraph-atom&#10;        &#10;        B-510-400-550-N B-525-400-700-N--md&#10;        &#10;        \">\n    Ha recordado la administraci\u00f3n auton\u00f3mica que esta nueva intervenci\u00f3n en el Teatro Romano <strong>se centrar\u00e1 en la Posada del Mes\u00f3n, construcci\u00f3n del siglo XVII, y en la reordenaci\u00f3n del acceso al Teatro Romano de C\u00e1diz<\/strong>, \u00abcon el fin de reestructurar los recorridos de visita y acoger a los visitantes del enclave arqueol\u00f3gico de la capital gaditana en un espacio m\u00e1s adecuado a sus valores\u00bb, seg\u00fan expone la Junta.\n    <\/p>\n<p class=\"paragraph-atom&#10;        &#10;        B-510-400-550-N B-525-400-700-N--md&#10;        &#10;        \">\n    Actualmente, la zona de recepci\u00f3n de visitantes, de modestas dimensiones, permite la visi\u00f3n general del grader\u00edo descubierto y, puntualmente, la referencia de las estructuras de la escena mediante pozos de registro. Ahora, gracias a <strong>esta nueva fase de trabajos que permitir\u00e1 incorporar la Posada del Mes\u00f3n<\/strong> ampliar\u00e1 la capacidad de estos espacios, dotando al \u00e1rea de acogida de una escuela adecuada al bien patrimonial. Y es que rese\u00f1a Cultura que el \u00e1rea arqueol\u00f3gica excavada en las caballerizas de la Posada del Mes\u00f3n \u00abresulta de especial inter\u00e9s por ser un punto donde confluyen distintos espacios del enclave que no son visibles en ning\u00fan otro lugar del yacimiento, pues esta zona resulta trascendental para comprender tanto el sistema de accesos como la articulaci\u00f3n de la \u2018cavea\u2019 con el cuerpo esc\u00e9nico del teatro\u00bb.\n    <\/p>\n<p class=\"paragraph-atom&#10;        &#10;        B-510-400-550-N B-525-400-700-N--md&#10;        &#10;        \">\n    \u00abLa posada disfruta de una posici\u00f3n estrat\u00e9gica, tanto en relaci\u00f3n con las estructuras subyacentes, afectando al encuentro del grader\u00edo con el \u2018aditus\u2019 y el sector oeste del \u2018proscaenium\u2019, como con el viario y las principales edificaciones del barrio. La propuesta trata de <strong>destacar el car\u00e1cter urbano del pasaje de acceso como prolongaci\u00f3n natural de la calle Mes\u00f3n y extensi\u00f3n hacia los nuevos recorridos y espacios de visita p\u00fablica<\/strong>. A ello suma la Junta la configuraci\u00f3n arquitect\u00f3nica del inmueble, en torno a un patio central que se convertir\u00e1 en punto de encuentro.\n    <\/p>\n<p class=\"paragraph-atom&#10;        &#10;        B-510-400-550-N B-525-400-700-N--md&#10;        &#10;        \">\n    A estos trabajos en la Posada del Mes\u00f3n le seguir\u00e1 <strong>una segunda fase con el fin de intervenir en las c\u00e1veas y \u2018ambulacrum\u2019 y la ordenaci\u00f3n del borde meridional del recinto<\/strong> del Teatro Romano de C\u00e1diz, inscrito en el Cat\u00e1logo General del Patrimonio Hist\u00f3rico Andaluz como Bien de Inter\u00e9s Cultural (BIC).\n    <\/p>\n","protected":false},"excerpt":{"rendered":"La Consejer\u00eda de Cultura de la Junta de Andaluc\u00eda ha adjudicado, al fin, las obras de rehabilitaci\u00f3n del&hellip;\n","protected":false},"author":2,"featured_media":265437,"comment_status":"","ping_status":"","sticky":false,"template":"","format":"standard","meta":{"footnotes":""},"categories":[8],"tags":[65768,17,18,2193,25,24,13,14,11,19,20,9,10,15,16,474,2498,23,1651,12,21,22],"class_list":{"0":"post-265436","1":"post","2":"type-post","3":"status-publish","4":"format-standard","5":"has-post-thumbnail","7":"category-espana","8":"tag-adjudicadas","9":"tag-breaking-news","10":"tag-breakingnews","11":"tag-cadiz","12":"tag-es","13":"tag-espana","14":"tag-featured-news","15":"tag-featurednews","16":"tag-headlines","17":"tag-latest-news","18":"tag-latestnews","19":"tag-news","20":"tag-noticias","21":"tag-noticias-destacadas","22":"tag-noticiasdestacadas","23":"tag-obras","24":"tag-romano","25":"tag-spain","26":"tag-teatro","27":"tag-titulares","28":"tag-ultimas-noticias","29":"tag-ultimasnoticias"},"share_on_mastodon":{"url":"https:\/\/pubeurope.com\/@es\/115644428774502494","error":""},"_links":{"self":[{"href":"https:\/\/www.europesays.com\/es\/wp-json\/wp\/v2\/posts\/265436","targetHints":{"allow":["GET"]}}],"collection":[{"href":"https:\/\/www.europesays.com\/es\/wp-json\/wp\/v2\/posts"}],"about":[{"href":"https:\/\/www.europesays.com\/es\/wp-json\/wp\/v2\/types\/post"}],"author":[{"embeddable":true,"href":"https:\/\/www.europesays.com\/es\/wp-json\/wp\/v2\/users\/2"}],"replies":[{"embeddable":true,"href":"https:\/\/www.europesays.com\/es\/wp-json\/wp\/v2\/comments?post=265436"}],"version-history":[{"count":0,"href":"https:\/\/www.europesays.com\/es\/wp-json\/wp\/v2\/posts\/265436\/revisions"}],"wp:featuredmedia":[{"embeddable":true,"href":"https:\/\/www.europesays.com\/es\/wp-json\/wp\/v2\/media\/265437"}],"wp:attachment":[{"href":"https:\/\/www.europesays.com\/es\/wp-json\/wp\/v2\/media?parent=265436"}],"wp:term":[{"taxonomy":"category","embeddable":true,"href":"https:\/\/www.europesays.com\/es\/wp-json\/wp\/v2\/categories?post=265436"},{"taxonomy":"post_tag","embeddable":true,"href":"https:\/\/www.europesays.com\/es\/wp-json\/wp\/v2\/tags?post=265436"}],"curies":[{"name":"wp","href":"https:\/\/api.w.org\/{rel}","templated":true}]}}