{"id":265438,"date":"2025-12-01T12:58:09","date_gmt":"2025-12-01T12:58:09","guid":{"rendered":"https:\/\/www.europesays.com\/es\/265438\/"},"modified":"2025-12-01T12:58:09","modified_gmt":"2025-12-01T12:58:09","slug":"el-ayuntamiento-inicia-los-trabajos-preparatorios-de-las-obras-de-reurbanizacion-del-acerado-de-la-calle-santo-domingo","status":"publish","type":"post","link":"https:\/\/www.europesays.com\/es\/265438\/","title":{"rendered":"El Ayuntamiento inicia los trabajos preparatorios de las obras de reurbanizaci\u00f3n del acerado de la calle Santo Domingo"},"content":{"rendered":"<p>El Ayuntamiento <strong>ha iniciado los trabajos previos de las obras de \u00a0reurbanizaci\u00f3n y reforma integral del acerado de la calle de Santo Domingo,<\/strong> en el tramo comprendido entre Jos\u00e9 C\u00e1diz Salvatierra y la Plaza del Caballo, que fueron adjudicadas a la empresa Obras y Excavaciones Manzano, S.L., por importe de 237.780,02 euros y <strong>un plazo de ejecuci\u00f3n de cuatro meses. <\/strong>Estos trabajos iniciales consisten en la se\u00f1alizaci\u00f3n y acotamiento de la zona de obras as\u00ed como en la retirada, por parte del \u00c1rea de Medio Ambiente, del arbolado seco y deteriorado de la calle Santo Domingo, que ser\u00e1 sustituido por ejemplares de otras especies m\u00e1s adecuadas para la zona, tal y como se anunci\u00f3 hace unos d\u00edas.<\/p>\n<p><strong>El proyecto ha sido redactado por los servicios t\u00e9cnicos de la Delegaci\u00f3n de Urbanismo <\/strong>y tienen como objeto la reforma completa de las infraestructuras urbanas de este entorno, donde existen tramos intransitables y con desperfectos que van a ser subsanados en su totalidad, <strong>mejorando as\u00ed la accesibilidad, el tr\u00e1nsito peatonal y la seguridad vial, y dando respuesta a demandas reales de la ciudadan\u00eda.<\/strong><\/p>\n<p>De forma m\u00e1s detallada, esta intervenci\u00f3n incluye todas las obras necesarias para llevar a cabo la renovaci\u00f3n integral del acerado calle de Santo Domingo en el tramo referido, que <strong>tiene una longitud de 250 metros lineales<\/strong>. Entre las obras previstas figuran la retirada del pavimento actual; la nivelaci\u00f3n y compactaci\u00f3n de la superficie mediante el extendido de subbase; la ejecuci\u00f3n de una solera de hormig\u00f3n, y la terminaci\u00f3n del acerado con soler\u00eda hidr\u00e1ulica. En los vados de entrada de veh\u00edculos a los garajes existentes se ha previsto la terminaci\u00f3n con pavimento de adoquines prefabricados.<\/p>\n<p><strong>El proyecto se completa con la sustituci\u00f3n de luminarias por otras nuevas de tecnolog\u00eda LED<\/strong> para un mayor ahorro energ\u00e9tico y conservando las columnas actuales de 4 metros de altura, as\u00ed como la canalizaci\u00f3n subterr\u00e1nea de telefon\u00eda para proceder al soterramiento de una l\u00ednea a\u00e9rea que discurre en la acera colindante al IES Padre Luis Coloma. Finalmente, se llevar\u00e1 a cabo la reparaci\u00f3n puntual de la alineaci\u00f3n de los bordillos de granito.<\/p>\n<p><strong>As\u00ed pues, con esta intervenci\u00f3n se facilita que las personas mayores o con movilidad reducida puedan pasear por esta calle de manera segura y c\u00f3moda<\/strong>, haciendo de Jerez una ciudad m\u00e1s inclusiva. Asimismo, al reparar y nivelar el pavimento y renovar bordillos se reduce el peligro de accidentes tanto para peatones como para conductores. Igualmente, se sigue avanzando en el modelo de modernizaci\u00f3n y eficiencia energ\u00e9tica con el cambio de las luminarias antiguas por tecnolog\u00eda LED, que, no s\u00f3lo reduce el gasto energ\u00e9tico, sino que genera una iluminaci\u00f3n m\u00e1s eficiente y segura durante la noche.<\/p>\n<p>\u00a0<\/p>\n<p class=\"p1\">\u00a0<\/p>\n","protected":false},"excerpt":{"rendered":"El Ayuntamiento ha iniciado los trabajos previos de las obras de \u00a0reurbanizaci\u00f3n y reforma integral del acerado de&hellip;\n","protected":false},"author":2,"featured_media":265439,"comment_status":"","ping_status":"","sticky":false,"template":"","format":"standard","meta":{"footnotes":""},"categories":[5],"tags":[17,18,25,24,13,14,11,19,20,9,10,15,16,23,12,21,22],"class_list":{"0":"post-265438","1":"post","2":"type-post","3":"status-publish","4":"format-standard","5":"has-post-thumbnail","7":"category-titulares","8":"tag-breaking-news","9":"tag-breakingnews","10":"tag-es","11":"tag-espana","12":"tag-featured-news","13":"tag-featurednews","14":"tag-headlines","15":"tag-latest-news","16":"tag-latestnews","17":"tag-news","18":"tag-noticias","19":"tag-noticias-destacadas","20":"tag-noticiasdestacadas","21":"tag-spain","22":"tag-titulares","23":"tag-ultimas-noticias","24":"tag-ultimasnoticias"},"share_on_mastodon":{"url":"https:\/\/pubeurope.com\/@es\/115644432609695573","error":""},"_links":{"self":[{"href":"https:\/\/www.europesays.com\/es\/wp-json\/wp\/v2\/posts\/265438","targetHints":{"allow":["GET"]}}],"collection":[{"href":"https:\/\/www.europesays.com\/es\/wp-json\/wp\/v2\/posts"}],"about":[{"href":"https:\/\/www.europesays.com\/es\/wp-json\/wp\/v2\/types\/post"}],"author":[{"embeddable":true,"href":"https:\/\/www.europesays.com\/es\/wp-json\/wp\/v2\/users\/2"}],"replies":[{"embeddable":true,"href":"https:\/\/www.europesays.com\/es\/wp-json\/wp\/v2\/comments?post=265438"}],"version-history":[{"count":0,"href":"https:\/\/www.europesays.com\/es\/wp-json\/wp\/v2\/posts\/265438\/revisions"}],"wp:featuredmedia":[{"embeddable":true,"href":"https:\/\/www.europesays.com\/es\/wp-json\/wp\/v2\/media\/265439"}],"wp:attachment":[{"href":"https:\/\/www.europesays.com\/es\/wp-json\/wp\/v2\/media?parent=265438"}],"wp:term":[{"taxonomy":"category","embeddable":true,"href":"https:\/\/www.europesays.com\/es\/wp-json\/wp\/v2\/categories?post=265438"},{"taxonomy":"post_tag","embeddable":true,"href":"https:\/\/www.europesays.com\/es\/wp-json\/wp\/v2\/tags?post=265438"}],"curies":[{"name":"wp","href":"https:\/\/api.w.org\/{rel}","templated":true}]}}