{"id":265468,"date":"2025-12-01T13:20:11","date_gmt":"2025-12-01T13:20:11","guid":{"rendered":"https:\/\/www.europesays.com\/es\/265468\/"},"modified":"2025-12-01T13:20:11","modified_gmt":"2025-12-01T13:20:11","slug":"las-senales-de-trump-que-apuntan-al-dia-d-para-el-regimen-chavista-el-mundo","status":"publish","type":"post","link":"https:\/\/www.europesays.com\/es\/265468\/","title":{"rendered":"Las se\u00f1ales de Trump que apuntan al D\u00eda D para el r\u00e9gimen chavista &#8211; El Mundo"},"content":{"rendered":"<ol>\n<li><a href=\"https:\/\/news.google.com\/rss\/articles\/CBMigwFBVV95cUxPeVRncFc3YzAzal9mOXh0M1BFRHV3NW5qYXVrUXNKbVdvb1d5R3JzWjlvdW1SNUVDZ3J2NV9EaXFMSHNsYUw3YTdPYnBSMUJnUy1QWl9XZkhReVZCd2lNS2VsZzVsUjFYVnZfVnBKdGtBTkhGUnZJYkcwS3AtZW1CZl90ONIBgwFBVV95cUxOdDBEcnpwQmNqVVcybXZaVDVENTlXaksxdXRUd2ttLThOWWJ1RVRtUElQSEhvMW1WQm5FbWRiSUVhdkg5Y0dpNmVJR3QydDRYV0ttZi1rd2RlSlNYZDlQaE9RWDJqV042bUhSaGpLUEstenZTRFBSOTF1cy1GamNYbGFxTQ?oc=5\" target=\"_blank\" rel=\"nofollow noopener\">Las se\u00f1ales de Trump que apuntan al D\u00eda D para el r\u00e9gimen chavista<\/a>&nbsp;&nbsp;El Mundo<\/li>\n<li><a href=\"https:\/\/news.google.com\/rss\/articles\/CBMi2wFBVV95cUxOdE5jbzd3U3ZXVVlkeFNZR2FPZHV3OVIzSWNVSm5TbUFPbkVtWjlVX1hMRHNFdzltTmh0SU5GanFHMWxSS25uMHhHY2Q3VGxfaDhFUjZ5c0N6b2RPcXFMeUxKejdZd3lNUElQTU5LZU5vT1l6d09GRVlpQlY4RE4tNzFUaE9WRFhhNmVkajdNMWlNVUk1aHhWREpuSUwzSVF2MG9lS2h2b1RxZ2JlckhUNFRRV2RaMUxnaTBVMl90eHFjU21oOG5ablJPb0tSd0NXb1hoWGUwY2JEbknSAdsBQVVfeXFMTzhiZjhad1ptU0d1Q2FKcUk4MXRLSmhUa0Q1QlBGVDdOdXhyeElELVo3SXRVcDQxSm4wWWl4MmRjUWo3eFVJY1V4SldvdnBBeVBtbDZndnRHUm51bFk3ZFRJNG1UQUdCRkw0cFlOTm1MeDdiZlJvR2pDUV9WX3l0ZmhuU21LRkY3UVJhby04d2VqbEl5OEdGYTVIN0kwWjVXZWJObVJnZXFtdldSTVJFRUNHQnVFb2ZNVllNN21uOFBnNTFVZ09jeE9QUmZLNjlEbjZQOXM1SGVlNnpv?oc=5\" target=\"_blank\" rel=\"nofollow noopener\">Venezuela, en vilo ante una posible ofensiva armada de EEUU: odas a Maduro, militarizaci\u00f3n, oposici\u00f3n dividida e inflaci\u00f3n galopante<\/a>&nbsp;&nbsp;El Peri\u00f3dico<\/li>\n<li><a href=\"https:\/\/news.google.com\/rss\/articles\/CBMipgJBVV95cUxPZXBPZVVuTmlRRjFvWmxuc3BWbWpnUzNJX1VmTVhyY3FoV2Z1Y0kyazR2aTVJWnJETUhSdnh6aDBhY2NNbUdRbHliUTlxa0dheU4wV01hNnhma200QUdub3Z6bDlOQkdmTFNzWDJXSzRVQzNPUEZlcHBXMDhXRm50bDVKdkhuV2hNRlVuRjB1MVdCeFUxY2Vld3lPaHJuODB2dEU2WmNPQVp0b0s0M0tvazdSNUJDd2hrRnExWXY1cXdMOE5uU0dVMWlhVHFScEYxR0RoVGt3b0ZtZG1KamVFSHV5a1ZibWNDbUlJazA5OTBjYkt1NUFIVFZjeFRWX2MzN2hkbnk0djJ4a3FsYi1CakNYYzFKSlhiS2VmeVl0cTdMVnVlZkE?oc=5\" target=\"_blank\" rel=\"nofollow noopener\">Marta Garc\u00eda Aller se\u00f1ala los ataques de Trump en las aguas de Venezuela: \u00abTiene pinta de crimen de guerra\u00bb<\/a>&nbsp;&nbsp;Onda Cero<\/li>\n<li><a href=\"https:\/\/news.google.com\/rss\/articles\/CBMioAFBVV95cUxOYXNGQll5djM0aGUtUnlWVW04Q3I4c2JCdGtFejRFLU9DTy1nNVhzYVZ5bkQwTldKZVdvT0tfanBkclE1ZC1MbzRKcV9zd1VzeGJnUzViNkt2eGhLblBFX0MzaWw1MXdaN2QwUjdubkRIU0ZwXzYxYmJfOHkzMWZXa2VFZEdrbjdsUFNDMV8ya2FlZ2VhT2JKYnJQM0t6QUx4?oc=5\" target=\"_blank\" rel=\"nofollow noopener\">Trump vigila a Maduro en su patio trasero, por Juan M. Hern\u00e1ndez Pu\u00e9rtolas<\/a>&nbsp;&nbsp;La Vanguardia<\/li>\n<li><a href=\"https:\/\/news.google.com\/rss\/articles\/CBMi2gFBVV95cUxNTWh3ZXdDZ3ZIb2h0Ym1xWFBFdFY1aWdRVEcybkkya3FUSzZWa1FnRU1TM1Bfb3Rka01VenZvb25HZDZzTkd2RmJ4anJDTUZfckJRRktUM1MyZThaWV8wakhkbXFpc2xWajVnN3hsdjNTWGpNVHd4SkpFWE9IaXZickw0eEZfckpYQVlJcFoxMTkxbHVHbE5kdmJpd1dIWHVuMTBLbXpfVllJcUxKbTJubHJ1clpvYkZPUy1SX1NYcXRVeXBxblBDaVRPMEZoRVgwaWgzX3lsTEYzdw?oc=5\" target=\"_blank\" rel=\"nofollow noopener\">Trump avisa que EE.UU. har\u00e1 ataques en tierra venezolana \u00abmuy pronto\u00bb<\/a>&nbsp;&nbsp;La Voz de Galicia<\/li>\n<\/ol>\n","protected":false},"excerpt":{"rendered":"Las se\u00f1ales de Trump que apuntan al D\u00eda D para el r\u00e9gimen chavista&nbsp;&nbsp;El Mundo Venezuela, en vilo ante&hellip;\n","protected":false},"author":2,"featured_media":265469,"comment_status":"","ping_status":"","sticky":false,"template":"","format":"standard","meta":{"footnotes":""},"categories":[42],"tags":[17,18,352,22619,629,13,14,11,61,62,63,64,19,20,9,1194,44827,10,15,16,12,21,22,1192,65,66,67],"class_list":{"0":"post-265468","1":"post","2":"type-post","3":"status-publish","4":"format-standard","5":"has-post-thumbnail","7":"category-internacional","8":"tag-breaking-news","9":"tag-breakingnews","10":"tag-donald-trump","11":"tag-especial-trump","12":"tag-estados-unidos","13":"tag-featured-news","14":"tag-featurednews","15":"tag-headlines","16":"tag-internacional","17":"tag-international","18":"tag-international-news","19":"tag-internationalnews","20":"tag-latest-news","21":"tag-latestnews","22":"tag-news","23":"tag-nicolas-maduro","24":"tag-nlpremium","25":"tag-noticias","26":"tag-noticias-destacadas","27":"tag-noticiasdestacadas","28":"tag-titulares","29":"tag-ultimas-noticias","30":"tag-ultimasnoticias","31":"tag-venezuela","32":"tag-world","33":"tag-world-news","34":"tag-worldnews"},"share_on_mastodon":{"url":"https:\/\/pubeurope.com\/@es\/115644519306725042","error":""},"_links":{"self":[{"href":"https:\/\/www.europesays.com\/es\/wp-json\/wp\/v2\/posts\/265468","targetHints":{"allow":["GET"]}}],"collection":[{"href":"https:\/\/www.europesays.com\/es\/wp-json\/wp\/v2\/posts"}],"about":[{"href":"https:\/\/www.europesays.com\/es\/wp-json\/wp\/v2\/types\/post"}],"author":[{"embeddable":true,"href":"https:\/\/www.europesays.com\/es\/wp-json\/wp\/v2\/users\/2"}],"replies":[{"embeddable":true,"href":"https:\/\/www.europesays.com\/es\/wp-json\/wp\/v2\/comments?post=265468"}],"version-history":[{"count":0,"href":"https:\/\/www.europesays.com\/es\/wp-json\/wp\/v2\/posts\/265468\/revisions"}],"wp:featuredmedia":[{"embeddable":true,"href":"https:\/\/www.europesays.com\/es\/wp-json\/wp\/v2\/media\/265469"}],"wp:attachment":[{"href":"https:\/\/www.europesays.com\/es\/wp-json\/wp\/v2\/media?parent=265468"}],"wp:term":[{"taxonomy":"category","embeddable":true,"href":"https:\/\/www.europesays.com\/es\/wp-json\/wp\/v2\/categories?post=265468"},{"taxonomy":"post_tag","embeddable":true,"href":"https:\/\/www.europesays.com\/es\/wp-json\/wp\/v2\/tags?post=265468"}],"curies":[{"name":"wp","href":"https:\/\/api.w.org\/{rel}","templated":true}]}}