{"id":265470,"date":"2025-12-01T13:21:16","date_gmt":"2025-12-01T13:21:16","guid":{"rendered":"https:\/\/www.europesays.com\/es\/265470\/"},"modified":"2025-12-01T13:21:16","modified_gmt":"2025-12-01T13:21:16","slug":"la-zona-de-bajas-emisiones-de-malaga-empieza-a-multar-afectara-a-mas-de-15-000-vehiculos-diarios","status":"publish","type":"post","link":"https:\/\/www.europesays.com\/es\/265470\/","title":{"rendered":"La Zona de Bajas Emisiones de M\u00e1laga empieza a multar: afectar\u00e1 a m\u00e1s de 15.000 veh\u00edculos diarios"},"content":{"rendered":"<p>Se acab\u00f3 el periodo de gracia o de prueba y empieza el segundo a\u00f1o de la Zona de Bajas Emisiones (ZBE) en M\u00e1laga capital. La  &#8230; ordenanza que la regula entr\u00f3 en vigor el 30 de noviembre de 2024. Y las restricciones que empezaron \u00e7, este domingo 30 de noviembre, se extender\u00e1n hasta la misma fecha de 2026. Quienes tengan el veh\u00edculo registrado en la ciudad deben estar tranquilos. A partir de hoy se multar\u00e1 a los veh\u00edculos que no tengan etiqueta ambiental (no es preciso contar con ella f\u00edsicamente), los m\u00e1s antiguos y contaminantes y que, y aqu\u00ed viene un matiz clave, no est\u00e9n registrados en M\u00e1laga capital y, por lo tanto, paguen el Impuesto de Veh\u00edculos de Tracci\u00f3n Mec\u00e1nica (IVTM) en otro municipio.<\/p>\n<p class=\"v-p\">El Ayuntamiento de M\u00e1laga no ofrece los datos exactos de a cu\u00e1ntos veh\u00edculos al d\u00eda afectar\u00e1n las posibles multas que empiezan hoy, pero s\u00ed se puede realizar una aproximaci\u00f3n atinada. En este sentido, el \u00c1rea de Movilidad s\u00ed asegura que el 30% de los veh\u00edculos que circulan por la zona acotada como ZBE proceden del \u00e1rea metropolitana. Seg\u00fan los estudios que sirvieron para armar la ordenanza, 206.000 veh\u00edculos transitan cada d\u00eda por estas calles (la cifra es m\u00e1s que probable que haya aumentado). El citado 30% arrojar\u00eda la cifra de 61.800 turismos, motos y ciclomotores de otros municipios cercanos. Y, a su vez, la media sin etiqueta, seg\u00fan los datos de las patronales de automoci\u00f3n y de las estad\u00edsticas de ventas de segunda mano, ronda el 25%. Por lo tanto, m\u00e1s de 15.000 veh\u00edculos al d\u00eda se enfrentan desde este domingo a posibles multas.<\/p>\n<p><a href=\"http:\/\/www.diariosur.es\/gran-malaga\/saber-zona-bajas-emisiones-malaga-guia-20251128230340-nt.html#vtm_modulosEngag=mod-rel:gran-malaga:noticia:1:cmp:2-not\" class=\"v-a-link\" title=\"Lo b\u00e1sico que tienes que saber de la Zona de Bajas Emisiones en M\u00e1laga: gu\u00eda pr\u00e1ctica y resumida\" rel=\"nofollow noopener\" target=\"_blank\"><br \/>\n<img decoding=\"async\" loading=\"lazy\" class=\"v-a-img\" src=\"https:\/\/www.europesays.com\/es\/wp-content\/uploads\/2025\/12\/WhatsApp Image 2025-11-27 at 14.46.20 (1)-U04637224544MIN-366x256@Diario Sur.jpeg\" alt=\"Lo b\u00e1sico que tienes que saber de la Zona de Bajas Emisiones en M\u00e1laga: gu\u00eda pr\u00e1ctica y resumida\"\/><br \/>\n<\/a><\/p>\n<p><a href=\"http:\/\/www.diariosur.es\/malaga-capital\/chatzbe-pregunta-ia-zona-bajas-emisiones-malaga-20251127010108-nt.html#vtm_modulosEngag=mod-rel:gran-malaga:noticia:2:cmp:2-not\" class=\"v-a-link\" title=\"ChatZBE: pregunta a nuestra IA por la Zona de Bajas Emisiones de M\u00e1laga\" rel=\"nofollow noopener\" target=\"_blank\"><br \/>\n<img decoding=\"async\" loading=\"lazy\" class=\"v-a-img\" src=\"https:\/\/www.europesays.com\/es\/wp-content\/uploads\/2025\/12\/chatiazbe_lead_01.jpg\" alt=\"ChatZBE: pregunta a nuestra IA por la Zona de Bajas Emisiones de M\u00e1laga\"\/><br \/>\n<\/a><\/p>\n<p class=\"v-p\">En este sentido, cabe recordar que acceder a la ZBE sin autorizaci\u00f3n supone una infracci\u00f3n grave, que acarrea 200 euros (que se convierten en 100 si el infractor ejercer el pronto pago). No quita puntos del carn\u00e9.<\/p>\n<p class=\"v-cmp-fgn__t\">\n200\n<\/p>\n<p class=\"v-p\">euros es la multa por acceso incorrecto, 100 por pronto pago.<\/p>\n<p class=\"v-p\">Los puntos de control a la ZBE con mayor tr\u00e1fico ser\u00edan el Paseo Antonio Machado-Avenida Ingeniero Jos\u00e9 Mar\u00eda Garnica, Bail\u00e9n-Trinidad y Avenida de Andaluc\u00eda-Jardines Picasso (21.000 coches diarios). Muy de cerca (20.000) les sigue el Paseo Pablo Ruiz Picasso con Rafael P\u00e9rez Estrada.<\/p>\n<p class=\"v-cmp-fgn__t\">\n30%\n<\/p>\n<p class=\"v-p\">de los 206.000 movimientos dentro de la Zona de Bajas Emisiones procede el \u00e1rea metropolitana de M\u00e1laga. <\/p>\n<p class=\"v-p\">La superficie central que ocupa este \u00e1rea supera los 404 campos de f\u00fatbol y en este espacio residen casi 73.500 vecinos. Acapara el 26% de los viajes motorizados de toda la ciudad.<\/p>\n<p>Composici\u00f3n del parque m\u00f3vil<\/p>\n<p class=\"v-p\">\u00bfC\u00f3mo es el parque m\u00f3vil que ahora circula por estas calles? La etiqueta mayoritaria es la C (40,4%), seguida, con un 31,1%, por la B, el distintivo en el que puede empezar a haber problemas, pero a partir de finales del a\u00f1o que viene. Casi uno de cada 4 coches carece de etiqueta, como se ha dicho. Y los limpios, ECO y 0, s\u00f3lo suponen el 3% y menos del 1% respectivamente. Eso s\u00ed, los veh\u00edculos puramente el\u00e9ctricos e h\u00edbridos enchufables est\u00e1n doblando ventas este a\u00f1o, seg\u00fan datos de la Asociaci\u00f3n Malague\u00f1a de Automoci\u00f3n (AMA), en buena medida, adem\u00e1s de por las restricciones al alza, por las ayudas del plan MOVESIII. De hecho, se han agotado, hay miles de compradores en lista de espera, y la Junta de Andaluc\u00eda ha reclamado al Gobierno central que ampl\u00ede la convocatoria.<\/p>\n<p class=\"v-p\">La ZBE es una medida no exenta de pol\u00e9mica y que, de hecho, est\u00e1 recurrida por el Grupo Municipal de Vox en M\u00e1laga, en los tribunales. La decisi\u00f3n est\u00e1 vista para sentencia.<\/p>\n<p>El esp\u00edritu de la norma<\/p>\n<p class=\"v-p\">El esp\u00edritu de aplicaci\u00f3n de la ordenanza es que el \u00c1rea de Movilidad ha optado por no castigar a los empadronados en M\u00e1laga. Ningun turismo registrado en la ciudad tendr\u00e1 problemas en ning\u00fan momento. Est\u00e1 pensando para que las familias agoten la vida \u00fatil de sus coches o motos. Eso s\u00ed, y esto conviene subrayarlo, no pueden venderlos. O s\u00ed, pero el comprador perder\u00e1 el derecho a circular por la ZBE.<\/p>\n<p class=\"v-p\">Quienes de momento pueden respirar tranquilas son las furgonetas. Tendr\u00e1n cuatro a\u00f1os sin sanciones porque el Consistorio quiere trabajar en un nuevo mapa y ordenaci\u00f3n log\u00edstica y de las zonas de carga y descarga.<\/p>\n<p class=\"v-p\">Los autobuses y transporte p\u00fablico, taxis y VTC, emergencias, veh\u00edculos hist\u00f3ricos y especiales podr\u00e1n asimismo circular por el entorno acotado.<\/p>\n<p class=\"v-p\">A partir de noviembre de 2026 la prohibici\u00f3n alcanzar\u00e1 ya a los coches y motos con etiqueta B y que est\u00e9n &#8216;empadronados&#8217; fuera de M\u00e1laga.<\/p>\n","protected":false},"excerpt":{"rendered":"Se acab\u00f3 el periodo de gracia o de prueba y empieza el segundo a\u00f1o de la Zona de&hellip;\n","protected":false},"author":2,"featured_media":265471,"comment_status":"","ping_status":"","sticky":false,"template":"","format":"standard","meta":{"footnotes":""},"categories":[8],"tags":[10838,17206,8917,17,18,25001,15558,7954,25,24,13,14,11,315,19,20,3855,19258,9,10,15,16,23,12,21,22,10152,6420],"class_list":{"0":"post-265470","1":"post","2":"type-post","3":"status-publish","4":"format-standard","5":"has-post-thumbnail","7":"category-espana","8":"tag-10838","9":"tag-afectara","10":"tag-bajas","11":"tag-breaking-news","12":"tag-breakingnews","13":"tag-diarios","14":"tag-emisiones","15":"tag-empieza","16":"tag-es","17":"tag-espana","18":"tag-featured-news","19":"tag-featurednews","20":"tag-headlines","21":"tag-hoy","22":"tag-latest-news","23":"tag-latestnews","24":"tag-malaga","25":"tag-multar","26":"tag-news","27":"tag-noticias","28":"tag-noticias-destacadas","29":"tag-noticiasdestacadas","30":"tag-spain","31":"tag-titulares","32":"tag-ultimas-noticias","33":"tag-ultimasnoticias","34":"tag-vehiculos","35":"tag-zona"},"share_on_mastodon":{"url":"https:\/\/pubeurope.com\/@es\/115644524301258732","error":""},"_links":{"self":[{"href":"https:\/\/www.europesays.com\/es\/wp-json\/wp\/v2\/posts\/265470","targetHints":{"allow":["GET"]}}],"collection":[{"href":"https:\/\/www.europesays.com\/es\/wp-json\/wp\/v2\/posts"}],"about":[{"href":"https:\/\/www.europesays.com\/es\/wp-json\/wp\/v2\/types\/post"}],"author":[{"embeddable":true,"href":"https:\/\/www.europesays.com\/es\/wp-json\/wp\/v2\/users\/2"}],"replies":[{"embeddable":true,"href":"https:\/\/www.europesays.com\/es\/wp-json\/wp\/v2\/comments?post=265470"}],"version-history":[{"count":0,"href":"https:\/\/www.europesays.com\/es\/wp-json\/wp\/v2\/posts\/265470\/revisions"}],"wp:featuredmedia":[{"embeddable":true,"href":"https:\/\/www.europesays.com\/es\/wp-json\/wp\/v2\/media\/265471"}],"wp:attachment":[{"href":"https:\/\/www.europesays.com\/es\/wp-json\/wp\/v2\/media?parent=265470"}],"wp:term":[{"taxonomy":"category","embeddable":true,"href":"https:\/\/www.europesays.com\/es\/wp-json\/wp\/v2\/categories?post=265470"},{"taxonomy":"post_tag","embeddable":true,"href":"https:\/\/www.europesays.com\/es\/wp-json\/wp\/v2\/tags?post=265470"}],"curies":[{"name":"wp","href":"https:\/\/api.w.org\/{rel}","templated":true}]}}