{"id":265480,"date":"2025-12-01T13:32:11","date_gmt":"2025-12-01T13:32:11","guid":{"rendered":"https:\/\/www.europesays.com\/es\/265480\/"},"modified":"2025-12-01T13:32:11","modified_gmt":"2025-12-01T13:32:11","slug":"el-actor-de-western-que-ha-interpretado-un-papel-en-el-genero-durante-cada-decada-desde-los-60","status":"publish","type":"post","link":"https:\/\/www.europesays.com\/es\/265480\/","title":{"rendered":"El actor de w\u00e9stern que ha interpretado un papel en el g\u00e9nero durante cada d\u00e9cada desde los 60"},"content":{"rendered":"<p class=\"\">Al pensar en las leyendas del w\u00e9stern, es com\u00fan saltarse al actor Sam Elliot en la lista liderada por John Wayne o Clint Eastwood. Y sin embargo, el int\u00e9rprete <b>deja un legado en el g\u00e9nero que se extiende a lo largo de seis d\u00e9cadas<\/b>, en la que ha trabajado con directores como los hermanos Coen y actuado frente a Kirk Douglas, Robert Redford, Paul Newman o Kurt Russel. La mayor\u00eda de sus papeles han sido secundarios y principalmente han estado dirigido a la pantalla peque\u00f1a, pero <b>su caracter\u00edstico acento sure\u00f1o y grueso bigote<\/b> han consolidado como un aut\u00e9ntico icono del Lejano Oeste. En la segunda temporada de \u2018<b>Landman<\/b>\u2019, estrenada el pasado 16 de noviembre en la plataforma Sky Showtime, interpreta al <b>vig\u00e9simo noveno vaquero de su carrera. <\/b><\/p>\n<p><b>Sam Elliot, el actor de western m\u00e1s prol\u00edfico<\/b><\/p>\n<p class=\"\">La trayectoria de Elliot en las pel\u00edculas del Oeste comenz\u00f3 con peque\u00f1as apariciones en <b>\u2018Camino a Oreg\u00f3n\u2019 o \u2018Dos hombres y un destino\u2019<\/b> a finales de los 60. Su participaci\u00f3n en la m\u00edtica serie de televisi\u00f3n \u2018<b>Gunsmoke<\/b>\u2019 en 1972 forj\u00f3 su reputaci\u00f3n como cowboy de televisi\u00f3n, y a lo largo de la d\u00e9cada protagoniz\u00f3 diferentes cintas dirigidas a la pantalla peque\u00f1a, como <b>\u2018Se busca\u2019 o \u2018No luchar\u00e9 nunca m\u00e1s\u2019<\/b>, pero ser\u00eda el personaje de Tell Sackett en la miniserie \u2018<b>The Sacketts<\/b>\u2019 el que proyectar\u00eda su carrera. Durante los 80, se convirti\u00f3 en el cowboy m\u00e1s reconocible de la televisi\u00f3n con en pel\u00edculas como <b>\u2018Jinetes en la sombra\u2019 y \u2018La independencia de Texas\u2019<\/b>, y la siguiente d\u00e9cada di\u00f3 el salto a Hollywood con \u2018<b>Tombstone: La leyenda de Wyatt Earp<\/b>\u2019, en la que trabaj\u00f3 con Kurt Russell y Val Kilmer, o su papel como narrador en \u2018<b>El gran Lebowski<\/b>\u2019 resaltaba su gran aportaci\u00f3n al g\u00e9nero. <\/p>\n<p><img decoding=\"async\" src=\"https:\/\/www.europesays.com\/es\/wp-content\/uploads\/2025\/12\/2ZP7PCYFF5HLTAZJSYRBQMWA5Y.jpg\" alt=\"El actor de w\u00e9stern que ha interpretado un papel en el g\u00e9nero durante cada d\u00e9cada desde los 60\" height=\"720\" width=\"900\"   loading=\"lazy\"\/><\/p>\n<p class=\"\">Algunos de sus proyectos m\u00e1s recientes son las series <b>\u2018Justified\u2019, \u2018The Ranch\u2019 o \u20191883\u2032<\/b>, aunque tambi\u00e9n ha destacado en el g\u00e9nero dram\u00e1tico con su participaci\u00f3n en la cinta de 2018, \u2018Ha nacido una estrella\u2019, papel por el que recibi\u00f3 su \u00fanica nominaci\u00f3n a los Premios Oscar.<\/p>\n<p>Noticias relacionadas<\/p>\n<p class=\"\">Suscr\u00edbete al <a href=\"https:\/\/www.youtube.com\/@meristation\" target=\"_self\" rel=\"nofollow noopener\" title=\"https:\/\/www.youtube.com\/@meristation\">canal de MeriStation en YouTube<\/a>, tu web de videojuegos y entretenimiento para conocer todas las noticias y novedades sobre el mundo del videojuego, cine, series, manga y anime. An\u00e1lisis, entrevistas, tr\u00e1ileres, gameplays, p\u00f3dcast y mucho m\u00e1s. Tambi\u00e9n te animamos a seguir <a href=\"https:\/\/www.tiktok.com\/@meristation\" rel=\"nofollow noopener\" title=\"https:\/\/www.tiktok.com\/@meristation\" target=\"_blank\">nuestra cuenta de TikTok<\/a>. <\/p>\n<p class=\"\">\u00a1S\u00edguenos en ambas y, si est\u00e1s interesado en licenciar este contenido, pincha <a href=\"https:\/\/profesional.elpais.com\/soluciones-sindicacion?utm_medium=interno&amp;utm_source=crosslinking&amp;utm_campaign=sindicacion_as_pie_articulos\" target=\"_blank\" rel=\"nofollow noopener\" title=\"https:\/\/profesional.elpais.com\/soluciones-sindicacion?utm_medium=interno&amp;utm_source=crosslinking&amp;utm_campaign=sindicacion_as_pie_articulos\">aqu\u00ed<\/a>!<\/p>\n<p><script async src=\"\/\/www.tiktok.com\/embed.js\"><\/script><\/p>\n","protected":false},"excerpt":{"rendered":"Al pensar en las leyendas del w\u00e9stern, es com\u00fan saltarse al actor Sam Elliot en la lista liderada&hellip;\n","protected":false},"author":2,"featured_media":265481,"comment_status":"","ping_status":"","sticky":false,"template":"","format":"standard","meta":{"footnotes":""},"categories":[174],"tags":[255,146,147,25,24,256,23],"class_list":{"0":"post-265480","1":"post","2":"type-post","3":"status-publish","4":"format-standard","5":"has-post-thumbnail","7":"category-famosos","8":"tag-celebrities","9":"tag-entertainment","10":"tag-entretenimiento","11":"tag-es","12":"tag-espana","13":"tag-famosos","14":"tag-spain"},"share_on_mastodon":{"url":"https:\/\/pubeurope.com\/@es\/115644566713336646","error":""},"_links":{"self":[{"href":"https:\/\/www.europesays.com\/es\/wp-json\/wp\/v2\/posts\/265480","targetHints":{"allow":["GET"]}}],"collection":[{"href":"https:\/\/www.europesays.com\/es\/wp-json\/wp\/v2\/posts"}],"about":[{"href":"https:\/\/www.europesays.com\/es\/wp-json\/wp\/v2\/types\/post"}],"author":[{"embeddable":true,"href":"https:\/\/www.europesays.com\/es\/wp-json\/wp\/v2\/users\/2"}],"replies":[{"embeddable":true,"href":"https:\/\/www.europesays.com\/es\/wp-json\/wp\/v2\/comments?post=265480"}],"version-history":[{"count":0,"href":"https:\/\/www.europesays.com\/es\/wp-json\/wp\/v2\/posts\/265480\/revisions"}],"wp:featuredmedia":[{"embeddable":true,"href":"https:\/\/www.europesays.com\/es\/wp-json\/wp\/v2\/media\/265481"}],"wp:attachment":[{"href":"https:\/\/www.europesays.com\/es\/wp-json\/wp\/v2\/media?parent=265480"}],"wp:term":[{"taxonomy":"category","embeddable":true,"href":"https:\/\/www.europesays.com\/es\/wp-json\/wp\/v2\/categories?post=265480"},{"taxonomy":"post_tag","embeddable":true,"href":"https:\/\/www.europesays.com\/es\/wp-json\/wp\/v2\/tags?post=265480"}],"curies":[{"name":"wp","href":"https:\/\/api.w.org\/{rel}","templated":true}]}}