{"id":265492,"date":"2025-12-01T13:39:08","date_gmt":"2025-12-01T13:39:08","guid":{"rendered":"https:\/\/www.europesays.com\/es\/265492\/"},"modified":"2025-12-01T13:39:08","modified_gmt":"2025-12-01T13:39:08","slug":"castilla-la-mancha-es-de-las-comunidades-de-espana-que-menos-casos-de-sida-registra-ser-ciudad-real","status":"publish","type":"post","link":"https:\/\/www.europesays.com\/es\/265492\/","title":{"rendered":"Castilla-La Mancha es de las comunidades de Espa\u00f1a que menos casos de SIDA registra | SER Ciudad Real"},"content":{"rendered":"<p class=\"loc\">Ciudad Real<\/p>\n<p>M\u00e1s de cuatro d\u00e9cadas d\u00e9cadas despu\u00e9s de detectar el primer caso en 1983, se siguen contabilizando: m\u00e1s 3.000 casos notificados en toda Espa\u00f1a (3340) y 52 en Castilla-La Mancha en 2024, el \u00faltimo a\u00f1o en el que hay datos registrados. <\/p>\n<p>En CLM hay registros desde 2008, y los casos notificados se han movido han ido bajando en los \u00faltimos 6 a\u00f1os; en el 23, 82 casos y 52 en el 24, siendo una de las comunidades aut\u00f3nomas con menor incidencia, solo por delante de Cantabria, Ceuta y Melilla. Desde hace m\u00e1s de tres d\u00e9cadas, Basida, con casa de acogida en Manzanares, ayuda a las personas que tienen VIH de manera gratuita a nivel sanitario, psicol\u00f3gico, afectivo, emocional y social, tal y como sostiene su educadora social, Cristina Alonso.<\/p>\n<p>Esta casa de acogida de Manzanares cuenta con 20 plazas. Fue inaugurada en 1995 y durante 13 a\u00f1os fue el \u00fanico recurso especifico en Castilla-La Mancha para la atenci\u00f3n de personas con VIH\/sida. A d\u00eda de hoy atiende tambi\u00e9n a otras personas que no tienen la enfermedad, como a personas sin techo. Recordemos que se trata de una enfermedad cr\u00f3nica y para la que hay tratamiento, lo que ha hecho que el paciente ya no necesite tantos cuidados asistenciales. <\/p>\n<p>La importancia de realizarse la prueba<\/p>\n<p>El perfil que acude a esta casa de Manzanares suele ser el de hombres de entre 40-45 a\u00f1os que contraen la enfermedad por v\u00eda heterosexual. Aunque han habido avances se sigue insistiendo en la prevenci\u00f3n, ya que casi la mitad de personas que padecen la enfermedad, no son conscientes de ello y por tanto no tienen un diagnostico. Es importante hacerse la prueba que la detecta, gratuita y confidencial para todos.<\/p>\n","protected":false},"excerpt":{"rendered":"Ciudad Real M\u00e1s de cuatro d\u00e9cadas d\u00e9cadas despu\u00e9s de detectar el primer caso en 1983, se siguen contabilizando:&hellip;\n","protected":false},"author":2,"featured_media":265493,"comment_status":"","ping_status":"","sticky":false,"template":"","format":"standard","meta":{"footnotes":""},"categories":[92],"tags":[25,24,165,166,23],"class_list":{"0":"post-265492","1":"post","2":"type-post","3":"status-publish","4":"format-standard","5":"has-post-thumbnail","7":"category-salud","8":"tag-es","9":"tag-espana","10":"tag-health","11":"tag-salud","12":"tag-spain"},"share_on_mastodon":{"url":"https:\/\/pubeurope.com\/@es\/115644593851783992","error":""},"_links":{"self":[{"href":"https:\/\/www.europesays.com\/es\/wp-json\/wp\/v2\/posts\/265492","targetHints":{"allow":["GET"]}}],"collection":[{"href":"https:\/\/www.europesays.com\/es\/wp-json\/wp\/v2\/posts"}],"about":[{"href":"https:\/\/www.europesays.com\/es\/wp-json\/wp\/v2\/types\/post"}],"author":[{"embeddable":true,"href":"https:\/\/www.europesays.com\/es\/wp-json\/wp\/v2\/users\/2"}],"replies":[{"embeddable":true,"href":"https:\/\/www.europesays.com\/es\/wp-json\/wp\/v2\/comments?post=265492"}],"version-history":[{"count":0,"href":"https:\/\/www.europesays.com\/es\/wp-json\/wp\/v2\/posts\/265492\/revisions"}],"wp:featuredmedia":[{"embeddable":true,"href":"https:\/\/www.europesays.com\/es\/wp-json\/wp\/v2\/media\/265493"}],"wp:attachment":[{"href":"https:\/\/www.europesays.com\/es\/wp-json\/wp\/v2\/media?parent=265492"}],"wp:term":[{"taxonomy":"category","embeddable":true,"href":"https:\/\/www.europesays.com\/es\/wp-json\/wp\/v2\/categories?post=265492"},{"taxonomy":"post_tag","embeddable":true,"href":"https:\/\/www.europesays.com\/es\/wp-json\/wp\/v2\/tags?post=265492"}],"curies":[{"name":"wp","href":"https:\/\/api.w.org\/{rel}","templated":true}]}}