{"id":265496,"date":"2025-12-01T13:41:11","date_gmt":"2025-12-01T13:41:11","guid":{"rendered":"https:\/\/www.europesays.com\/es\/265496\/"},"modified":"2025-12-01T13:41:11","modified_gmt":"2025-12-01T13:41:11","slug":"comprad-ahora-porque-en-unos-meses-sera-mucho-peor","status":"publish","type":"post","link":"https:\/\/www.europesays.com\/es\/265496\/","title":{"rendered":"\u00abComprad ahora, porque en unos meses ser\u00e1 mucho peor\u201d"},"content":{"rendered":"<p data-gtm-element-container=\"modulo-texto-link\" class=\"paragraph\">El sector del hardware de PC y la electr\u00f3nica de consumo atraviesa una nueva crisis que amenaza tanto a usuarios como a fabricantes. El aumento sostenido de los precios de componentes clave, como memorias RAM y discos SSD, est\u00e1 dificultando que muchos puedan actualizar sus equipos o ensamblar nuevos desde cero. Esta situaci\u00f3n refleja no solo tensiones en la cadena de suministro global, sino tambi\u00e9n un aumento de la demanda tecnol\u00f3gica frente a una oferta limitada, lo que genera incertidumbre en el mercado.<\/p>\n<p data-gtm-element-container=\"modulo-texto-link\" class=\"paragraph\">El influencer chus4life ha publicado un mensaje en sus redes, en el que advierte a todo tipo de usuarios de la situaci\u00f3n que est\u00e1 por venir en los pr\u00f3ximos meses: \u201cComprad ahora, porque sera mucho peor\u201d, empieza diciendo.\u00a0<\/p>\n<p>        Lee tambi\u00e9n<\/p>\n<p>    Marc Mestres<\/p>\n<p>             <img loading=\"lazy\" decoding=\"async\" data-full-src=\"https:\/\/www.lavanguardia.com\/uploads\/2025\/07\/23\/6880cf860d107.jpeg\" alt=\"Xavier M\u00e1rquez en Catalunya R\u00e0dio\" width=\"104\" height=\"108\" src=\"https:\/\/www.europesays.com\/es\/wp-content\/uploads\/2025\/12\/6880cf860d107.jpeg\" class=\"lazy\"\/><\/p>\n<p>                <img loading=\"lazy\" decoding=\"async\" data-full-src=\"https:\/\/www.lavanguardia.com\/uploads\/2023\/04\/24\/644680ca2ca3d.jpeg\" alt=\"Fate loves determination\" width=\"449\" height=\"258\" src=\"https:\/\/www.europesays.com\/es\/wp-content\/uploads\/2025\/12\/644680ca2ca3d.r_d.3758-2160.jpeg\" class=\"lazy\"\/><\/p>\n<p class=\"caption-title \">Para muchos el ordenador es una herramienta de trabajo\u00a0<\/p>\n<p>                    Getty Images<\/p>\n<p>\u201cEl problema ahora es que no te puedes montar un ordenador sin disco duro, sin memoria RAM o sin procesador\u201d<\/p>\n<p data-gtm-element-container=\"modulo-texto-link\" class=\"paragraph\"><strong>Subida de precios.<\/strong> El experto recomienda aprovechar las ofertas de principio de mes para poder evitar el r\u00e1pido encarecimiento que est\u00e1 por venir: \u201cEst\u00e1n subiendo los precios de los componentes, las memorias RAM, procesadores, tarjetas gr\u00e1ficas. Pr\u00e1cticamente los precios se est\u00e1n duplicando y probablemente se dupliquen m\u00e1s\u201d, advierte en el v\u00eddeo.\u00a0<\/p>\n<p data-gtm-element-container=\"modulo-texto-link\" class=\"paragraph\"><strong>Inteligencia Artificial.<\/strong> La subida de precios est\u00e1 provocada por la constante demanda de empresas especializadas en inteligencia artificial. Las nuevas fabricaciones y reposiciones provocar\u00e1n una subida de precios que puede ser inasumible para el usuario medio.\u00a0<\/p>\n<p>                <img loading=\"lazy\" decoding=\"async\" data-full-src=\"https:\/\/www.lavanguardia.com\/uploads\/2025\/02\/06\/67a4b3de348bc.jpeg\" alt=\"CPU AMD Epyc 7001\" width=\"449\" height=\"290\" src=\"https:\/\/www.europesays.com\/es\/wp-content\/uploads\/2025\/12\/67a4b3de348bc.jpeg\" class=\"lazy\"\/><\/p>\n<p class=\"caption-title \">CPU AMD Epyc 7001<\/p>\n<p>                    AMD \/ Europa Press<\/p>\n<p data-gtm-element-container=\"modulo-texto-link\" class=\"paragraph\"><strong>Recomendaci\u00f3n<\/strong>. Chus afirma que lo ideal es comprar ahora para evitar terminar pagando una cifra considerablemente m\u00e1s alta dentro de pocas semanas o meses: \u201cAhora mismo ten\u00e9is port\u00e1tiles sencillitos, de trabajo, y no tan sencillitos, pero port\u00e1tiles \u2018de oferta\u2019 que os recomiendo que, si necesit\u00e1is algo, os lo pill\u00e9is ya. Ahora mismo, esos port\u00e1tiles son port\u00e1tiles que ya estaban en stock, que ya estaban montados y que tienen su precio de venta, pero en cuanto se acaben y se construyan con los nuevos precios de coste y fabricaci\u00f3n, el precio va a subir bastante\u201d, explica.\u00a0<\/p>\n<p data-gtm-element-container=\"modulo-texto-link\" class=\"paragraph\"><strong>Datos de mercado<\/strong>.\u00a0El mercado del hardware refleja una escalada notable en los precios de componentes clave: la memoria DRAM ha aumentado hasta un 171 % interanual, y los fabricantes anticipan nuevas subidas del 15\u201320 % en los pr\u00f3ximos trimestres, mientras que los SSD contin\u00faan encareci\u00e9ndose a medida que crece la demanda y se ajusta la producci\u00f3n. Este contexto se da en una industria que ya mueve m\u00e1s de 1,5 billones de d\u00f3lares a nivel global y que podr\u00eda superar los 3 billones en 2035, impulsada por la necesidad de mayor capacidad y rendimiento en dispositivos personales y profesionales. En conjunto, los datos muestran un mercado en expansi\u00f3n pero con precios al alza que complican las decisiones de compra de los usuarios.<\/p>\n<p>                <img loading=\"lazy\" decoding=\"async\" data-full-src=\"https:\/\/www.lavanguardia.com\/uploads\/2022\/03\/09\/6228592078b93.jpeg\" alt=\"En el curso 2000-2001, el porcentaje de alumnas en los grados superiores de FP de Inform\u00e1tica rozaba el 27% y en el 2019-2020 se sit\u00faa en el 10%\" width=\"449\" height=\"253\" src=\"https:\/\/www.europesays.com\/es\/wp-content\/uploads\/2025\/12\/6228592078b93.jpeg\" class=\"lazy\"\/><\/p>\n<p class=\"caption-title \">Una joven trabajando con su ordenador\u00a0<\/p>\n<p>                    Getty Images<\/p>\n<p data-gtm-element-container=\"modulo-texto-link\" class=\"paragraph\"><strong>Precedente<\/strong>. Hace unos a\u00f1os vivimos una situaci\u00f3n parecida con el precio de las GPU debido a la criptominer\u00eda: \u201cHace un tiempo, con las gr\u00e1ficas estaba todo a precio normal, y cuando subieron, dentro de lo malo te pod\u00edas montar un ordenador sin gr\u00e1fica. El problema ahora es que no te puedes montar un ordenador sin disco duro, sin memoria RAM o sin procesador, que es lo que est\u00e1 subiendo de precio\u201d, recuerda.\u00a0<\/p>\n<p data-gtm-element-container=\"modulo-texto-link\" class=\"paragraph\"><strong>Previsi\u00f3n<\/strong>.\u00a0Lo ideal, seg\u00fan expertos del sector, es adquirir ahora aquellas piezas de hardware que se necesiten realmente, para evitar un gasto mucho mayor en el futuro. La volatilidad de precios y la escasez de componentes clave, como memorias RAM o discos SSD, obligan a los consumidores a tomar decisiones estrat\u00e9gicas sobre sus compras. Solo el tiempo dir\u00e1 cu\u00e1nto se mantendr\u00e1 esta situaci\u00f3n y cu\u00e1les ser\u00e1n sus efectos tanto en los mercados como en el usuario medio, que ve c\u00f3mo actualizar o construir un equipo completo se convierte en un desaf\u00edo cada vez m\u00e1s costoso.<\/p>\n","protected":false},"excerpt":{"rendered":"El sector del hardware de PC y la electr\u00f3nica de consumo atraviesa una nueva crisis que amenaza tanto&hellip;\n","protected":false},"author":2,"featured_media":265497,"comment_status":"","ping_status":"","sticky":false,"template":"","format":"standard","meta":{"footnotes":""},"categories":[81],"tags":[119,123,124,25,24,117,121,122,23,118,120],"class_list":{"0":"post-265496","1":"post","2":"type-post","3":"status-publish","4":"format-standard","5":"has-post-thumbnail","7":"category-ciencia-y-tecnologia","8":"tag-ciencia","9":"tag-ciencia-y-tecnologia","10":"tag-cienciaytecnologia","11":"tag-es","12":"tag-espana","13":"tag-science","14":"tag-science-and-technology","15":"tag-scienceandtechnology","16":"tag-spain","17":"tag-technology","18":"tag-tecnologia"},"share_on_mastodon":{"url":"https:\/\/pubeurope.com\/@es\/115644602487126775","error":""},"_links":{"self":[{"href":"https:\/\/www.europesays.com\/es\/wp-json\/wp\/v2\/posts\/265496","targetHints":{"allow":["GET"]}}],"collection":[{"href":"https:\/\/www.europesays.com\/es\/wp-json\/wp\/v2\/posts"}],"about":[{"href":"https:\/\/www.europesays.com\/es\/wp-json\/wp\/v2\/types\/post"}],"author":[{"embeddable":true,"href":"https:\/\/www.europesays.com\/es\/wp-json\/wp\/v2\/users\/2"}],"replies":[{"embeddable":true,"href":"https:\/\/www.europesays.com\/es\/wp-json\/wp\/v2\/comments?post=265496"}],"version-history":[{"count":0,"href":"https:\/\/www.europesays.com\/es\/wp-json\/wp\/v2\/posts\/265496\/revisions"}],"wp:featuredmedia":[{"embeddable":true,"href":"https:\/\/www.europesays.com\/es\/wp-json\/wp\/v2\/media\/265497"}],"wp:attachment":[{"href":"https:\/\/www.europesays.com\/es\/wp-json\/wp\/v2\/media?parent=265496"}],"wp:term":[{"taxonomy":"category","embeddable":true,"href":"https:\/\/www.europesays.com\/es\/wp-json\/wp\/v2\/categories?post=265496"},{"taxonomy":"post_tag","embeddable":true,"href":"https:\/\/www.europesays.com\/es\/wp-json\/wp\/v2\/tags?post=265496"}],"curies":[{"name":"wp","href":"https:\/\/api.w.org\/{rel}","templated":true}]}}