{"id":265500,"date":"2025-12-01T13:43:07","date_gmt":"2025-12-01T13:43:07","guid":{"rendered":"https:\/\/www.europesays.com\/es\/265500\/"},"modified":"2025-12-01T13:43:07","modified_gmt":"2025-12-01T13:43:07","slug":"iberia-mantiene-cancelados-sus-vuelos-a-venezuela-hasta-el-31-de-diciembre-sociedad","status":"publish","type":"post","link":"https:\/\/www.europesays.com\/es\/265500\/","title":{"rendered":"Iberia mantiene cancelados sus vuelos a Venezuela hasta el 31 de diciembre | Sociedad"},"content":{"rendered":"<p class=\"loc\">Madrid<\/p>\n<p>La aerol\u00ednea Iberia ha asegurado este lunes que \u00absiguiendo la recomendaci\u00f3n de la Agencia Estatal de Seguridad A\u00e9rea (AESA)\u00bb mantendr\u00e1 suspendidas sus operaciones en Venezuela hasta el d\u00eda 31 de diciembre.<\/p>\n<p>\u00abIberia ofrece a los clientes afectados la posibilidad de cambiar sus vuelos para otra fecha, para otro destino cercano o bien, solicitar el reembolso del importe del billete. La intenci\u00f3n de la compa\u00f1\u00eda es retomar los vuelos a Venezuela en cuanto se recuperen las plenas garant\u00edas de seguridad\u00bb, ha a\u00f1adido, en un comunicado. <\/p>\n<p>El pasado 22 de noviembre, la aerol\u00ednea espa\u00f1ola anunci\u00f3 la paralizaci\u00f3n de estas operaciones despu\u00e9s de que la Administraci\u00f3n Federal de Aviaci\u00f3n de Estados Unidos (FAA, por sus siglas en ingl\u00e9s) emitiera una alerta a las aerol\u00edneas para \u00abextremar la precauci\u00f3n al operar\u00bb en esa \u00e1rea \u00aba todas las altitudes debido al deterioro de la situaci\u00f3n de seguridad y al aumento de la actividad militar en Venezuela o sus alrededores\u00bb.<\/p>\n<p>La misma decisi\u00f3n tomaron algunas compa\u00f1\u00edas tanto nacionales o internacionales, lo que provoc\u00f3 que el Gobierno de Venezuela revocara las concesiones a Iberia, TAP Air Portugal, Turkish Airlines, Avianca, Latam Airlines y GOL \u00abpor sumarse a las acciones de terrorismo de Estado promovido por el Gobierno de Estados Unidos\u00bb.<\/p>\n<p>El espacio a\u00e9reo venezolano no est\u00e1 cerrado<\/p>\n<p>En declaraciones a los medios este lunes, la portavoz de la Uni\u00f3n Sindical de Controladores A\u00e9reos (USCA), Susana Romero, ha afirmado que el espacio a\u00e9reo venezolano no est\u00e1 cerrado, asegurando que \u00abno hay problema\u00bb para volar a los pa\u00edses de alrededor del destino latinoamericano.<\/p>\n<p>\u00abEl espacio a\u00e9reo venezolano es soberan\u00eda nacional venezolana, con lo cual entiendo que por eso no es posible que se cierre desde Estados Unidos. Existen documentos como NOTAM y un tweet no puede suplir un documento oficial y reconocido internacionalmente\u00bb, ha subrayado.<\/p>\n<p>Asimismo, la operativa a Venezuela ha bajado \u00abmuch\u00edsimo\u00bb, seg\u00fan la portavoz del sindicato, debido al descenso de vuelos, que en su mayor\u00eda son ahora internos u operaciones de jets privados.<\/p>\n","protected":false},"excerpt":{"rendered":"Madrid La aerol\u00ednea Iberia ha asegurado este lunes que \u00absiguiendo la recomendaci\u00f3n de la Agencia Estatal de Seguridad&hellip;\n","protected":false},"author":2,"featured_media":250581,"comment_status":"","ping_status":"","sticky":false,"template":"","format":"standard","meta":{"footnotes":""},"categories":[42],"tags":[17,18,13,14,11,61,62,63,64,19,20,9,10,15,16,12,21,22,65,66,67],"class_list":{"0":"post-265500","1":"post","2":"type-post","3":"status-publish","4":"format-standard","5":"has-post-thumbnail","7":"category-internacional","8":"tag-breaking-news","9":"tag-breakingnews","10":"tag-featured-news","11":"tag-featurednews","12":"tag-headlines","13":"tag-internacional","14":"tag-international","15":"tag-international-news","16":"tag-internationalnews","17":"tag-latest-news","18":"tag-latestnews","19":"tag-news","20":"tag-noticias","21":"tag-noticias-destacadas","22":"tag-noticiasdestacadas","23":"tag-titulares","24":"tag-ultimas-noticias","25":"tag-ultimasnoticias","26":"tag-world","27":"tag-world-news","28":"tag-worldnews"},"share_on_mastodon":{"url":"https:\/\/pubeurope.com\/@es\/115644609669793008","error":""},"_links":{"self":[{"href":"https:\/\/www.europesays.com\/es\/wp-json\/wp\/v2\/posts\/265500","targetHints":{"allow":["GET"]}}],"collection":[{"href":"https:\/\/www.europesays.com\/es\/wp-json\/wp\/v2\/posts"}],"about":[{"href":"https:\/\/www.europesays.com\/es\/wp-json\/wp\/v2\/types\/post"}],"author":[{"embeddable":true,"href":"https:\/\/www.europesays.com\/es\/wp-json\/wp\/v2\/users\/2"}],"replies":[{"embeddable":true,"href":"https:\/\/www.europesays.com\/es\/wp-json\/wp\/v2\/comments?post=265500"}],"version-history":[{"count":0,"href":"https:\/\/www.europesays.com\/es\/wp-json\/wp\/v2\/posts\/265500\/revisions"}],"wp:featuredmedia":[{"embeddable":true,"href":"https:\/\/www.europesays.com\/es\/wp-json\/wp\/v2\/media\/250581"}],"wp:attachment":[{"href":"https:\/\/www.europesays.com\/es\/wp-json\/wp\/v2\/media?parent=265500"}],"wp:term":[{"taxonomy":"category","embeddable":true,"href":"https:\/\/www.europesays.com\/es\/wp-json\/wp\/v2\/categories?post=265500"},{"taxonomy":"post_tag","embeddable":true,"href":"https:\/\/www.europesays.com\/es\/wp-json\/wp\/v2\/tags?post=265500"}],"curies":[{"name":"wp","href":"https:\/\/api.w.org\/{rel}","templated":true}]}}