{"id":265501,"date":"2025-12-01T13:44:08","date_gmt":"2025-12-01T13:44:08","guid":{"rendered":"https:\/\/www.europesays.com\/es\/265501\/"},"modified":"2025-12-01T13:44:08","modified_gmt":"2025-12-01T13:44:08","slug":"la-comision-europea-pide-a-espana-actuar-frente-a-la-peste-porcina-mientras-la-ume-se-despliega-en-cataluna","status":"publish","type":"post","link":"https:\/\/www.europesays.com\/es\/265501\/","title":{"rendered":"La Comisi\u00f3n Europea pide a Espa\u00f1a actuar frente a la peste porcina mientras la UME se despliega en Catalu\u00f1a"},"content":{"rendered":"<p>La Comisi\u00f3n Europea (CE) ha pedido a Espa\u00f1a que act\u00fae y aplique las medidas recogidas en la legislaci\u00f3n europea para frenar el brote de peste porcina africana (PPA) en Catalu\u00f1a, todo ello mientras la <strong>Unidad Militar de Emergencias<\/strong> (UME) ha desplegado<strong> 117 efectivos y 25 veh\u00edculos <\/strong>en Barcelona para intentar contener la situaci\u00f3n.<\/p>\n<p>\u00abHemos recibido una notificaci\u00f3n sobre el brote en Catalu\u00f1a\u00bb, ha indicado la portavoz comunitaria, Eva Hrncirova, en una rueda de prensa diaria del organismo. Como respuesta, la CE ha anunciado que <strong>este martes enviar\u00e1 a veterinarios europeos<\/strong> a la Catalu\u00f1a para asesorar a las autoridades. Para la CE, por ahora es necesario \u00abactuar, tomar medidas, establecer zonas de control de los animales y tomar medidas en las granjas porque se puede extender f\u00e1cilmente\u00bb, seg\u00fan apuntan estas fuentes a RTVE.<\/p>\n<p>Mientras tanto, la UME ha desplegado un dispositivo en Barcelona para intentar frenar el brote, algo que la Generalitat de Catalu\u00f1a hab\u00eda solicitado al Gobierno este domingo.<\/p>\n<p>Seg\u00fan fuentes de la Delegaci\u00f3n del Gobierno en Catalu\u00f1a, la mayor parte del contingente de la UME que se activar\u00e1 procede de las unidades del <strong>Grupo de Intervenci\u00f3n de Emergencias Tecnol\u00f3gicas y Medioambientales<\/strong> (GIETMA), de Torrej\u00f3n de Ardoz, y del IV Batall\u00f3n, con base en Zaragoza. Como han informado fuentes militares a EFE, la mayor parte de los efectivos han salido a primera hora de este lunes desde el cuartel general de Torrej\u00f3n. Sin embargo, las primeras unidades del GIETMA de la UME se han desplazado este domingo a Barcelona, despu\u00e9s de coordinarse con la Generalitat, seg\u00fan estas mismas fuentes.<\/p>\n<p>El delegado del Gobierno en Catalu\u00f1a, Carlos Prieto, ha comunicado este fin de semana a la Generalitat que hab\u00eda unidades de la UME disponibles para ponerse a disposici\u00f3n de la administraci\u00f3n catalana para realizar trabajos t\u00e9cnicos y veterinarios sobre el terreno. El dispositivo para luchar contra este brote de peste porcina lo coordina y dirige la Generalitat.<\/p>\n<p>Fuentes de la Delegaci\u00f3n del Gobierno indican que Prieto mantiene un seguimiento \u00abpermanente\u00bb del despliegue operativo de la UME y la evoluci\u00f3n del brote, en coordinaci\u00f3n directa con el ministerio y la conseller\u00eda de Agricultura, Ganader\u00eda, Pesca y Alimentaci\u00f3n. Entretanto, se mantiene la comunicaci\u00f3n permanente entre el delegado del Gobierno con el presidente de la Generalitat, Salvador Illa; y los consellers de Presid\u00e8ncia, Agricultura e Interior, Albert Dalmau, \u00d2scar Ordeig y N\u00faria Parlon, respectivamente.<\/p>\n<p>Hasta ahora, Taiw\u00e1n, M\u00e9xico y China han frenado las importaciones de cerdo de Espa\u00f1a o, concretamente, de Catalu\u00f1a. Desde 2007, la peste porcina africana ha afectado a m\u00e1s de 50 pa\u00edses en \u00c1frica, Europa, Am\u00e9rica y Asia.<\/p>\n","protected":false},"excerpt":{"rendered":"La Comisi\u00f3n Europea (CE) ha pedido a Espa\u00f1a que act\u00fae y aplique las medidas recogidas en la legislaci\u00f3n&hellip;\n","protected":false},"author":2,"featured_media":265502,"comment_status":"","ping_status":"","sticky":false,"template":"","format":"standard","meta":{"footnotes":""},"categories":[8],"tags":[17,18,25,24,13,14,11,19,20,9,10,15,16,23,12,21,22],"class_list":{"0":"post-265501","1":"post","2":"type-post","3":"status-publish","4":"format-standard","5":"has-post-thumbnail","7":"category-espana","8":"tag-breaking-news","9":"tag-breakingnews","10":"tag-es","11":"tag-espana","12":"tag-featured-news","13":"tag-featurednews","14":"tag-headlines","15":"tag-latest-news","16":"tag-latestnews","17":"tag-news","18":"tag-noticias","19":"tag-noticias-destacadas","20":"tag-noticiasdestacadas","21":"tag-spain","22":"tag-titulares","23":"tag-ultimas-noticias","24":"tag-ultimasnoticias"},"share_on_mastodon":{"url":"https:\/\/pubeurope.com\/@es\/115644613672736657","error":""},"_links":{"self":[{"href":"https:\/\/www.europesays.com\/es\/wp-json\/wp\/v2\/posts\/265501","targetHints":{"allow":["GET"]}}],"collection":[{"href":"https:\/\/www.europesays.com\/es\/wp-json\/wp\/v2\/posts"}],"about":[{"href":"https:\/\/www.europesays.com\/es\/wp-json\/wp\/v2\/types\/post"}],"author":[{"embeddable":true,"href":"https:\/\/www.europesays.com\/es\/wp-json\/wp\/v2\/users\/2"}],"replies":[{"embeddable":true,"href":"https:\/\/www.europesays.com\/es\/wp-json\/wp\/v2\/comments?post=265501"}],"version-history":[{"count":0,"href":"https:\/\/www.europesays.com\/es\/wp-json\/wp\/v2\/posts\/265501\/revisions"}],"wp:featuredmedia":[{"embeddable":true,"href":"https:\/\/www.europesays.com\/es\/wp-json\/wp\/v2\/media\/265502"}],"wp:attachment":[{"href":"https:\/\/www.europesays.com\/es\/wp-json\/wp\/v2\/media?parent=265501"}],"wp:term":[{"taxonomy":"category","embeddable":true,"href":"https:\/\/www.europesays.com\/es\/wp-json\/wp\/v2\/categories?post=265501"},{"taxonomy":"post_tag","embeddable":true,"href":"https:\/\/www.europesays.com\/es\/wp-json\/wp\/v2\/tags?post=265501"}],"curies":[{"name":"wp","href":"https:\/\/api.w.org\/{rel}","templated":true}]}}