{"id":265503,"date":"2025-12-01T13:45:42","date_gmt":"2025-12-01T13:45:42","guid":{"rendered":"https:\/\/www.europesays.com\/es\/265503\/"},"modified":"2025-12-01T13:45:42","modified_gmt":"2025-12-01T13:45:42","slug":"la-integracion-y-la-inclusion-en-una-semana-de-actividades-dedicada-a-las-personas-con-capacidades-diferentes","status":"publish","type":"post","link":"https:\/\/www.europesays.com\/es\/265503\/","title":{"rendered":"La integraci\u00f3n y la inclusi\u00f3n en una semana de actividades dedicada a las personas con capacidades diferentes"},"content":{"rendered":"<p>La inclusi\u00f3n ha sido protagonista de las jornadas de la discapacidad que se han iniciado en el Centro Cultural con un taller de elaboraci\u00f3n de llaveros cer\u00e1micos, con el que se ha iniciado una programaci\u00f3n de actual que se desarrollar\u00e1n en Puertollano hasta el pr\u00f3ximo mi\u00e9rcoles<\/p>\n<p>Un taller en el que han participado usuarios de la Asociaci\u00f3n del Parkinson y Enfermedades Neurodegenerativas (Apen), Amiab, Fundaci\u00f3n Fuente Agria, Aspades-La Laguna y la Asociaci\u00f3n de Da\u00f1o Cerebral Sobrevenido de Castilla-La Mancha (Adace), y que ha sido visitado por las concejalas de bienestar social y discapacidad, <strong>Sagrario Almod\u00f3var<\/strong>; promoci\u00f3n empresarial, <strong>Mar\u00eda Castellanos,<\/strong> y el concejal socialista <strong>Manuel S\u00e1nchez<\/strong>.<\/p>\n<p><img fetchpriority=\"high\" decoding=\"async\" width=\"1200\" height=\"776\" src=\"https:\/\/www.europesays.com\/es\/wp-content\/uploads\/2025\/12\/disca-2_01.jpg\" alt=\"\" class=\"wp-image-145074\"  \/><\/p>\n<p>Tres d\u00edas de actividades programadas por el Consejo Local de personas con discapacidad con las que mostrar el trabajo que desarrollan las diversas asociaciones de Puertollano para la inclusi\u00f3n y la integraci\u00f3n.<\/p>\n<p>Una oportunidad, ha indicado la concejala de bienestar social, <strong>Sagrario Almod\u00f3var<\/strong>, para que los vecinos y vecinas de Puertollano vean la discapacidad de una manera real y contribuir a que comprendan desde la igualdad de todos que son ciudadanos con capacidades diferentes. \u201cHan demostrado muchas veces que son capaces e incluso trabajar como uno m\u00e1s en empresas del Complejo Industrial o en el propio Ayuntamiento de Puertollano y hacer una vida totalmente normal\u201d.<\/p>\n<p>Sagrario Almod\u00f3var, concejala de bienestar social y discapacidad<br \/>\n<img loading=\"lazy\" decoding=\"async\" width=\"1200\" height=\"800\" src=\"https:\/\/www.europesays.com\/es\/wp-content\/uploads\/2025\/12\/disca-3a_01.jpg\" alt=\"\" class=\"wp-image-145075\"  \/><\/p>\n<p><strong>M\u00e1s actividades<\/strong><\/p>\n<p>Las actividades continuar\u00e1n con una jornada de deporte inclusivo el martes, 2 de diciembre, de 10 a 12 horas, en el Pabell\u00f3n Santiago Ca\u00f1izares (calle Valdepe\u00f1as), dirigida por las asociaciones de personas con discapacidad f\u00edsica y\/o sensorial que forman parte del Consejo.<\/p>\n<p>Por \u00faltimo, el 3 de diciembre, d\u00eda Internacional de la Discapacidad, habr\u00e1 una masterclass de zumba de la Asociaci\u00f3n Aldab\u00f3n, de 10 a 12 horas, y lectura de manifiesto en el Centro Cultural.<\/p>\n<p><img loading=\"lazy\" decoding=\"async\" width=\"1200\" height=\"800\" src=\"https:\/\/www.europesays.com\/es\/wp-content\/uploads\/2025\/12\/disca-6_01.jpg\" alt=\"\" class=\"wp-image-145082\"  \/><br \/>\n<img loading=\"lazy\" decoding=\"async\" width=\"1200\" height=\"824\" src=\"https:\/\/www.europesays.com\/es\/wp-content\/uploads\/2025\/12\/disca-4a_01.jpg\" alt=\"\" class=\"wp-image-145076\"  \/><br \/>\n<img loading=\"lazy\" decoding=\"async\" width=\"1200\" height=\"800\" src=\"https:\/\/www.europesays.com\/es\/wp-content\/uploads\/2025\/12\/disca-5_01.jpg\" alt=\"\" class=\"wp-image-145077\"  \/><br \/>\n<img loading=\"lazy\" decoding=\"async\" width=\"1200\" height=\"800\" src=\"https:\/\/www.europesays.com\/es\/wp-content\/uploads\/2025\/12\/disca-5ac_01.jpg\" alt=\"\" class=\"wp-image-145078\"  \/><br \/>\n<img loading=\"lazy\" decoding=\"async\" width=\"1200\" height=\"800\" src=\"https:\/\/www.europesays.com\/es\/wp-content\/uploads\/2025\/12\/disca-6a_01.jpg\" alt=\"\" class=\"wp-image-145079\"  \/><br \/>\n<img loading=\"lazy\" decoding=\"async\" width=\"1200\" height=\"800\" src=\"https:\/\/www.europesays.com\/es\/wp-content\/uploads\/2025\/12\/disca-7_01.jpg\" alt=\"\" class=\"wp-image-145080\"  \/><br \/>\n<img loading=\"lazy\" decoding=\"async\" width=\"1200\" height=\"800\" src=\"https:\/\/www.europesays.com\/es\/wp-content\/uploads\/2025\/12\/disca-7ac_01.jpg\" alt=\"\" class=\"wp-image-145081\"  \/><\/p>\n","protected":false},"excerpt":{"rendered":"La inclusi\u00f3n ha sido protagonista de las jornadas de la discapacidad que se han iniciado en el Centro&hellip;\n","protected":false},"author":2,"featured_media":265504,"comment_status":"","ping_status":"","sticky":false,"template":"","format":"standard","meta":{"footnotes":""},"categories":[5],"tags":[17,18,25,24,13,14,11,19,20,9,10,15,16,23,12,21,22],"class_list":{"0":"post-265503","1":"post","2":"type-post","3":"status-publish","4":"format-standard","5":"has-post-thumbnail","7":"category-titulares","8":"tag-breaking-news","9":"tag-breakingnews","10":"tag-es","11":"tag-espana","12":"tag-featured-news","13":"tag-featurednews","14":"tag-headlines","15":"tag-latest-news","16":"tag-latestnews","17":"tag-news","18":"tag-noticias","19":"tag-noticias-destacadas","20":"tag-noticiasdestacadas","21":"tag-spain","22":"tag-titulares","23":"tag-ultimas-noticias","24":"tag-ultimasnoticias"},"share_on_mastodon":{"url":"https:\/\/pubeurope.com\/@es\/115644619247531361","error":""},"_links":{"self":[{"href":"https:\/\/www.europesays.com\/es\/wp-json\/wp\/v2\/posts\/265503","targetHints":{"allow":["GET"]}}],"collection":[{"href":"https:\/\/www.europesays.com\/es\/wp-json\/wp\/v2\/posts"}],"about":[{"href":"https:\/\/www.europesays.com\/es\/wp-json\/wp\/v2\/types\/post"}],"author":[{"embeddable":true,"href":"https:\/\/www.europesays.com\/es\/wp-json\/wp\/v2\/users\/2"}],"replies":[{"embeddable":true,"href":"https:\/\/www.europesays.com\/es\/wp-json\/wp\/v2\/comments?post=265503"}],"version-history":[{"count":0,"href":"https:\/\/www.europesays.com\/es\/wp-json\/wp\/v2\/posts\/265503\/revisions"}],"wp:featuredmedia":[{"embeddable":true,"href":"https:\/\/www.europesays.com\/es\/wp-json\/wp\/v2\/media\/265504"}],"wp:attachment":[{"href":"https:\/\/www.europesays.com\/es\/wp-json\/wp\/v2\/media?parent=265503"}],"wp:term":[{"taxonomy":"category","embeddable":true,"href":"https:\/\/www.europesays.com\/es\/wp-json\/wp\/v2\/categories?post=265503"},{"taxonomy":"post_tag","embeddable":true,"href":"https:\/\/www.europesays.com\/es\/wp-json\/wp\/v2\/tags?post=265503"}],"curies":[{"name":"wp","href":"https:\/\/api.w.org\/{rel}","templated":true}]}}