{"id":265509,"date":"2025-12-01T13:55:11","date_gmt":"2025-12-01T13:55:11","guid":{"rendered":"https:\/\/www.europesays.com\/es\/265509\/"},"modified":"2025-12-01T13:55:11","modified_gmt":"2025-12-01T13:55:11","slug":"mateu-lahoz-reconoce-su-error-en-el-derbi-pite-un-penalti-que-no-era","status":"publish","type":"post","link":"https:\/\/www.europesays.com\/es\/265509\/","title":{"rendered":"Mateu Lahoz reconoce su error en el derbi: \u00abPit\u00e9 un penalti que no era\u00bb"},"content":{"rendered":"<p>El ex \u00e1rbitro, durante la narraci\u00f3n del derbi de ayer, reconoci\u00f3 en abierto que se equivoc\u00f3 gravemente al se\u00f1alar una pena m\u00e1xima en el duelo cainita posterior al Covid: \u00abEstuve como la chata\u00bb <\/p>\n<p class=\"parrafo\">Los derbis hispalenses han estado marcado en numerosas ocasiones por <strong>pol\u00e9micas arbitrales que condicionaron el resultado <\/strong>y luego trajeron mucha cola por su relevancia. <strong>El duelo cainita de ayer tambi\u00e9n tuvo su dosis de decisiones controvertidas <\/strong>que han generado debate, tanto la roja a Isaac Romero como la suspensi\u00f3n temporal del choque por el reiterado lanzamiento de objetos sobre el c\u00e9sped.<\/p>\n<p class=\"parrafo\">No obstante, <strong>ninguna de estas decisiones influenciaron en el resultado final<\/strong>, porque el partido ya estaba resuelto, si bien durante la retransmisi\u00f3n del choque se produjo <strong>el reconocimiento p\u00fablico de un error arbitral <\/strong>que s\u00ed afect\u00f3 al marcador en un derbi pasado, pues supuso el 1-0.<\/p>\n<p>Mateu Lahoz reconoce que perjudic\u00f3 al Betis<\/p>\n<p class=\"parrafo\">De esta forma, <strong>el ex colegiado Mateu Lahoz<\/strong>, ahora comentarista en la radio como especialista arbitral, confes\u00f3 durante la narraci\u00f3n del encuentro que <strong>se equivoc\u00f3 gravemente en el derbi que se jug\u00f3 en el Ram\u00f3n S\u00e1nchez-Pizju\u00e1n justo despu\u00e9s del confinamiento<\/strong>, el 11 de junio de 2020 y que termin\u00f3 con 2-0.<\/p>\n<p><a class=\"elementos-rel-t2\" href=\"https:\/\/www.estadiodeportivo.com\/futbol\/sevilla-fc\/que-dice-acta-suspension-gran-derbi-posible-sancion-20251130-522196.html\" title=\"Lo que dice el acta de la suspensi\u00f3n de El Gran Derbi y la posible sanci\u00f3n\" rel=\"nofollow noopener\" target=\"_blank\"><\/p>\n<p class=\"titular titulo-4\">Lo que dice el acta de la suspensi\u00f3n de El Gran Derbi y la posible sanci\u00f3n<\/p>\n<p><img decoding=\"async\" src=\"https:\/\/www.europesays.com\/es\/wp-content\/uploads\/2025\/12\/138d2a80-a0b6-4c4a-b1d1-337587d27b05_320x180.png\" alt=\"Lo que dice el acta de la suspensi\u00f3n de El Gran Derbi y la posible sanci\u00f3n\"\/><\/a><a class=\"elementos-rel-t2\" href=\"https:\/\/www.estadiodeportivo.com\/futbol\/betis\/bartra-defiende-los-que-acusan-provocar-suspension-gran-derbi-siempre-hago-casa-fuera-20251130-522192.html\" title=\"Bartra se defiende de los que le acusan de provocar la suspensi\u00f3n de El Gran Derbi: &quot;Siempre lo hago, en casa y fuera&quot;\" rel=\"nofollow noopener\" target=\"_blank\"><\/p>\n<p class=\"titular titulo-4\">Bartra se defiende de los que le acusan de provocar la suspensi\u00f3n de El Gran Derbi: \u00abSiempre lo hago, en casa y fuera\u00bb<\/p>\n<p><img decoding=\"async\" src=\"https:\/\/www.europesays.com\/es\/wp-content\/uploads\/2025\/12\/02e37989-64a9-4ae8-8937-313d341abf58_320x180.jpeg\" alt=\"Bartra se defiende de los que le acusan de provocar la suspensi\u00f3n de El Gran Derbi: &quot;Siempre lo hago, en casa y fuera&quot;\"\/><\/a><a class=\"elementos-rel-t2\" href=\"https:\/\/www.estadiodeportivo.com\/futbol\/sevilla-fc\/derbi-tuvo-que-ser-supendido-temporalmente-por-lanzamiento-objetos-20251130-522168.html\" title=\"\u00a1El derbi tuvo que ser supendido temporalmente por lanzamiento de objetos!\" rel=\"nofollow noopener\" target=\"_blank\"><\/p>\n<p class=\"titular titulo-4\">\u00a1El derbi tuvo que ser supendido temporalmente por lanzamiento de objetos!<\/p>\n<p><img decoding=\"async\" src=\"https:\/\/www.europesays.com\/es\/wp-content\/uploads\/2025\/12\/e63276a0-fd26-4657-b9ee-4fa258543c29_320x180.jpeg\" alt=\"\u00a1El derbi tuvo que ser supendido temporalmente por lanzamiento de objetos!\"\/><\/a><\/p>\n<p class=\"parrafo\">As\u00ed, en el minuto 56 del choque, con 0-0 en el marcador, <strong>se\u00f1al\u00f3 los once metros en un salto entre Marc Bartra con Luuk de Jong <\/strong>que interpret\u00f3 como un codazo del central b\u00e9tico sobre el neerland\u00e9s. Ahora, cinco a\u00f1os y medio despu\u00e9s, <strong>confes\u00f3 en directo que se equivoc\u00f3 con una decisi\u00f3n muy protestada <\/strong>por los futbolistas heliopolitanos. Ocampos transform\u00f3 la pena m\u00e1xima y puso por delante a los nervionenses.<\/p>\n<p>El exarbitro confiesa que Bartra no hizo nada punible <\/p>\n<p class=\"parrafo\"> <strong>\u00abAh\u00ed estuvo como la chata, pit\u00e9 un penalti que no era\u00bb, <\/strong>reconoci\u00f3 en primer lugar en la Cope el ex \u00e1rbitro, que acto seguido dio m\u00e1s detalles y tambi\u00e9n se\u00f1al\u00f3 al VAR por no avisarle para que revisara la acci\u00f3n en el monitor. <strong>\u00abFue a favor del Sevilla, por algo que no hizo Marc Bartra. Yo vi un codazo en la nuca, pero no me llamaron desde el VAR\u00bb, <\/strong>apunt\u00f3 Mateu Lahoz, que no se olvida de aquel error que decant\u00f3 el derbi hacia el lado del Sevilla, que, eso s\u00ed, hasta el momento hab\u00eda hecho m\u00e1s m\u00e9ritos para ir por delante.<\/p>\n<p class=\"parrafo\">Tras el choque, Marc Bartra se mostr\u00f3 muy cr\u00edtico por la se\u00f1alizaci\u00f3n del penalti. <strong>\u00abEs un lance m\u00e1s. Es incre\u00edble, y se ha visto que el Sevilla no ha protestado<\/strong>, pero al final pitan un penalti que no creo que haya sido, y eso decide todo; los detalles deciden\u00bb, apunt\u00f3 el defensa, que a\u00f1adi\u00f3: <strong>\u00abNo hay penalti por ning\u00fan lado:<\/strong> \u00abHe saltado antes que \u00e9l, con la posici\u00f3n ganada y \u00e9l se ha encontrado con mis brazos\u00bb.<\/p>\n","protected":false},"excerpt":{"rendered":"El ex \u00e1rbitro, durante la narraci\u00f3n del derbi de ayer, reconoci\u00f3 en abierto que se equivoc\u00f3 gravemente al&hellip;\n","protected":false},"author":2,"featured_media":265510,"comment_status":"","ping_status":"","sticky":false,"template":"","format":"standard","meta":{"footnotes":""},"categories":[268],"tags":[168,25,24,284,280,282,27669,286,2993,281,23,167],"class_list":{"0":"post-265509","1":"post","2":"type-post","3":"status-publish","4":"format-standard","5":"has-post-thumbnail","7":"category-futbol","8":"tag-deportes","9":"tag-es","10":"tag-espana","11":"tag-estadio-deportivo","12":"tag-football","13":"tag-futbol","14":"tag-mateu-lahoz","15":"tag-real-betis-balompie","16":"tag-sevilla-futbol-club","17":"tag-soccer","18":"tag-spain","19":"tag-sports"},"share_on_mastodon":{"url":"https:\/\/pubeurope.com\/@es\/115644657261001347","error":""},"_links":{"self":[{"href":"https:\/\/www.europesays.com\/es\/wp-json\/wp\/v2\/posts\/265509","targetHints":{"allow":["GET"]}}],"collection":[{"href":"https:\/\/www.europesays.com\/es\/wp-json\/wp\/v2\/posts"}],"about":[{"href":"https:\/\/www.europesays.com\/es\/wp-json\/wp\/v2\/types\/post"}],"author":[{"embeddable":true,"href":"https:\/\/www.europesays.com\/es\/wp-json\/wp\/v2\/users\/2"}],"replies":[{"embeddable":true,"href":"https:\/\/www.europesays.com\/es\/wp-json\/wp\/v2\/comments?post=265509"}],"version-history":[{"count":0,"href":"https:\/\/www.europesays.com\/es\/wp-json\/wp\/v2\/posts\/265509\/revisions"}],"wp:featuredmedia":[{"embeddable":true,"href":"https:\/\/www.europesays.com\/es\/wp-json\/wp\/v2\/media\/265510"}],"wp:attachment":[{"href":"https:\/\/www.europesays.com\/es\/wp-json\/wp\/v2\/media?parent=265509"}],"wp:term":[{"taxonomy":"category","embeddable":true,"href":"https:\/\/www.europesays.com\/es\/wp-json\/wp\/v2\/categories?post=265509"},{"taxonomy":"post_tag","embeddable":true,"href":"https:\/\/www.europesays.com\/es\/wp-json\/wp\/v2\/tags?post=265509"}],"curies":[{"name":"wp","href":"https:\/\/api.w.org\/{rel}","templated":true}]}}