{"id":265511,"date":"2025-12-01T13:56:09","date_gmt":"2025-12-01T13:56:09","guid":{"rendered":"https:\/\/www.europesays.com\/es\/265511\/"},"modified":"2025-12-01T13:56:09","modified_gmt":"2025-12-01T13:56:09","slug":"alba-carrillo-afirma-ser-una-de-las-victimas-de-alessandro-lecquio","status":"publish","type":"post","link":"https:\/\/www.europesays.com\/es\/265511\/","title":{"rendered":"Alba Carrillo afirma ser \u00abuna de las v\u00edctimas\u00bb de Alessandro Lecquio"},"content":{"rendered":"<p><img fetchpriority=\"high\" class=\"v-a-img\" src=\"https:\/\/www.europesays.com\/es\/wp-content\/uploads\/2025\/12\/alba-carrillo-lecquio-kXhF-U2404109164768YE-1200x840@El Correo.JPG\" loading=\"eager\" decoding=\"async\" alt=\"Alba Carrillo afirma ser \u00abuna de las v\u00edctimas\u00bb de Alessandro Lecquio\"  width=\"1200\" height=\"840\"\/><\/p>\n<p>La excolaboradora de &#8216;S\u00e1lvame&#8217;, ahora en La 1, celebra el despido del tertuliano de Mediaset<\/p>\n<p class=\"v-mdl-ath__p v-mdl-ath__p--6\">\nLunes, 1 de diciembre 2025, 09:23<\/p>\n<p>| Actualizado 10:23h.<\/p>\n<p class=\"v-p\">El programa &#8216;D Coraz\u00f3n&#8217; de TVE abord\u00f3 este fin de semana el despido de Alessandro Lecquio de Mediaset y Alba Carrillo, una de sus tertulianas, celebr\u00f3 por todo lo alto la noticia. \u00abHa hecho da\u00f1o a much\u00edsimas mujeres. Es hora de limpiar a este tipo de hombres. Ya est\u00e1 bien de que le demos cabida a los testimonios de que las mujeres falsifican o demandan cosas que no son verdad. Son \u00ednfimas las mujeres que demandan sin tener conciencia de ello\u00bb, dijo en referencia al testimonio de la exmujer del polemista, Antonia Dell&#8217;Atte, que ha provocado su despido de la televisi\u00f3n.<\/p>\n<p class=\"v-p\">Carrillo, adem\u00e1s, se present\u00f3 como \u00abuna de las v\u00edctimas\u00bb de Alessandro Lecquio. \u00abA m\u00ed me ha tratado mal\u00ab, asegur\u00f3 sobre su etapa en &#8216;S\u00e1lvame&#8217;, donde coincidi\u00f3 con Lecquio por los pasillos de Telecinco. Seg\u00fan denunci\u00f3 Carrillo, el italiano la \u00abacus\u00f3\u00bb de ejercer la \u00abprostituci\u00f3n\u00bb aunque finalmente no tom\u00f3 medidas contra \u00e9l porque \u00absu hijo -\u00c1lex- estaba malito y me parec\u00eda humano no rascar en ese momento\u00bb.<\/p>\n<p class=\"v-p\">La celebraci\u00f3n de Carrillo se suma a la de sus excompa\u00f1eros de &#8216;S\u00e1lvame&#8217; en Ten, donde festejaron con mucho fervor la noticia del despido de Lecquio. Hay que recordar que el italiano es uno de los tertulianos m\u00e1s queridos de Ana Rosa Quintana. Llevaba d\u00e9cadas trabajando para su productora, Unicorn Content, con la que &#8216;S\u00e1lvame&#8217; acab\u00f3 en una guerra interna, hasta que Mediaset decidi\u00f3 prescindir la semana pasada de sus servicios.<\/p>\n<p class=\"v-p\">\u00abEl maltrato de g\u00e9nero existe, aunque algunos partidos no lo quieran reconocer, y no entiende clases sociales ni de mejores m\u00e1s educadas o con menos cultura. Esto nos abarca a todas\u00bb, zanj\u00f3 Alba Carrillo.<\/p>\n<p>Reporta un error<\/p>\n","protected":false},"excerpt":{"rendered":"La excolaboradora de &#8216;S\u00e1lvame&#8217;, ahora en La 1, celebra el despido del tertuliano de Mediaset Lunes, 1 de&hellip;\n","protected":false},"author":2,"featured_media":265512,"comment_status":"","ping_status":"","sticky":false,"template":"","format":"standard","meta":{"footnotes":""},"categories":[174],"tags":[17511,9623,15651,24039,255,146,147,25,24,256,15652,23,431],"class_list":{"0":"post-265511","1":"post","2":"type-post","3":"status-publish","4":"format-standard","5":"has-post-thumbnail","7":"category-famosos","8":"tag-afirma","9":"tag-alba","10":"tag-alessandro","11":"tag-carrillo","12":"tag-celebrities","13":"tag-entertainment","14":"tag-entretenimiento","15":"tag-es","16":"tag-espana","17":"tag-famosos","18":"tag-lecquio","19":"tag-spain","20":"tag-victimas"},"share_on_mastodon":{"url":"https:\/\/pubeurope.com\/@es\/115644661516305377","error":""},"_links":{"self":[{"href":"https:\/\/www.europesays.com\/es\/wp-json\/wp\/v2\/posts\/265511","targetHints":{"allow":["GET"]}}],"collection":[{"href":"https:\/\/www.europesays.com\/es\/wp-json\/wp\/v2\/posts"}],"about":[{"href":"https:\/\/www.europesays.com\/es\/wp-json\/wp\/v2\/types\/post"}],"author":[{"embeddable":true,"href":"https:\/\/www.europesays.com\/es\/wp-json\/wp\/v2\/users\/2"}],"replies":[{"embeddable":true,"href":"https:\/\/www.europesays.com\/es\/wp-json\/wp\/v2\/comments?post=265511"}],"version-history":[{"count":0,"href":"https:\/\/www.europesays.com\/es\/wp-json\/wp\/v2\/posts\/265511\/revisions"}],"wp:featuredmedia":[{"embeddable":true,"href":"https:\/\/www.europesays.com\/es\/wp-json\/wp\/v2\/media\/265512"}],"wp:attachment":[{"href":"https:\/\/www.europesays.com\/es\/wp-json\/wp\/v2\/media?parent=265511"}],"wp:term":[{"taxonomy":"category","embeddable":true,"href":"https:\/\/www.europesays.com\/es\/wp-json\/wp\/v2\/categories?post=265511"},{"taxonomy":"post_tag","embeddable":true,"href":"https:\/\/www.europesays.com\/es\/wp-json\/wp\/v2\/tags?post=265511"}],"curies":[{"name":"wp","href":"https:\/\/api.w.org\/{rel}","templated":true}]}}