{"id":265513,"date":"2025-12-01T13:57:13","date_gmt":"2025-12-01T13:57:13","guid":{"rendered":"https:\/\/www.europesays.com\/es\/265513\/"},"modified":"2025-12-01T13:57:13","modified_gmt":"2025-12-01T13:57:13","slug":"fotografas-iberoamericanas-capturan-la-memoria-viva-de-un-futbol-antihegemonico-america-futura","status":"publish","type":"post","link":"https:\/\/www.europesays.com\/es\/265513\/","title":{"rendered":"Fot\u00f3grafas iberoamericanas capturan la memoria viva de un f\u00fatbol antihegem\u00f3nico | Am\u00e9rica Futura"},"content":{"rendered":"<p class=\"\">EL PA\u00cdS ofrece en abierto la secci\u00f3n Am\u00e9rica Futura por su aporte informativo diario y global sobre desarrollo sostenible. Si quieres apoyar nuestro periodismo, suscr\u00edbete <a href=\"https:\/\/elpais.com\/suscripciones\/digital\/11-euros-105-euros\/?prm=mrf-redirect#\/campaign?prm=mrf-redirect\" rel=\"nofollow noopener\" target=\"_blank\">aqu\u00ed<\/a>.<\/p>\n<p class=\"\">El bal\u00f3n, se dice, es caprichoso. Hay d\u00edas en los que el gol se resiste a existir y hay otros en los que el arco se transforma en una boca hambrienta cuyo manjar es la pelota. La econom\u00eda y la cultura alrededor del f\u00fatbol, sin embargo, tienden a ser menos rebeldes: los millones negocian las pasiones y las hegemon\u00edas generan exclusiones salvajemente normalizadas. <\/p>\n<p class=\"\">La fot\u00f3grafa chilena Manne Stoller se dio cuenta de eso cuando, hace ocho a\u00f1os, su hija de catorce a\u00f1os decidi\u00f3 que quer\u00eda ser <a href=\"https:\/\/elpais.com\/deportes\/futbol\/2025-09-22\/aitana-bonmati-la-lider-excepcional-que-ya-cuenta-tres-balones-de-oro.html\" target=\"_self\" rel=\"nofollow noopener\" title=\"https:\/\/elpais.com\/deportes\/futbol\/2025-09-22\/aitana-bonmati-la-lider-excepcional-que-ya-cuenta-tres-balones-de-oro.html\">futbolista<\/a>. Ante la inexistencia de un equipo femenil, la adolescente empez\u00f3 jugando con muchachos y en el arco. Stoller, desde las tribunas, hinchaba por su hija sin saber que, en esos momentos, el bal\u00f3n marinaba dos de sus futuras pasiones: la fotograf\u00eda y el Club Santiago Wanderers, el equipo m\u00e1s antiguo de Chile. <\/p>\n<p class=\"\">Su proyecto art\u00edstico empieza en los m\u00e1rgenes de esa cancha y hoy es parte del colectivo iberoamericano fotogr\u00e1fico Cuerpas reales, hinchas reales. \u201cA todas, independiente del equipo o los colores, nos cruza la <a href=\"https:\/\/elpais.com\/deportes\/futbol\/2024-06-09\/futbol-el-deporte-que-las-mujeres-conquistaron-a-fuerza-de-derribar-prejuicios.html\" target=\"_self\" rel=\"nofollow noopener\" title=\"https:\/\/elpais.com\/deportes\/futbol\/2024-06-09\/futbol-el-deporte-que-las-mujeres-conquistaron-a-fuerza-de-derribar-prejuicios.html\">pasi\u00f3n por el f\u00fatbol<\/a> y por la defensa de qui\u00e9nes somos. La lucha cruza el deporte\u201d, dice Stoller. <\/p>\n<p class=\"\">El colectivo re\u00fane a m\u00e1s de setenta fot\u00f3grafas, hinchas de diferentes equipos de Bolivia, Ecuador, Argentina, Chile, Uruguay, Brasil, Per\u00fa, Colombia, M\u00e9xico y Espa\u00f1a. Ideado por la fot\u00f3grafa argentina \u00c9rica Voget durante la pandemia, la exposici\u00f3n tiene como prop\u00f3sito visibilizar el amor por el f\u00fatbol desde una mirada feminista. Mira donde las c\u00e1maras hipertecnol\u00f3gicas de los grandes medios no miran: la alcoba, el cerro, el cementerio. Y se mueve en un vocabulario al que el f\u00fatbol hegem\u00f3nico parece tenerle alergia: las fot\u00f3grafas,cuyo proyecto art\u00edstico combina la pasi\u00f3n por el f\u00fatbol con reivindicaciones sociales, hablan sin miedo, tanto en sus fotos como en sus redes sociales, de Marielle Franco (l\u00edder social brasile\u00f1a asesinada en 2018), de los jubilados argentinos o de los derechos de los pueblos ind\u00edgenas, entre otros.<\/p>\n<p><img decoding=\"auto\" class=\"_re lazyload a_m-h\" height=\"276\"  width=\"414\"  src=\"https:\/\/www.europesays.com\/es\/wp-content\/uploads\/2025\/12\/5ZDHLTYKJ5EMVI4KFGM2ECWVF4.jpeg\" loading=\"lazy\"\/>Aficionada del Santiago Wanderers, en Chile, en 2021.Mane Stonell<\/p>\n<p class=\"\">La toma de postura de Cuerpas reales calza a la perfecci\u00f3n con el ideario futbolero de Stonell. \u201cSantiago Wanderers es el equipo m\u00e1s antiguo de Chile. Es la identidad de Valpara\u00edso, que es la puerta de entrada de los deportes al pa\u00eds. El f\u00fatbol se transform\u00f3 en un espacio del que las mujeres est\u00e1bamos siendo excluidas. Mi trabajo parte de ah\u00ed: de la necesidad de mostrar c\u00f3mo estaban siendo violentadas las mujeres al representar una ciudad, una pasi\u00f3n. Nosotros, como pap\u00e1s, financi\u00e1bamos al equipo profesional y el wanderino ni siquiera sab\u00eda que exist\u00eda el <a href=\"https:\/\/elpais.com\/actualidad\/newsletter-americanas\/2025-07-28\/el-circulo-vicioso-que-mantiene-estancado-al-futbol-femenino-en-america-latina.html\" target=\"_self\" rel=\"nofollow noopener\" title=\"https:\/\/elpais.com\/actualidad\/newsletter-americanas\/2025-07-28\/el-circulo-vicioso-que-mantiene-estancado-al-futbol-femenino-en-america-latina.html\">f\u00fatbol femenino<\/a>\u201d. <\/p>\n<p class=\"\">Su obra refrenda lo dicho: en una de las fotos participantes de la exposici\u00f3n, vemos a catorce mujeres wanderinas mayores de cuarenta a\u00f1os posando en unas escaleras. \u201cLo que hago tiene que ver con eso, con mujeres adultas, porque si no, se confunde con moda\u201d, dice en alusi\u00f3n al blokecore, una tendencia actual que lleva las camisetas de f\u00fatbol al mundo de la moda aesthetic. <\/p>\n<p class=\"\">El colectivo rueda por los pa\u00edses como un bal\u00f3n. En septiembre, estuvo en Cochabamba, Bolivia, y a finales de octubre, se present\u00f3 en Tucum\u00e1n, Argentina. Hasta el momento, la colecci\u00f3n de Cuerpas reales, hichas reales ya ha sido presentada en Santiago, Paraty (Brasil), Liverpool (Reino Unido), Nueva York (Estados Unidos), Ciudad de M\u00e9xico y varias ciudades argentinas. Las exposiciones vienen de la mano de conversatorios en los que se analiza el f\u00fatbol desde lugares que el mercado y la hegemon\u00eda masculina prefieren evadir: el g\u00e9nero, la clase y las problem\u00e1ticas sociales. Seg\u00fan un texto de la antrop\u00f3loga argentina Andrea Chame, las fotos nos recuerdan que \u201cser hincha es representar la pasi\u00f3n por el deporte, pero tambi\u00e9n trazar redes afectivas, tener una pertenencia familiar y barrial, narrar hechos hist\u00f3ricos y luchas sociales\u201d.<\/p>\n<p><img decoding=\"auto\" class=\"_re lazyload a_m-h\" height=\"311\"  width=\"414\"  src=\"https:\/\/www.europesays.com\/es\/wp-content\/uploads\/2025\/12\/WTK3U2GGNBDYJN2GUIGLHO6EEM.jpeg\" loading=\"lazy\"\/>Marina Azc\u00e1rraga, hincha de The Strongest, en un mausoleo del equipo.<\/p>\n<p class=\"\">Cuerpas reales reivindica lo comunal y lo \u00edntimo del deporte, cruzando los \u201ctrapos\u201d que cuelgan en las paredes de la habitaci\u00f3n con el sentido de pertenencia que hace del f\u00fatbol una pasi\u00f3n de millones. Valeria Arias, fot\u00f3grafa boliviana hincha del The Strongest de La Paz, dice que para ella fue un reto acercarse al f\u00fatbol desde la intimidad y no desde la grandilocuencia de las barras del estadio. Acostumbrada a los paisajes esplendorosos que ofrece el Salar de Uyuni, lugar en el que centra gran parte de su trabajo, capturar el esp\u00edritu de su pasi\u00f3n supuso un ejercicio de reaprendizaje art\u00edstico. <\/p>\n<p class=\"\">\u201cEl Salar de Uyuni es mi musa y lo seguir\u00e1 siendo. Mi l\u00ednea es el paisajismo. Presentarme al proyecto de Cuerpas me exig\u00eda convertirme en fot\u00f3grafa documentalista, que es otra rama. Me met\u00ed a lo documental fotogr\u00e1fico de manera emp\u00edrica. Cuerpas para m\u00ed ha sido una gran escuela\u201d. <\/p>\n<p class=\"\">Stonell resalta que la pasi\u00f3n femenina por el f\u00fatbol no es menos extrema que la masculina. Con emoci\u00f3n, cuenta la historia de la t\u00eda Lauri, hincha hist\u00f3rica de Santiago Wanderers, que en 2018, a sus 80 a\u00f1os, vendi\u00f3 su casa para acompa\u00f1ar a su equipo en sus partidos de visitante en la Copa Libertadores \u201cA ese nivel de pasi\u00f3n vivimos\u201d, dice orgullosa. \u201cEntonces, visibilizar y hablar de una mujer hincha que se meti\u00f3 todos los convencionalismos sociales al bolsillo para seguir su pasi\u00f3n es lo que he mostrado con Cuerpas\u201d. <\/p>\n<p><img decoding=\"auto\" class=\"_re lazyload a_m-h\" height=\"276\"  width=\"414\"  src=\"https:\/\/www.europesays.com\/es\/wp-content\/uploads\/2025\/12\/TACDNKJBGVGVRLOLXWUR62OZLI.jpg\" loading=\"lazy\"\/>Valeria Arias, la \u00fanica fot\u00f3grafa pace\u00f1a de Uyuni.Felman Ru\u00edz<\/p>\n<p class=\"\">La boliviana Arias destaca lo que existe detr\u00e1s de cada <a href=\"https:\/\/elpais.com\/america-futura\/2025-04-08\/el-fotografo-que-retrato-el-amazonas-convertido-en-desierto-parecia-la-transformacion-radical-del-planeta.html\" target=\"_self\" rel=\"nofollow noopener\" title=\"https:\/\/elpais.com\/america-futura\/2025-04-08\/el-fotografo-que-retrato-el-amazonas-convertido-en-desierto-parecia-la-transformacion-radical-del-planeta.html\">fotograf\u00eda<\/a>. \u201cHay una historia personal de cada fot\u00f3grafa. Sus fotos me permiten ir a las historias, a sus vidas\u201d. <\/p>\n<p class=\"\">Los clubes incluidos en el colectivo no solo pertenecen a la primera divisi\u00f3n. Tambi\u00e9n se contemplan a hinchas de equipos de segunda divisi\u00f3n, clubes de potrero o de ciudades de altitud, como el Deportivo Huilloc, situado en el Valle Sagrado de Los Incas, en la regi\u00f3n de Cuzco, Per\u00fa. El bal\u00f3n de Cuerpas sale de los estadios financiados por transnacionales multimillonarias y rueda en la calle o la habitaci\u00f3n para mezclarse con las resistencias del d\u00eda a d\u00eda y as\u00ed contar una historia. <\/p>\n","protected":false},"excerpt":{"rendered":"EL PA\u00cdS ofrece en abierto la secci\u00f3n Am\u00e9rica Futura por su aporte informativo diario y global sobre desarrollo&hellip;\n","protected":false},"author":2,"featured_media":265514,"comment_status":"","ping_status":"","sticky":false,"template":"","format":"standard","meta":{"footnotes":""},"categories":[173],"tags":[889,283,229,233,231,230,65776,11745,232,234,18781,146,147,25,24,4910,244,282,4043,4044,23],"class_list":{"0":"post-265513","1":"post","2":"type-post","3":"status-publish","4":"format-standard","5":"has-post-thumbnail","7":"category-arte-y-diseno","8":"tag-america","9":"tag-argentina","10":"tag-arte","11":"tag-arte-y-diseno","12":"tag-arts","13":"tag-arts-and-design","14":"tag-deporte-inclusivo","15":"tag-desarrollo-sostenible","16":"tag-design","17":"tag-diseno","18":"tag-economia-sostenible","19":"tag-entertainment","20":"tag-entretenimiento","21":"tag-es","22":"tag-espana","23":"tag-feminismo","24":"tag-fotografia","25":"tag-futbol","26":"tag-machismo","27":"tag-mujeres","28":"tag-spain"},"share_on_mastodon":{"url":"https:\/\/pubeurope.com\/@es\/115644664940187877","error":""},"_links":{"self":[{"href":"https:\/\/www.europesays.com\/es\/wp-json\/wp\/v2\/posts\/265513","targetHints":{"allow":["GET"]}}],"collection":[{"href":"https:\/\/www.europesays.com\/es\/wp-json\/wp\/v2\/posts"}],"about":[{"href":"https:\/\/www.europesays.com\/es\/wp-json\/wp\/v2\/types\/post"}],"author":[{"embeddable":true,"href":"https:\/\/www.europesays.com\/es\/wp-json\/wp\/v2\/users\/2"}],"replies":[{"embeddable":true,"href":"https:\/\/www.europesays.com\/es\/wp-json\/wp\/v2\/comments?post=265513"}],"version-history":[{"count":0,"href":"https:\/\/www.europesays.com\/es\/wp-json\/wp\/v2\/posts\/265513\/revisions"}],"wp:featuredmedia":[{"embeddable":true,"href":"https:\/\/www.europesays.com\/es\/wp-json\/wp\/v2\/media\/265514"}],"wp:attachment":[{"href":"https:\/\/www.europesays.com\/es\/wp-json\/wp\/v2\/media?parent=265513"}],"wp:term":[{"taxonomy":"category","embeddable":true,"href":"https:\/\/www.europesays.com\/es\/wp-json\/wp\/v2\/categories?post=265513"},{"taxonomy":"post_tag","embeddable":true,"href":"https:\/\/www.europesays.com\/es\/wp-json\/wp\/v2\/tags?post=265513"}],"curies":[{"name":"wp","href":"https:\/\/api.w.org\/{rel}","templated":true}]}}