{"id":265524,"date":"2025-12-01T14:06:10","date_gmt":"2025-12-01T14:06:10","guid":{"rendered":"https:\/\/www.europesays.com\/es\/265524\/"},"modified":"2025-12-01T14:06:10","modified_gmt":"2025-12-01T14:06:10","slug":"la-crisis-de-la-memoria-azota-incluso-a-las-raspberry-pi-y-se-encarecen-un-21","status":"publish","type":"post","link":"https:\/\/www.europesays.com\/es\/265524\/","title":{"rendered":"La crisis de la memoria azota incluso a las Raspberry Pi, y se encarecen un 21%"},"content":{"rendered":"<p>Lo del <strong>precio de la memoria RAM<\/strong> est\u00e1 siendo de locura. Es cierto que llev\u00e1bamos meses advirtiendo de que iba a subir de precio, pero honestamente no esper\u00e1bamos que lo hiciera tanto, y es que ahora mismo los kits est\u00e1ndar de 32 GB de RAM DDR5 a 6.000 MHz han triplicado su precio en los \u00faltimos seis meses. La situaci\u00f3n est\u00e1 comenzando a ser ya bastante grave, y tanto es as\u00ed que est\u00e1 salpicando a otros mercados, como por ejemplo a las <strong>Raspberry Pi<\/strong>, que han visto su precio incrementado hasta un 21% por este problema.<\/p>\n<p>Ha sido la propia compa\u00f1\u00eda detr\u00e1s de las Raspberry Pi quien, a trav\u00e9s de un post publicado hoy, 1 de diciembre de 2025 en su <a href=\"https:\/\/www.raspberrypi.com\/news\/1gb-raspberry-pi-5-now-available-at-45-and-memory-driven-price-rises\/\" target=\"_blank\" rel=\"noopener noreferrer nofollow\">web oficial<\/a>, ha anunciado el incremento de precio de sus productos ech\u00e1ndole directamente la culpa a los precios de la memoria. Estos incrementos de precio van desde 5 d\u00f3lares en las Raspberry Pi 4 de 4 GB de RAM hasta 25 d\u00f3lares en las Raspberry Pi 5 de 16 GB de memoria.<\/p>\n<p>Ni las Raspberry Pi se libran de las subidas de precio<\/p>\n<p>En la publicaci\u00f3n, Eben Upton, directivo de la compa\u00f1\u00eda, comenta que la misi\u00f3n principal de Raspberry Pi siempre hab\u00eda sido la de proporcionar equipos de alto rendimiento y bajo coste, y que para \u00e9l lo de \u00abbajo coste\u00bb siempre hab\u00eda sido crucial. Sin embargo, se lamenta que los recientes acontecimientos en torno a los precios de los chips de memoria les ha obligado a ajustar los precios de sus productos, algo que es entendible visto c\u00f3mo est\u00e1 el mercado y, de hecho, la subida de precio no ha sido tan acusada como en los kits de memoria RAM para PC donde, como hemos mencionado antes, el precio se ha llegado a triplicar.<\/p>\n<p><img decoding=\"async\" loading=\"lazy\" width=\"1280\" height=\"720\" src=\"https:\/\/www.europesays.com\/es\/wp-content\/uploads\/2025\/12\/raspberry-pi.jpg\" alt=\"Raspberry Pi sobre una mesa\"\/><\/p>\n<p>El precio de la Raspberry Pi se ha visto incrementado de 5 a 25 d\u00f3lares dependiendo de la cantidad de RAM de f\u00e1brica. Foto: Raspberry.<\/p>\n<p>En esta misma publicaci\u00f3n, Upton ha publicado una tabla que indica la subida de precio en cada caso. Os la ponemos a continuaci\u00f3n, y a\u00f1adimos una columna para que pod\u00e1is ver el porcentaje de subida de precio en cada caso.<\/p>\n<tr class=\"row-1 odd\">\n\tProductoCantidad de RAMPrecio anteriorPrecio nuevoPorcentaje subida<br \/>\n<\/tr>\n<tr class=\"row-2 even\">\n<td class=\"column-1\">Raspberry Pi 4<\/td>\n<td class=\"column-2\">4GB<\/td>\n<td class=\"column-3\">$55<\/td>\n<td class=\"column-4\">$60<\/td>\n<td class=\"column-5\">9,09%<\/td>\n<\/tr>\n<tr class=\"row-3 odd\">\n<td class=\"column-1\">Raspberry Pi 4<\/td>\n<td class=\"column-2\">8GB<\/td>\n<td class=\"column-3\">$75<\/td>\n<td class=\"column-4\">$85<\/td>\n<td class=\"column-5\">13,33%<\/td>\n<\/tr>\n<tr class=\"row-4 even\">\n<td class=\"column-1\">Raspberry Pi 5<\/td>\n<td class=\"column-2\">1GB<\/td>\n<td class=\"column-3\">\u2013<\/td>\n<td class=\"column-4\">$45<\/td>\n<td class=\"column-5\">&#8211;<\/td>\n<\/tr>\n<tr class=\"row-5 odd\">\n<td class=\"column-1\">Raspberry Pi 5<\/td>\n<td class=\"column-2\">2GB<\/td>\n<td class=\"column-3\">$50<\/td>\n<td class=\"column-4\">$55<\/td>\n<td class=\"column-5\">10%<\/td>\n<\/tr>\n<tr class=\"row-6 even\">\n<td class=\"column-1\">Raspberry Pi 5<\/td>\n<td class=\"column-2\">4GB<\/td>\n<td class=\"column-3\">$60<\/td>\n<td class=\"column-4\">$70<\/td>\n<td class=\"column-5\">16,67%<\/td>\n<\/tr>\n<tr class=\"row-7 odd\">\n<td class=\"column-1\">Raspberry Pi 5<\/td>\n<td class=\"column-2\">8GB<\/td>\n<td class=\"column-3\">$80<\/td>\n<td class=\"column-4\">$95<\/td>\n<td class=\"column-5\">18,75%<\/td>\n<\/tr>\n<tr class=\"row-8 even\">\n<td class=\"column-1\">Raspberry Pi 5<\/td>\n<td class=\"column-2\">16GB<\/td>\n<td class=\"column-3\">$120<\/td>\n<td class=\"column-4\">$145<\/td>\n<td class=\"column-5\">20,83%<\/td>\n<\/tr>\n<p>Como pod\u00e9is apreciar, la subida va desde poco m\u00e1s del 9% hasta casi un 21% en la Raspberry Pi 5 de 16 GB de RAM. La excepci\u00f3n como tambi\u00e9n pod\u00e9is ver en la tabla es la Raspberry Pi 5 de 1 GB de RAM, un modelo nuevo que han anunciado ahora en este comunicado, y del que dicen que tiene ya disponibilidad inmediata por 45 d\u00f3lares.<\/p>\n<p>Lo cierto es que es bastante entendible esta subida de precio en las Raspberry Pi visto c\u00f3mo est\u00e1 ahora mismo el mercado de la memoria. En un <a href=\"https:\/\/tweakers.net\/plan\/4574\/bizarre-prijsstijgingen-geheugen-hoe-vind-je-de-laatste-goedkope-kits.html\" rel=\"nofollow noopener\" target=\"_blank\">estudio de Tweakers<\/a> mostraron que en muchos casos el precio de la RAM se ha triplicado, y en este mismo art\u00edculo mencionan las palabras de Simon Chen, director ejecutivo de ADATA, quien dijo que estamos ante un periodo de escasez hist\u00f3rica de chips, y que espera que el precio siga aumentando hasta bien entrado 2026. Ya veremos qu\u00e9 es lo que sucede al final, porque desde luego la situaci\u00f3n est\u00e1 comenzando a ser poco menos que insostenible.<\/p>\n<p>        Preguntas clave sobre la subida de precio de Raspberry Pi<\/p>\n<p>                        \u00bfPor qu\u00e9 ha subido de precio la Raspberry Pi?<\/p>\n<p>\n                        La subida se debe al encarecimiento global de los chips de memoria RAM, un componente esencial de estas placas, cuyo coste se ha llegado a triplicar en los \u00faltimos meses.\n                    <\/p>\n<p>                        \u00bfA qu\u00e9 modelos afecta esta subida?<\/p>\n<p>\n                        Afecta a la mayor\u00eda de modelos, incluyendo la Raspberry Pi 4 (versiones de 4GB y 8GB) y la Raspberry Pi 5 (versiones de 2GB, 4GB, 8GB y 16GB).\n                    <\/p>\n<p>                        \u00bfDe cu\u00e1nto es el incremento de precio?<\/p>\n<p>\n                        El incremento var\u00eda seg\u00fan el modelo, oscilando entre los 5 y los 25 d\u00f3lares, lo que representa un aumento porcentual de entre el 9% y el 21%.\n                    <\/p>\n<p>                        \u00bfSe espera que los precios de la memoria sigan subiendo?<\/p>\n<p>\n                        S\u00ed, expertos del sector como el director ejecutivo de ADATA han advertido que la escasez de chips podr\u00eda continuar, con precios al alza hasta bien entrado el a\u00f1o 2026.\n                    <\/p>\n","protected":false},"excerpt":{"rendered":"Lo del precio de la memoria RAM est\u00e1 siendo de locura. Es cierto que llev\u00e1bamos meses advirtiendo de&hellip;\n","protected":false},"author":2,"featured_media":265525,"comment_status":"","ping_status":"","sticky":false,"template":"","format":"standard","meta":{"footnotes":""},"categories":[81],"tags":[119,123,124,25,24,117,121,122,23,118,120],"class_list":{"0":"post-265524","1":"post","2":"type-post","3":"status-publish","4":"format-standard","5":"has-post-thumbnail","7":"category-ciencia-y-tecnologia","8":"tag-ciencia","9":"tag-ciencia-y-tecnologia","10":"tag-cienciaytecnologia","11":"tag-es","12":"tag-espana","13":"tag-science","14":"tag-science-and-technology","15":"tag-scienceandtechnology","16":"tag-spain","17":"tag-technology","18":"tag-tecnologia"},"share_on_mastodon":{"url":"https:\/\/pubeurope.com\/@es\/115644700504648387","error":""},"_links":{"self":[{"href":"https:\/\/www.europesays.com\/es\/wp-json\/wp\/v2\/posts\/265524","targetHints":{"allow":["GET"]}}],"collection":[{"href":"https:\/\/www.europesays.com\/es\/wp-json\/wp\/v2\/posts"}],"about":[{"href":"https:\/\/www.europesays.com\/es\/wp-json\/wp\/v2\/types\/post"}],"author":[{"embeddable":true,"href":"https:\/\/www.europesays.com\/es\/wp-json\/wp\/v2\/users\/2"}],"replies":[{"embeddable":true,"href":"https:\/\/www.europesays.com\/es\/wp-json\/wp\/v2\/comments?post=265524"}],"version-history":[{"count":0,"href":"https:\/\/www.europesays.com\/es\/wp-json\/wp\/v2\/posts\/265524\/revisions"}],"wp:featuredmedia":[{"embeddable":true,"href":"https:\/\/www.europesays.com\/es\/wp-json\/wp\/v2\/media\/265525"}],"wp:attachment":[{"href":"https:\/\/www.europesays.com\/es\/wp-json\/wp\/v2\/media?parent=265524"}],"wp:term":[{"taxonomy":"category","embeddable":true,"href":"https:\/\/www.europesays.com\/es\/wp-json\/wp\/v2\/categories?post=265524"},{"taxonomy":"post_tag","embeddable":true,"href":"https:\/\/www.europesays.com\/es\/wp-json\/wp\/v2\/tags?post=265524"}],"curies":[{"name":"wp","href":"https:\/\/api.w.org\/{rel}","templated":true}]}}