{"id":265528,"date":"2025-12-01T14:08:14","date_gmt":"2025-12-01T14:08:14","guid":{"rendered":"https:\/\/www.europesays.com\/es\/265528\/"},"modified":"2025-12-01T14:08:14","modified_gmt":"2025-12-01T14:08:14","slug":"otra-tormenta-invernal-amenaza-con-nuevos-problemas-de-viaje-para-las-zonas-ya-gravemente-afectadas-durante-el-fin-de-semana-festivo","status":"publish","type":"post","link":"https:\/\/www.europesays.com\/es\/265528\/","title":{"rendered":"Otra tormenta invernal amenaza con nuevos problemas de viaje para las zonas ya gravemente afectadas durante el fin de semana festivo"},"content":{"rendered":"<p>      CNN<br \/>\n        \u00a0\u2014\u00a0<\/p>\n<p class=\"paragraph inline-placeholder vossi-paragraph\" data-uri=\"es.cms.cnn.com\/_components\/paragraph\/instances\/cmimvns4o002j26qn3mtmdc2w@published\" data-editable=\"text\" data-component-name=\"paragraph\" data-article-gutter=\"true\">\n            El invierno ni siquiera ha comenzado oficialmente, pero el ambiente ya se acerca al cansancio t\u00edpico de finales de febrero. Una nueva tormenta avanza desde las llanuras hacia el noreste, amenazando con m\u00e1s interrupciones en los viajes despu\u00e9s de que una r\u00e1faga posterior al D\u00eda de Acci\u00f3n de Gracias dejara una nevada r\u00e9cord en Chicago, cerrara carreteras en varios estados y provocara miles de cancelaciones de vuelos.\n    <\/p>\n<p class=\"paragraph inline-placeholder vossi-paragraph\" data-uri=\"es.cms.cnn.com\/_components\/paragraph\/instances\/cmimws5vy0007356nyu2nf380@published\" data-editable=\"text\" data-component-name=\"paragraph\" data-article-gutter=\"true\">\n            Una nueva ronda de nieve y hielo este lunes afectar\u00e1 a muchas de las mismas regiones, y continuar\u00e1 este martes con nieve en el interior del noreste, lluvias intensas en la costa y una franja de hielo a trav\u00e9s del valle de Ohio.\n    <\/p>\n<p class=\"paragraph inline-placeholder vossi-paragraph\" data-uri=\"es.cms.cnn.com\/_components\/paragraph\/instances\/cmimws5vy0008356nf04iyx17@published\" data-editable=\"text\" data-component-name=\"paragraph\" data-article-gutter=\"true\">\n            Si esperabas evitar problemas de viaje saliendo temprano esta semana, la naturaleza podr\u00eda tener la \u00faltima palabra. Este sistema, r\u00e1pido pero de alto impacto, llega inc\u00f3modamente pronto tras uno de los fines de semana de viajes m\u00e1s disruptivos despu\u00e9s de Acci\u00f3n de Gracias en a\u00f1os.\n    <\/p>\n<p class=\"paragraph inline-placeholder vossi-paragraph\" data-uri=\"es.cms.cnn.com\/_components\/paragraph\/instances\/cmimvnvef0000356nhvqq4exe@published\" data-editable=\"text\" data-component-name=\"paragraph\" data-article-gutter=\"true\">\n            La nueva tormenta comenz\u00f3 a formarse en el oeste este fin de semana, donde un fuerte sistema de baja presi\u00f3n ha estado canalizando humedad del Pac\u00edfico hacia el noroeste, la Gran Cuenca y las Rocosas. Las zonas m\u00e1s elevadas recibieron nieve fresca y \u00e1reas de menor altitud experimentaron nevadas ligeras.\n    <\/p>\n<p class=\"paragraph inline-placeholder vossi-paragraph\" data-uri=\"es.cms.cnn.com\/_components\/paragraph\/instances\/cmimwvhtt000i356niv2w5okb@published\" data-editable=\"text\" data-component-name=\"paragraph\" data-article-gutter=\"true\">\n            Este lunes, esta energ\u00eda giratoria se combinar\u00e1 con la humedad del Golfo, provocando lluvias y tormentas en Texas y el sur profundo, mientras que el borde norte de la tormenta aprovechar\u00e1 aire mucho m\u00e1s fr\u00edo. La nieve y una mezcla invernal se extender\u00e1n desde las llanuras centrales hasta el valle del Misisipi, el bajo Medio Oeste y los Grandes Lagos durante la tarde y noche de este lunes.\n    <\/p>\n<p class=\"paragraph inline-placeholder vossi-paragraph\" data-uri=\"es.cms.cnn.com\/_components\/paragraph\/instances\/cmimwvg18000g356n40zaor51@published\" data-editable=\"text\" data-component-name=\"paragraph\" data-article-gutter=\"true\">\n            Cualquier nevada residual generada por efecto lago tras la tormenta del fin de semana festivo mantendr\u00e1 a partes de los Grandes Lagos bajo nieve constante durante gran parte del d\u00eda. Des Moines, St. Louis y Chicago son solo algunos de los lugares donde se pronostica m\u00e1s nieve este lunes. Las palas tendr\u00e1n que seguir en acci\u00f3n un poco m\u00e1s.\n    <\/p>\n<p>       <img decoding=\"async\" src=\"https:\/\/www.europesays.com\/es\/wp-content\/uploads\/2025\/12\/prevision-precipitacion-nieve.jpg\" alt=\"prevision_precipitacion_nieve.jpg\" class=\"image__dam-img image__dam-img--loading\" onload=\"this.classList.remove('image__dam-img--loading')\" onerror=\"imageLoadError(this)\" height=\"731\" width=\"1300\" loading=\"lazy\"\/><\/p>\n<p class=\"paragraph inline-placeholder vossi-paragraph\" data-uri=\"es.cms.cnn.com\/_components\/paragraph\/instances\/cmimwzd9l000n356nc9lodpt3@published\" data-editable=\"text\" data-component-name=\"paragraph\" data-article-gutter=\"true\">\n            La tormenta se intensificar\u00e1 a medida que avance hacia el este. Desde la noche de este lunes hasta estel martes, lluvias generalizadas llegar\u00e1n a las regiones del Atl\u00e1ntico medio, el sureste y la costa del Golfo. Es posible que se produzcan inundaciones repentinas en el sur. El lado noroeste m\u00e1s fr\u00edo del sistema traer\u00e1 de nuevo nieve a los Apalaches y al interior del noreste.\n    <\/p>\n<p class=\"paragraph inline-placeholder vossi-paragraph\" data-uri=\"es.cms.cnn.com\/_components\/paragraph\/instances\/cmimwzbbh000l356n84hdb42n@published\" data-editable=\"text\" data-component-name=\"paragraph\" data-article-gutter=\"true\">\n            Justo al sur de la nieve intensa, el aire c\u00e1lido desliz\u00e1ndose sobre el suelo fr\u00edo podr\u00eda crear \u00e1reas de lluvia helada en los Apalaches centrales y del sur. Incluso una fina capa de hielo en las zonas m\u00e1s elevadas de Virginia y Carolina del Norte ser\u00eda suficiente para causar problemas de viaje o cortes de energ\u00eda dispersos.\n    <\/p>\n<p class=\"paragraph inline-placeholder vossi-paragraph\" data-uri=\"es.cms.cnn.com\/_components\/paragraph\/instances\/cmimx0agx000u356n3by5yokm@published\" data-editable=\"text\" data-component-name=\"paragraph\" data-article-gutter=\"true\">\n            La confianza en el pron\u00f3stico disminuye un poco m\u00e1s cerca del corredor de la I-95. Nueva York, Filadelfia, Boston y la ciudad de Washington podr\u00edan ver nieve al principio, pero la trayectoria exacta del centro de baja presi\u00f3n determinar\u00e1 si los copos se mantienen o r\u00e1pidamente se convierten en lluvia. El l\u00edmite entre esos dos escenarios es muy estrecho y depende de la rapidez con la que la baja costera se intensifique frente a la costa.\n    <\/p>\n<p class=\"paragraph inline-placeholder vossi-paragraph\" data-uri=\"es.cms.cnn.com\/_components\/paragraph\/instances\/cmimx0agx000v356n6re0tnf1@published\" data-editable=\"text\" data-component-name=\"paragraph\" data-article-gutter=\"true\">\n            Diciembre marca el inicio del invierno meteorol\u00f3gico \u2014que se extiende hasta febrero\u2014 y ciertamente se sentir\u00e1 as\u00ed durante la primera semana de la temporada. Muchos lugares en el centro y norte de EE. UU. permanecer\u00e1n en temperaturas de entre -7 y -1 \u00b0C elste lunes, lo que har\u00e1 que la nueva nieve y el hielo se acumulen sobre lo que ya ha ca\u00eddo.\n    <\/p>\n<p class=\"paragraph inline-placeholder vossi-paragraph\" data-uri=\"es.cms.cnn.com\/_components\/paragraph\/instances\/cmimx08q5000s356nm0vkpgyv@published\" data-editable=\"text\" data-component-name=\"paragraph\" data-article-gutter=\"true\">\n            Una vez que la nieve y el hielo se disipen, el fr\u00edo se intensificar\u00e1 a\u00fan m\u00e1s. Una nueva oleada de aire \u00e1rtico se extender\u00e1 por el centro y este de EE.UU. a finales de la semana, haciendo que las temperaturas caigan a sus niveles m\u00e1s bajos de la temporada hasta ahora.\n    <\/p>\n<p class=\"paragraph inline-placeholder vossi-paragraph\" data-uri=\"es.cms.cnn.com\/_components\/paragraph\/instances\/cmimxbuq2001i356n54llup9j@published\" data-editable=\"text\" data-component-name=\"paragraph\" data-article-gutter=\"true\">\n            Algunas \u00e1reas podr\u00edan acercarse a r\u00e9cords diarios de fr\u00edo este jueves y viernes, especialmente en las llanuras, el Medio Oeste y el interior del noreste.\n    <\/p>\n<p class=\"paragraph inline-placeholder vossi-paragraph\" data-uri=\"es.cms.cnn.com\/_components\/paragraph\/instances\/cmimx15pf0012356ncg3f320d@published\" data-editable=\"text\" data-component-name=\"paragraph\" data-article-gutter=\"true\">\n            La pr\u00f3xima irrupci\u00f3n \u00e1rtica podr\u00eda ser un adelanto de m\u00e1s fr\u00edo que llegar\u00e1 a lo largo de diciembre debido a una alteraci\u00f3n del <a href=\"https:\/\/www.cnn.com\/2025\/11\/19\/weather\/polar-vortex-cold-snowy-december-stratosphere\" rel=\"nofollow noopener\" target=\"_blank\">v\u00f3rtice polar<\/a>.\n    <\/p>\n","protected":false},"excerpt":{"rendered":"CNN \u00a0\u2014\u00a0 El invierno ni siquiera ha comenzado oficialmente, pero el ambiente ya se acerca al cansancio t\u00edpico&hellip;\n","protected":false},"author":2,"featured_media":265529,"comment_status":"","ping_status":"","sticky":false,"template":"","format":"standard","meta":{"footnotes":""},"categories":[42],"tags":[21223,17,18,629,13,14,11,61,62,63,64,16250,19,20,43210,9,10,15,16,12,2979,21,22,65,66,67],"class_list":{"0":"post-265528","1":"post","2":"type-post","3":"status-publish","4":"format-standard","5":"has-post-thumbnail","7":"category-internacional","8":"tag-accion-de-gracias","9":"tag-breaking-news","10":"tag-breakingnews","11":"tag-estados-unidos","12":"tag-featured-news","13":"tag-featurednews","14":"tag-headlines","15":"tag-internacional","16":"tag-international","17":"tag-international-news","18":"tag-internationalnews","19":"tag-invierno","20":"tag-latest-news","21":"tag-latestnews","22":"tag-nevada","23":"tag-news","24":"tag-noticias","25":"tag-noticias-destacadas","26":"tag-noticiasdestacadas","27":"tag-titulares","28":"tag-tormenta","29":"tag-ultimas-noticias","30":"tag-ultimasnoticias","31":"tag-world","32":"tag-world-news","33":"tag-worldnews"},"share_on_mastodon":{"url":"","error":"Validation failed: Text character limit of 500 exceeded"},"_links":{"self":[{"href":"https:\/\/www.europesays.com\/es\/wp-json\/wp\/v2\/posts\/265528","targetHints":{"allow":["GET"]}}],"collection":[{"href":"https:\/\/www.europesays.com\/es\/wp-json\/wp\/v2\/posts"}],"about":[{"href":"https:\/\/www.europesays.com\/es\/wp-json\/wp\/v2\/types\/post"}],"author":[{"embeddable":true,"href":"https:\/\/www.europesays.com\/es\/wp-json\/wp\/v2\/users\/2"}],"replies":[{"embeddable":true,"href":"https:\/\/www.europesays.com\/es\/wp-json\/wp\/v2\/comments?post=265528"}],"version-history":[{"count":0,"href":"https:\/\/www.europesays.com\/es\/wp-json\/wp\/v2\/posts\/265528\/revisions"}],"wp:featuredmedia":[{"embeddable":true,"href":"https:\/\/www.europesays.com\/es\/wp-json\/wp\/v2\/media\/265529"}],"wp:attachment":[{"href":"https:\/\/www.europesays.com\/es\/wp-json\/wp\/v2\/media?parent=265528"}],"wp:term":[{"taxonomy":"category","embeddable":true,"href":"https:\/\/www.europesays.com\/es\/wp-json\/wp\/v2\/categories?post=265528"},{"taxonomy":"post_tag","embeddable":true,"href":"https:\/\/www.europesays.com\/es\/wp-json\/wp\/v2\/tags?post=265528"}],"curies":[{"name":"wp","href":"https:\/\/api.w.org\/{rel}","templated":true}]}}