{"id":265530,"date":"2025-12-01T14:09:07","date_gmt":"2025-12-01T14:09:07","guid":{"rendered":"https:\/\/www.europesays.com\/es\/265530\/"},"modified":"2025-12-01T14:09:07","modified_gmt":"2025-12-01T14:09:07","slug":"peste-porcina-en-espana-la-comision-europea-manda-expertos-a-cataluna-donde-la-ume-ya-esta-desplegada-onda-cero","status":"publish","type":"post","link":"https:\/\/www.europesays.com\/es\/265530\/","title":{"rendered":"Peste porcina en Espa\u00f1a: la Comisi\u00f3n Europea manda expertos a Catalu\u00f1a donde la UME ya est\u00e1 desplegada &#8211; Onda Cero"},"content":{"rendered":"<ol>\n<li><a href=\"https:\/\/news.google.com\/rss\/articles\/CBMi-wFBVV95cUxNVDlLYXNGNFM5eFhYRV8wVEtfVU1KWHNuUGtEaENJQXY4OE1oSzB4eWxLYjA5V3ZBM1JYcHFFdEY3UkVkM2g4RG1Sb3l4N3pKNGUyM3BwaGcxeVVHMjV0X2dJRzNLWkZhMXpIekZVdnVHM2kyQkt5QUN2OU92LXRwN1dweHBOcl9MT0F5NEJ3MUNkRmwtajZYUno1ZC1KcjNEcVNKZXhlTFNYY2FMcmxjVE9SNVl6X2t6Q3hPTFBUV3Y3T2Y5X0l0REhFMjVrb3liSmFzbWFpNDBrN2Z2N2ZBWi1zWmlvSUFIY015eUZGN2VaeV9rN2RhQ211TdIB-wFBVV95cUxPSEEyNEdRZWFGRWFQcF9XQTFkUENlUmh6QUVQQmxMS0RNQUhWX01jX0VVX2JsYWdRMzh2TFdUQjZDaXJrV3BaMEZpSGk3LWxVODBjNm5FT2dqRXR6bHBTTkEzRk9qQ3VBRi1fUHJkUUU4Um9DMXFLZGYyZG8zZDZBSWQwWFo3aV9Mb1BaVWtyUHdWR1h2ZWpnc1BzNXAwaTZ0U21JUUhIV04yUVhrMWtQOE4yOEh2bUF6bmhaakRhb2ZZRll6c28tVEYwVnRzVXplaFpYOWF4Mjl6TnZIZzRlejB0c1pyOFQ5TkFvTVhWZnlaVDVUaXY0ZXRtTQ?oc=5\" target=\"_blank\" rel=\"nofollow noopener\">Peste porcina en Espa\u00f1a: la Comisi\u00f3n Europea manda expertos a Catalu\u00f1a donde la UME ya est\u00e1 desplegada<\/a>&nbsp;&nbsp;Onda Cero<\/li>\n<li><a href=\"https:\/\/news.google.com\/rss\/articles\/CBMi1gFBVV95cUxOTEwtUmwtazlwVjBmd0g5UjlLb0x6US1qTjRhUlhLZGthVl90YW9FdXRSZG5NWFdwQjNUank1cll0T3FfVVdGOGpkMDEtekRVRmtqbFFGREVoWWlEME53Um1BMWpaMDN2QlNWNzhkWjFHQ0F5QWJOdzVSTE9mRUJla0xtYmJWbXZQd3QzcTBiRzRZMnpVcjNYd1J0bUVySFYyTDRtTlJ3UzNQSDhSZ1BicWNvRk1PWlhIc2NoWUQ4X0xyWjNibjZkR3FPeDZ3dU9aWlFZUTRn?oc=5\" target=\"_blank\" rel=\"nofollow noopener\">Catalu\u00f1a apunta a un bocadillo con embutido contaminado como posible origen de la peste porcina<\/a>&nbsp;&nbsp;EL PA\u00cdS<\/li>\n<li><a href=\"https:\/\/news.google.com\/rss\/articles\/CBMipgFBVV95cUxPY1k0dnFrX3J5dEo2R3RvMGppblJqenhOYmY1UEdJSU9GN05lcUNJRXJOWjhmeEI4R1B6T0tLSHFNY0pTSHFDN0pvTTFEak1VQnMtTTZjajRUM3RtZUlYNEwwVWxUTEhrcnlELW1KcVJCTnpENHE3LWh6RFFPMkZ0c1RFUG5xTEtQbU0zdzdxWXFiX2FIWHBZUmVWZXNRUjhjY2RRTmtn?oc=5\" target=\"_blank\" rel=\"nofollow noopener\">Ordeig ve posible que la peste porcina llegara mediante carretera por embutido contaminado<\/a>&nbsp;&nbsp;ABC<\/li>\n<li><a href=\"https:\/\/news.google.com\/rss\/articles\/CBMi1gFBVV95cUxNNE9lS2ZuQzlvYVlLaEpuWUZXZURnT1dOdU1MYlc2NGxCVFJIV3dyVHZrZTJiM19lZUhDenNQMGhOODdHWmhuZlY5VGptVkYzNTVBU19VVjRmVENOMGpJV3dNUlBUekxhRW5MaXJwTmktRzl1bWgxYVhrSHhERHdXdHdWdTZ3dTRiX3dlTmhCMktvRDF4MmRVWkJaMzVGOXMwcU1nVFpjV3FsYU1MN3BCZl9KNlFYbWFzMm9KNC1yd28wU1g3UXMxQWNVZTJmZ2ViNmxRNFh3?oc=5\" target=\"_blank\" rel=\"nofollow noopener\">Un bocadillo con embutido infectado, posible origen del brote de la peste porcina africana<\/a>&nbsp;&nbsp;La Vanguardia<\/li>\n<li><a href=\"https:\/\/news.google.com\/rss\/articles\/CBMiggFBVV95cUxQbXk5VVhrSzB1cWZ2di0tSVN1cmFKSl9Eem1yZVYyQ29xc2d6ZWV4bEZPa3NTNTh2TldLT2NZZjk3Q0tvTHZHb0dUOVhBb3JrY2J0dWcwdDdlNTF1b2JRTkdBX3c1OEFjQlVqckRiV25yVUdGemZPODk0X2JKNkNYVkNn0gGCAUFVX3lxTE9ORFpaMGFqOTE3TF9iRURzbWpSZTBmQ3RCWmlURXRNTEM2dFpTSGthWFlLQVlMMVA1QmZFWk5weGtQa1RhVE1WN1hXQ2l5N1N4WlFiY3l4bnpmdTJhc1FZbk9NYXNSMHpQOFF5R25sTWo1QmU0VGp6azllMGZGdWtMb0E?oc=5\" target=\"_blank\" rel=\"nofollow noopener\">La UME ya ha llegado a Barcelona para contener el brote de peste porcina africana<\/a>&nbsp;&nbsp;Expansi\u00f3n<\/li>\n<\/ol>\n","protected":false},"excerpt":{"rendered":"Peste porcina en Espa\u00f1a: la Comisi\u00f3n Europea manda expertos a Catalu\u00f1a donde la UME ya est\u00e1 desplegada&nbsp;&nbsp;Onda Cero&hellip;\n","protected":false},"author":2,"featured_media":248356,"comment_status":"","ping_status":"","sticky":false,"template":"","format":"standard","meta":{"footnotes":""},"categories":[8],"tags":[17,18,25,24,13,14,11,19,20,9,10,15,16,23,12,21,22],"class_list":{"0":"post-265530","1":"post","2":"type-post","3":"status-publish","4":"format-standard","5":"has-post-thumbnail","7":"category-espana","8":"tag-breaking-news","9":"tag-breakingnews","10":"tag-es","11":"tag-espana","12":"tag-featured-news","13":"tag-featurednews","14":"tag-headlines","15":"tag-latest-news","16":"tag-latestnews","17":"tag-news","18":"tag-noticias","19":"tag-noticias-destacadas","20":"tag-noticiasdestacadas","21":"tag-spain","22":"tag-titulares","23":"tag-ultimas-noticias","24":"tag-ultimasnoticias"},"share_on_mastodon":{"url":"https:\/\/pubeurope.com\/@es\/115644712174898094","error":""},"_links":{"self":[{"href":"https:\/\/www.europesays.com\/es\/wp-json\/wp\/v2\/posts\/265530","targetHints":{"allow":["GET"]}}],"collection":[{"href":"https:\/\/www.europesays.com\/es\/wp-json\/wp\/v2\/posts"}],"about":[{"href":"https:\/\/www.europesays.com\/es\/wp-json\/wp\/v2\/types\/post"}],"author":[{"embeddable":true,"href":"https:\/\/www.europesays.com\/es\/wp-json\/wp\/v2\/users\/2"}],"replies":[{"embeddable":true,"href":"https:\/\/www.europesays.com\/es\/wp-json\/wp\/v2\/comments?post=265530"}],"version-history":[{"count":0,"href":"https:\/\/www.europesays.com\/es\/wp-json\/wp\/v2\/posts\/265530\/revisions"}],"wp:featuredmedia":[{"embeddable":true,"href":"https:\/\/www.europesays.com\/es\/wp-json\/wp\/v2\/media\/248356"}],"wp:attachment":[{"href":"https:\/\/www.europesays.com\/es\/wp-json\/wp\/v2\/media?parent=265530"}],"wp:term":[{"taxonomy":"category","embeddable":true,"href":"https:\/\/www.europesays.com\/es\/wp-json\/wp\/v2\/categories?post=265530"},{"taxonomy":"post_tag","embeddable":true,"href":"https:\/\/www.europesays.com\/es\/wp-json\/wp\/v2\/tags?post=265530"}],"curies":[{"name":"wp","href":"https:\/\/api.w.org\/{rel}","templated":true}]}}