{"id":265531,"date":"2025-12-01T14:10:29","date_gmt":"2025-12-01T14:10:29","guid":{"rendered":"https:\/\/www.europesays.com\/es\/265531\/"},"modified":"2025-12-01T14:10:29","modified_gmt":"2025-12-01T14:10:29","slug":"santa-cruz-se-suma-al-acto-de-repulsa-por-el-doble-asesinato-machista-en-malaga","status":"publish","type":"post","link":"https:\/\/www.europesays.com\/es\/265531\/","title":{"rendered":"Santa Cruz se suma al acto de repulsa por el doble asesinato machista en M\u00e1laga"},"content":{"rendered":"<p>La Federaci\u00f3n Canaria de Municipios (FECAM) invit\u00f3 hoy a todos las localidades del Archipi\u00e9lago a compartir un minuto de silencio por la muerte violenta de Mar\u00eda Victoria, de 60 a\u00f1os, y Concha, de 25, asesinadas los d\u00edas 22 y 26 de noviembre.<\/p>\n<p>La puerta de entrada de la Subdelegaci\u00f3n del Gobierno en Santa cruz de Tenerife acogi\u00f3 este mediod\u00eda el acto de repulsa y en memoria de Mar\u00eda Victoria, de 60 a\u00f1os, y Concha, de 25, asesinadas en M\u00e1laga los d\u00edas 22 y 26 de noviembre. La concentraci\u00f3n, convocada por la Federaci\u00f3n Canaria de Municipios (FECAM), cont\u00f3 con el subdelegado del Gobierno en la provincia, Javier Plata, y el primer teniente de alcalde, Carlos Tarife y la concejala de Seguridad del Ayuntamiento capitalino, Gladis de Le\u00f3n. Estuvieron acompa\u00f1ados por otros concejales de la Corporaci\u00f3n, personal de ambas administraciones y efectivos de la Guardia Civil, Polic\u00eda Nacional y Polic\u00eda Local. <\/p>\n<p>Mar\u00eda Victoria, de 60 a\u00f1os, perdi\u00f3 la vida el 22 de noviembre en El Rinc\u00f3n de la Victoria, a manos presuntamente de su exmarido, detenido y ya puesto a disposici\u00f3n judicial. Por otro lado, Concha, de 25 a\u00f1os, fue asesinada en la localidad malague\u00f1a de Campillos. Su pareja, de 28 a\u00f1os, se entreg\u00f3 en las dependencias de la Guardia Civil de la localidad jiennense de Martos y confes\u00f3 el crimen. Se encuentra en prisi\u00f3n y sin fianza.<\/p>\n<p>Una vez confirmado que se trata de dos nuevos casos de violencia de g\u00e9nero, elevan el n\u00famero de v\u00edctimas mortales de violencia machista a 40 en lo que va de a\u00f1o, y a 20 las criaturas menores de edad que han quedado hu\u00e9rfanas. Desde 2003, son ya 1.335 las mujeres que han sido asesinadas por violencia de g\u00e9nero. Desde 2013, son 65 los ni\u00f1os y ni\u00f1as asesinados por violencia de g\u00e9nero contra su madre y 489 el n\u00famero de ni\u00f1as y ni\u00f1os hu\u00e9rfanos por violencia de g\u00e9nero en Espa\u00f1a.<\/p>\n<p>Por otro lado, tambi\u00e9n se recuerda que en una situaci\u00f3n de emergencia se puede llamar al 112 o a los tel\u00e9fonos de emergencias de la Polic\u00eda Nacional (091) y de la Guardia Civil (062). En caso de que no sea posible realizar una llamada y ante una situaci\u00f3n de peligro, se puede utilizar la aplicaci\u00f3n ALERTCOPS, desde la que se enviar\u00e1 una se\u00f1al de alerta a la Polic\u00eda con geolocalizaci\u00f3n. Estos medios de asistencia pueden ser activados por la v\u00edctima y tambi\u00e9n por cualquier persona que conozca o sospeche de un caso de violencia de g\u00e9nero. Es un deber de toda la sociedad.<\/p>\n","protected":false},"excerpt":{"rendered":"La Federaci\u00f3n Canaria de Municipios (FECAM) invit\u00f3 hoy a todos las localidades del Archipi\u00e9lago a compartir un minuto&hellip;\n","protected":false},"author":2,"featured_media":265532,"comment_status":"","ping_status":"","sticky":false,"template":"","format":"standard","meta":{"footnotes":""},"categories":[5],"tags":[17,18,25,24,13,14,11,19,20,9,10,15,16,23,12,21,22],"class_list":{"0":"post-265531","1":"post","2":"type-post","3":"status-publish","4":"format-standard","5":"has-post-thumbnail","7":"category-titulares","8":"tag-breaking-news","9":"tag-breakingnews","10":"tag-es","11":"tag-espana","12":"tag-featured-news","13":"tag-featurednews","14":"tag-headlines","15":"tag-latest-news","16":"tag-latestnews","17":"tag-news","18":"tag-noticias","19":"tag-noticias-destacadas","20":"tag-noticiasdestacadas","21":"tag-spain","22":"tag-titulares","23":"tag-ultimas-noticias","24":"tag-ultimasnoticias"},"share_on_mastodon":{"url":"https:\/\/pubeurope.com\/@es\/115644715686862575","error":""},"_links":{"self":[{"href":"https:\/\/www.europesays.com\/es\/wp-json\/wp\/v2\/posts\/265531","targetHints":{"allow":["GET"]}}],"collection":[{"href":"https:\/\/www.europesays.com\/es\/wp-json\/wp\/v2\/posts"}],"about":[{"href":"https:\/\/www.europesays.com\/es\/wp-json\/wp\/v2\/types\/post"}],"author":[{"embeddable":true,"href":"https:\/\/www.europesays.com\/es\/wp-json\/wp\/v2\/users\/2"}],"replies":[{"embeddable":true,"href":"https:\/\/www.europesays.com\/es\/wp-json\/wp\/v2\/comments?post=265531"}],"version-history":[{"count":0,"href":"https:\/\/www.europesays.com\/es\/wp-json\/wp\/v2\/posts\/265531\/revisions"}],"wp:featuredmedia":[{"embeddable":true,"href":"https:\/\/www.europesays.com\/es\/wp-json\/wp\/v2\/media\/265532"}],"wp:attachment":[{"href":"https:\/\/www.europesays.com\/es\/wp-json\/wp\/v2\/media?parent=265531"}],"wp:term":[{"taxonomy":"category","embeddable":true,"href":"https:\/\/www.europesays.com\/es\/wp-json\/wp\/v2\/categories?post=265531"},{"taxonomy":"post_tag","embeddable":true,"href":"https:\/\/www.europesays.com\/es\/wp-json\/wp\/v2\/tags?post=265531"}],"curies":[{"name":"wp","href":"https:\/\/api.w.org\/{rel}","templated":true}]}}