{"id":265535,"date":"2025-12-01T14:18:10","date_gmt":"2025-12-01T14:18:10","guid":{"rendered":"https:\/\/www.europesays.com\/es\/265535\/"},"modified":"2025-12-01T14:18:10","modified_gmt":"2025-12-01T14:18:10","slug":"osobor-tiene-destrozada-la-rodilla","status":"publish","type":"post","link":"https:\/\/www.europesays.com\/es\/265535\/","title":{"rendered":"Osobor tiene destrozada la rodilla"},"content":{"rendered":"<p style=\"\"><strong>Great Osobor<\/strong>, <a href=\"https:\/\/www.abc.es\/deportes\/baloncesto\/great-osobor-nuevo-motor-espana-20251129183630-nt.html\" target=\"_self\" data-voc-vtm-id=\"in-text-traffic\" title=\"sensaci\u00f3n de la selecci\u00f3n espa\u00f1ola de baloncesto\" rel=\"nofollow noopener\">sensaci\u00f3n de la selecci\u00f3n espa\u00f1ola de baloncesto<\/a>, se destroz\u00f3 la rodilla durante el encuentro clasificatorio para el <strong>Mundial de 2027<\/strong> del pasado domingo ante <strong>Georgia<\/strong>. Como comunic\u00f3 la Federaci\u00f3n este lunes, el navarro tiene un esguince del ligamento lateral  &#8230; interno de su rodilla izquierda, una rotura radial del cuerno anterior del menisco externo y una rotura del ligamento cruzado anterior de esta misma articulaci\u00f3n. Un contratiempo que le obligar\u00e1 a pasar por el quir\u00f3fano y que le tendr\u00e1 en el dique seco hasta el \u00faltimo tercio de 2026. <\/p>\n<p class=\"voc-p\" style=\"\">\u00abLa FEB quiere mostrar su tristeza por este diagn\u00f3stico y el apoyo firme al jugador, a quien acompa\u00f1ar\u00e1 en todo lo que sea necesario durante su proceso de recuperaci\u00f3n. La Familia espera la vuelta de <strong>Great<\/strong>, que se ha hecho un hueco en el coraz\u00f3n de todos en muy poco tiempo\u00bb, asegur\u00f3 el organismo en un comunicado. <\/p>\n<p class=\"voc-p\" style=\"\">El p\u00edvot, que hab\u00eda deslumbrado <a href=\"https:\/\/www.abc.es\/deportes\/baloncesto\/chus-mateo-estrena-festin-ante-dinamarca-20251127195241-nt.html\" target=\"_self\" data-voc-vtm-id=\"in-text-traffic\" title=\"en su debut como internacional ante Dinamarca\" rel=\"nofollow noopener\">en su debut como internacional ante Dinamarca<\/a> (12 puntos, ocho rebotes), solo dur\u00f3 un minuto y 51 segundos en pista contra los georgianos. El escolta del Baskonia <strong>Mate Khatiashvili<\/strong>, en el primer cuarto, penetr\u00f3 a canasta con tan mala suerte que impact\u00f3 de lleno con la rodilla de <strong>Great<\/strong>, que inmediatamente se fue al suelo entre intensos gestos dolor. El jugador de 22 a\u00f1os fue incapaz de levantarse por su propio pie y tuvo que irse a los vestuarios acompa\u00f1ado de un miembro del cuerpo m\u00e9dico espa\u00f1ol y <strong>Toko Shengelia<\/strong>, estrella rival. <\/p>\n<p class=\"voc-p\" style=\"\">Inmediatamente, fue llevado a un hospital de Tenerife y, aunque la FEB no aport\u00f3 ninguna informaci\u00f3n, <strong>Chus Mateo<\/strong> dej\u00f3 entrever en rueda de prensa que los presagios no eran buenos. \u00abLo peor es la lesi\u00f3n de Osobor. Estamos muy tristes por \u00e9l porque es un chico joven. Cualquier lesi\u00f3n es triste y es un drama. Esperemos que sea lo menos posible. No pinta bien, no pod\u00eda seguir. S\u00f3lo puedo desearle lo mejor. Me da mucha pena\u00bb.<\/p>\n<p class=\"voc-p\" style=\"\">Osobor, de padres nigerianos, nacido en la localidad de <strong>Murchante<\/strong> y criado en <strong>Tudela<\/strong>, es una de las grandes perlas del baloncesto nacional. Tras pasar su adolescencia en Inglaterra, con 18 a\u00f1os se fue a Estados Unidos, donde destac\u00f3 en la liga universitaria. El pasado verano prob\u00f3 suerte con los <strong>Houston Rockets<\/strong> de la NBA durante la pretemporada y, tras disputar un torneo con las categor\u00edas inferiores de la selecci\u00f3n, fich\u00f3 por el <strong>Science City Jaena<\/strong>, donde es considerado como uno de los interiores m\u00e1s dominantes del campeonato alem\u00e1n. <\/p>\n","protected":false},"excerpt":{"rendered":"Great Osobor, sensaci\u00f3n de la selecci\u00f3n espa\u00f1ola de baloncesto, se destroz\u00f3 la rodilla durante el encuentro clasificatorio para&hellip;\n","protected":false},"author":2,"featured_media":265536,"comment_status":"","ping_status":"","sticky":false,"template":"","format":"standard","meta":{"footnotes":""},"categories":[269],"tags":[299,298,168,28250,1931,25,24,16028,10785,23,167],"class_list":{"0":"post-265535","1":"post","2":"type-post","3":"status-publish","4":"format-standard","5":"has-post-thumbnail","7":"category-baloncesto","8":"tag-baloncesto","9":"tag-basketball","10":"tag-deportes","11":"tag-destrozada","12":"tag-drama","13":"tag-es","14":"tag-espana","15":"tag-osobor","16":"tag-rodilla","17":"tag-spain","18":"tag-sports"},"share_on_mastodon":{"url":"https:\/\/pubeurope.com\/@es\/115644747358956487","error":""},"_links":{"self":[{"href":"https:\/\/www.europesays.com\/es\/wp-json\/wp\/v2\/posts\/265535","targetHints":{"allow":["GET"]}}],"collection":[{"href":"https:\/\/www.europesays.com\/es\/wp-json\/wp\/v2\/posts"}],"about":[{"href":"https:\/\/www.europesays.com\/es\/wp-json\/wp\/v2\/types\/post"}],"author":[{"embeddable":true,"href":"https:\/\/www.europesays.com\/es\/wp-json\/wp\/v2\/users\/2"}],"replies":[{"embeddable":true,"href":"https:\/\/www.europesays.com\/es\/wp-json\/wp\/v2\/comments?post=265535"}],"version-history":[{"count":0,"href":"https:\/\/www.europesays.com\/es\/wp-json\/wp\/v2\/posts\/265535\/revisions"}],"wp:featuredmedia":[{"embeddable":true,"href":"https:\/\/www.europesays.com\/es\/wp-json\/wp\/v2\/media\/265536"}],"wp:attachment":[{"href":"https:\/\/www.europesays.com\/es\/wp-json\/wp\/v2\/media?parent=265535"}],"wp:term":[{"taxonomy":"category","embeddable":true,"href":"https:\/\/www.europesays.com\/es\/wp-json\/wp\/v2\/categories?post=265535"},{"taxonomy":"post_tag","embeddable":true,"href":"https:\/\/www.europesays.com\/es\/wp-json\/wp\/v2\/tags?post=265535"}],"curies":[{"name":"wp","href":"https:\/\/api.w.org\/{rel}","templated":true}]}}