{"id":265537,"date":"2025-12-01T14:19:11","date_gmt":"2025-12-01T14:19:11","guid":{"rendered":"https:\/\/www.europesays.com\/es\/265537\/"},"modified":"2025-12-01T14:19:11","modified_gmt":"2025-12-01T14:19:11","slug":"el-barca-se-interesa-por-la-cesion-de-una-joven-perla-egipcia","status":"publish","type":"post","link":"https:\/\/www.europesays.com\/es\/265537\/","title":{"rendered":"El Bar\u00e7a se interesa por la cesi\u00f3n de una joven perla egipcia"},"content":{"rendered":"<p data-gtm-element-container=\"modulo-texto-link\" class=\"paragraph\">El FC Barcelona est\u00e1 interesado en incorporar a un joven delantero egipcio,<strong> Hamza Abdelkarim <\/strong>(17 a\u00f1os), tal como avanz\u00f3 nuestro colaborador Achraf Ben Ayad en su cuenta de la red social &#8216;X&#8217;. Se trata de un joven delantero de nacionalidad egipcia, internacional Sub-17 con su pa\u00eds, del que hay muy buenos informes.\u00a0<\/p>\n<p data-gtm-element-container=\"modulo-texto-link\" class=\"paragraph\">El movimiento del Bar\u00e7a se debe a las lesiones que ha sufrido la delantera de su filial, donde han ca\u00eddo lesionados <strong>V\u00edctor Barber\u00e0<\/strong>, <strong>\u00d2scar Gistau<\/strong> e <strong>Ibrahim Diarra<\/strong>.<\/p>\n<p>    Lee tambi\u00e9n<\/p>\n<p data-gtm-element-container=\"modulo-texto-link\" class=\"paragraph\">Seg\u00fan otras informaciones, el <strong>Bar\u00e7a <\/strong>quiere la cesi\u00f3n del joven delantero egipcio y su club quiere incluir una opci\u00f3n de compra. Ahora el <strong>Al Ahly<\/strong> est\u00e1 analizando la propuesta azulgrana para decidir si cumple con sus par\u00e1metros.<\/p>\n<p data-gtm-element-container=\"modulo-texto-link\" class=\"paragraph\">Abdelkarim es un delantero centro rematador que cumple 18 a\u00f1os el pr\u00f3ximo mes de enero, con lo que podr\u00eda ser inscrito sin problemas por el filial azulgrana. Otros clubs potentes como el Bayern de M\u00fanich, el Milan y el Oympique de Lyon se han interesado por \u00e9l despu\u00e9s de verle destacar en el \u00faltimo Mundial Sub-17.<\/p>\n","protected":false},"excerpt":{"rendered":"El FC Barcelona est\u00e1 interesado en incorporar a un joven delantero egipcio, Hamza Abdelkarim (17 a\u00f1os), tal como&hellip;\n","protected":false},"author":2,"featured_media":265538,"comment_status":"","ping_status":"","sticky":false,"template":"","format":"standard","meta":{"footnotes":""},"categories":[268],"tags":[168,25,24,280,282,281,23,167],"class_list":{"0":"post-265537","1":"post","2":"type-post","3":"status-publish","4":"format-standard","5":"has-post-thumbnail","7":"category-futbol","8":"tag-deportes","9":"tag-es","10":"tag-espana","11":"tag-football","12":"tag-futbol","13":"tag-soccer","14":"tag-spain","15":"tag-sports"},"share_on_mastodon":{"url":"https:\/\/pubeurope.com\/@es\/115644751289562151","error":""},"_links":{"self":[{"href":"https:\/\/www.europesays.com\/es\/wp-json\/wp\/v2\/posts\/265537","targetHints":{"allow":["GET"]}}],"collection":[{"href":"https:\/\/www.europesays.com\/es\/wp-json\/wp\/v2\/posts"}],"about":[{"href":"https:\/\/www.europesays.com\/es\/wp-json\/wp\/v2\/types\/post"}],"author":[{"embeddable":true,"href":"https:\/\/www.europesays.com\/es\/wp-json\/wp\/v2\/users\/2"}],"replies":[{"embeddable":true,"href":"https:\/\/www.europesays.com\/es\/wp-json\/wp\/v2\/comments?post=265537"}],"version-history":[{"count":0,"href":"https:\/\/www.europesays.com\/es\/wp-json\/wp\/v2\/posts\/265537\/revisions"}],"wp:featuredmedia":[{"embeddable":true,"href":"https:\/\/www.europesays.com\/es\/wp-json\/wp\/v2\/media\/265538"}],"wp:attachment":[{"href":"https:\/\/www.europesays.com\/es\/wp-json\/wp\/v2\/media?parent=265537"}],"wp:term":[{"taxonomy":"category","embeddable":true,"href":"https:\/\/www.europesays.com\/es\/wp-json\/wp\/v2\/categories?post=265537"},{"taxonomy":"post_tag","embeddable":true,"href":"https:\/\/www.europesays.com\/es\/wp-json\/wp\/v2\/tags?post=265537"}],"curies":[{"name":"wp","href":"https:\/\/api.w.org\/{rel}","templated":true}]}}