{"id":265539,"date":"2025-12-01T14:20:11","date_gmt":"2025-12-01T14:20:11","guid":{"rendered":"https:\/\/www.europesays.com\/es\/265539\/"},"modified":"2025-12-01T14:20:11","modified_gmt":"2025-12-01T14:20:11","slug":"la-pesadilla-de-cayetano-martinez-de-irujo-que-le-ha-obligado-a-cancelar-su-luna-de-miel","status":"publish","type":"post","link":"https:\/\/www.europesays.com\/es\/265539\/","title":{"rendered":"La pesadilla de Cayetano Mart\u00ednez de Irujo que le ha obligado a cancelar su luna de miel"},"content":{"rendered":"<p class=\"paragraph\">Lo que deb\u00eda ser un oto\u00f1o tranquilo para<b> Cayetano Mart\u00ednez <\/b>de Irujo, de 62 a\u00f1os, reci\u00e9n casado con <b>B\u00e1rbara Mirjan<\/b>, de 29, se ha convertido finalmente en un nuevo episodio de complicaciones m\u00e9dicas. Su boda del 4 de octubre en Sevilla lleg\u00f3 solo dos semanas despu\u00e9s de una operaci\u00f3n de espalda que, en principio, hab\u00eda evolucionado de forma satisfactoria. Sin embargo, la estabilidad se quebr\u00f3 de golpe tras <b>una infecci\u00f3n posquir\u00fargica<\/b> que lo ha devuelto a una convalecencia.<\/p>\n<p class=\"paragraph\">El arist\u00f3crata hab\u00eda sido intervenido para resolver<b> una hernia discal <\/b>que llevaba tiempo caus\u00e1ndole molestias. Este tipo de lesi\u00f3n aparece cuando uno de los discos que separan las v\u00e9rtebras se desplaza o se rompe, comprimiendo ra\u00edces nerviosas y provocando dolor, p\u00e9rdida de movilidad y, en ocasiones, episodios de incapacidad funcional. La cirug\u00eda busca liberar esa presi\u00f3n y estabilizar la zona afectada, un procedimiento que requiere reposo y un seguimiento m\u00e9dico estricto. A pesar de ello, y pese a la proximidad de la fecha, la recuperaci\u00f3n inicial fue positiva y le permiti\u00f3 celebrar su enlace con absoluta normalidad.<\/p>\n<p class=\"c-detail__media__subtitle composite_image\">\n<p>        Cayetano Mart\u00ednez de Irujo y B\u00e1rbara MirjanGJN<\/p>\n<p class=\"paragraph\">No obstante, todo cambi\u00f3 pocos d\u00edas despu\u00e9s. En declaraciones a \u00a1Hola!, el jinete explica c\u00f3mo su recuperaci\u00f3n se torci\u00f3 en apenas unas jornadas. \u00abMe operaron antes de la boda y todo fue fenomenal. Pero, a los pocos d\u00edas<b>, volv\u00ed a tener unos dolores inhumanos en la espalda por una infecci\u00f3n<\/b>\u2026 He pasado unos d\u00edas terribles\u00bb, detall\u00f3. El deterioro no se limit\u00f3 al plano f\u00edsico. \u00abPsicol\u00f3gicamente, todo esto me ha afectado bastante\u2026 Llevo catorce operaciones en los \u00faltimos ocho a\u00f1os y ha sido muy duro\u00bb, a\u00f1adi\u00f3, dejando entrever el desgaste acumulado tras una larga trayectoria quir\u00fargica.<\/p>\n<p class=\"paragraph\">Como consecuencia, la reca\u00edda oblig\u00f3 a posponer la misa anual en memoria de su madre, la duquesa de Alba, que cada 20 de noviembre re\u00fane a la familia en Sevilla. El conde de Salvatierra neg\u00f3 que se trate de una cancelaci\u00f3n definitiva y lo atribuy\u00f3 \u00fanicamente a su situaci\u00f3n m\u00e9dica. Su intenci\u00f3n, asegura, es celebrarla \u00abcuando est\u00e9 bien\u00bb.<\/p>\n<p class=\"c-detail__media__subtitle composite_image\">\n<p>        Cayetano Mart\u00ednez de Irujo y  B\u00e1rbara Mirjan  en su bodaGTRES<\/p>\n<p>Delicada salud<\/p>\n<p class=\"paragraph\">Los planes personales tampoco han escapado a este contratiempo. La luna de miel, prevista inicialmente para antes de Navidad, ha quedado aplazada. Entre los destinos que barajaban figuraban el sudeste asi\u00e1tico, <b>Australia<\/b> o <b>Nueva Zelanda<\/b>. Sin embargo, el viaje tendr\u00e1 que esperar. \u00abHa sido bastante grave y todav\u00eda sigo recuper\u00e1ndome\u00bb, declar\u00f3. Por ahora, el matrimonio permanece en Las Arroyuelas, la finca sevillana donde residen, a la espera de que su estado permita retomar los compromisos aplazados.<\/p>\n<p class=\"paragraph\">Esta nueva complicaci\u00f3n se suma a un historial m\u00e9dico especialmente severo. Desde 2014, cuando sufri\u00f3 una obstrucci\u00f3n intestinal que requiri\u00f3 una intervenci\u00f3n de urgencia, el hijo menor de la duquesa de Alba ha atravesado m\u00faltiples operaciones. En 2015 afront\u00f3 una peritonitis grave y varias cirug\u00edas en un corto espacio de tiempo. En 2016 pas\u00f3 por quir\u00f3fano en tres ocasiones en menos de dos meses para corregir una ileostom\u00eda. Y en 2021 volvi\u00f3 a ingresar por otra obstrucci\u00f3n intestinal que lo mantuvo hospitalizado durante once d\u00edas.<\/p>\n<p class=\"paragraph\">Aunque el problema actual tenga un origen distinto, vuelve a poner de relieve la fragilidad sanitaria que arrastra desde hace casi una d\u00e9cada. Las infecciones posquir\u00fargicas en la zona lumbar suelen provocar una sintomatolog\u00eda intensa y limitante, lo que explica la necesidad de reposo absoluto. El propio duque reconoce que, por ahora, solo necesita \u00abunos d\u00edas m\u00e1s\u00bb y \u00abmucha tranquilidad\u00bb para recuperar la normalidad. Cuando alcance esa mejor\u00eda, asegura que retomar\u00e1 tanto la misa en homenaje a su madre como los planes pospuestos tras el enlace.<\/p>\n","protected":false},"excerpt":{"rendered":"Lo que deb\u00eda ser un oto\u00f1o tranquilo para Cayetano Mart\u00ednez de Irujo, de 62 a\u00f1os, reci\u00e9n casado con&hellip;\n","protected":false},"author":2,"featured_media":265540,"comment_status":"","ping_status":"","sticky":false,"template":"","format":"standard","meta":{"footnotes":""},"categories":[174],"tags":[255,146,147,25,24,256,23],"class_list":{"0":"post-265539","1":"post","2":"type-post","3":"status-publish","4":"format-standard","5":"has-post-thumbnail","7":"category-famosos","8":"tag-celebrities","9":"tag-entertainment","10":"tag-entretenimiento","11":"tag-es","12":"tag-espana","13":"tag-famosos","14":"tag-spain"},"share_on_mastodon":{"url":"https:\/\/pubeurope.com\/@es\/115644755243790383","error":""},"_links":{"self":[{"href":"https:\/\/www.europesays.com\/es\/wp-json\/wp\/v2\/posts\/265539","targetHints":{"allow":["GET"]}}],"collection":[{"href":"https:\/\/www.europesays.com\/es\/wp-json\/wp\/v2\/posts"}],"about":[{"href":"https:\/\/www.europesays.com\/es\/wp-json\/wp\/v2\/types\/post"}],"author":[{"embeddable":true,"href":"https:\/\/www.europesays.com\/es\/wp-json\/wp\/v2\/users\/2"}],"replies":[{"embeddable":true,"href":"https:\/\/www.europesays.com\/es\/wp-json\/wp\/v2\/comments?post=265539"}],"version-history":[{"count":0,"href":"https:\/\/www.europesays.com\/es\/wp-json\/wp\/v2\/posts\/265539\/revisions"}],"wp:featuredmedia":[{"embeddable":true,"href":"https:\/\/www.europesays.com\/es\/wp-json\/wp\/v2\/media\/265540"}],"wp:attachment":[{"href":"https:\/\/www.europesays.com\/es\/wp-json\/wp\/v2\/media?parent=265539"}],"wp:term":[{"taxonomy":"category","embeddable":true,"href":"https:\/\/www.europesays.com\/es\/wp-json\/wp\/v2\/categories?post=265539"},{"taxonomy":"post_tag","embeddable":true,"href":"https:\/\/www.europesays.com\/es\/wp-json\/wp\/v2\/tags?post=265539"}],"curies":[{"name":"wp","href":"https:\/\/api.w.org\/{rel}","templated":true}]}}