{"id":265541,"date":"2025-12-01T14:21:37","date_gmt":"2025-12-01T14:21:37","guid":{"rendered":"https:\/\/www.europesays.com\/es\/265541\/"},"modified":"2025-12-01T14:21:37","modified_gmt":"2025-12-01T14:21:37","slug":"jose-maria-sanchez-gana-el-xxi-premio-de-pintura-fermin-santos-con-greenhouse-nuevaalcarria","status":"publish","type":"post","link":"https:\/\/www.europesays.com\/es\/265541\/","title":{"rendered":"Jos\u00e9 Mar\u00eda S\u00e1nchez gana el XXI Premio de Pintura Ferm\u00edn Santos con Greenhouse | NuevaAlcarria"},"content":{"rendered":"<p>La ciudad de Sig\u00fcenza celebr\u00f3 ayer la entrega de los galardones del XXI Premio de Pintura Ferm\u00edn Santos, un certamen que se consolida como una de las grandes citas culturales del municipio y que reconoce la labor de los artistas que mantienen viva la tradici\u00f3n pict\u00f3rica en honor al pintor y cronista gr\u00e1fico de la ciudad. El acto, dirigido por la concejala de Cultura, Ana Blasco, acompa\u00f1ada por miembros de la corporaci\u00f3n, reuni\u00f3 a premiados, miembros del jurado y amantes del arte en una jornada que volvi\u00f3 a situar a Sig\u00fcenza en el mapa cultural nacional.<\/p>\n<p>\u00a0<\/p>\n<p>La ceremonia comenz\u00f3 con un recordatorio especial para Emilio Fern\u00e1ndez-Galiano, figura clave en el impulso cultural seguntino, cuya primera ausencia tras su fallecimiento en marzo de este a\u00f1o, marc\u00f3 la emoci\u00f3n del acto. Blasco subray\u00f3 la importancia del concurso en la vida cultural de Sig\u00fcenza y destac\u00f3 el trabajo del Ayuntamiento para crear un tejido art\u00edstico s\u00f3lido. Se\u00f1al\u00f3 adem\u00e1s el papel de la Travesa\u00f1a Alta como eje cultural de la ciudad, donde se concentran la Casa del Doncel, el Centro de Arte La Plazauela y la Escuela Municipal de Arte. Esta \u00faltima re\u00fane cada semana a m\u00e1s de 150 personas en cursos y talleres que refuerzan la actividad art\u00edstica local.<\/p>\n<p><a href=\"https:\/\/ad.doubleclick.net\/ddm\/trackclk\/N5132.645338NUEVAALCARRIA.COM2\/B34766562.435248388;dc_trk_aid=628185853;dc_trk_cid=231013270;dc_lat=;dc_rdid=;tag_for_child_directed_treatment=;tfua=;gdpr=${GDPR};gdpr_consent=${GDPR_CONSENT_755};ltd=;dc_tdv=1\" rel=\"nofollow noopener\" target=\"_blank\">&#13;<br \/>\n&#13;<br \/>\n<img decoding=\"async\" src=\"https:\/\/www.europesays.com\/es\/wp-content\/uploads\/2025\/12\/JCCM ACCESO VIVIENDA ROBA del 1 al 14dic 2025.gif\"\/>&#13;<br \/>\n<\/a>&#13;<br \/>\n&#13;<br \/>\n<img loading=\"lazy\" decoding=\"async\" src=\"https:\/\/www.europesays.com\/es\/wp-content\/uploads\/2025\/12\/B34766562.435248388;dc_trk_aid=628185853;dc_trk_cid=231013270;ord=[timestamp];dc_lat=;dc_rdid=;tag_f.gif\" attributionsrc=\"\" border=\"0\" height=\"1\" width=\"1\" alt=\"Advertisement\"\/><\/p>\n<p>\u00a0<\/p>\n<p>Tras la lectura del acta del jurado, compuesto por representantes municipales, profesionales de las artes pl\u00e1sticas y expertos vinculados a la ciudad, se anunciaron los galardonados de esta edici\u00f3n. El primer premio, dotado con 2.500 euros, recay\u00f3 en Jos\u00e9 Mar\u00eda S\u00e1nchez Guti\u00e9rrez por la obra Greenhouse, un cuadro en gran formato trabajado en acuarela y acr\u00edlico que el propio pintor define como un proceso emocional prolongado en el tiempo. Explic\u00f3 que la pieza \u201ces un cuadro vivo, con diferentes fases, igual que las fases emocionales de uno mismo\u201d. Cont\u00f3 que la obra naci\u00f3 hace ocho a\u00f1os como una acuarela en tonos fr\u00edos y que, con el paso del tiempo, fue transform\u00e1ndose. \u201cEl cuadro me iba hablando. Me ped\u00eda cambios, me ped\u00eda verde, me ped\u00eda movimiento. Y al final ha llegado a ser lo que ten\u00eda que ser\u201d, afirm\u00f3. A\u00f1adi\u00f3 que la inspiraci\u00f3n procede de su imaginaci\u00f3n, aunque s\u00ed incorpora un peque\u00f1o pueblo reconocible en cualquier rinc\u00f3n de la geograf\u00eda espa\u00f1ola. S\u00e1nchez, que ya fue premiado en Sig\u00fcenza en 2017, elogi\u00f3 \u201cel esfuerzo que hace una ciudad como Sig\u00fcenza para mantener vivo el arte\u201d, destacando que la localidad \u201cest\u00e1 muy concentrada en cultura, en ubicaci\u00f3n y en gente, lo que la convierte en un referente\u201d.<\/p>\n<p>\u00a0<\/p>\n<p>El segundo premio, dotado con 2.000 euros, fue para la pintora Miao Du por Patio viejo, una obra al \u00f3leo cargada de matices lum\u00ednicos y ambientada en un pueblo de Guadalajara. La artista explic\u00f3 que el cuadro naci\u00f3 de una fotograf\u00eda tomada durante un viaje y que lo que m\u00e1s le atrajo fue \u201cel sabor\u201d que desprend\u00eda la escena. \u201cAunque la casa estaba desvencijada y el sof\u00e1 abandonado, ten\u00eda una belleza especial. La luz y el color me llamaron much\u00edsimo la atenci\u00f3n\u201d, expres\u00f3 ayer. La pintora, residente en Madrid y con una amplia trayectoria ya de premios nacionales, se mostr\u00f3 especialmente agradecida por el reconocimiento en Sig\u00fcenza. Record\u00f3 que lleva m\u00e1s de diez a\u00f1os participando en concursos de la ciudad y valor\u00f3 \u201cla hermosura y la energ\u00eda cultural\u201d del municipio. \u201cEste lugar me encanta, siempre quiero volver\u201d, dijo, orgullosa de sumar un nuevo galard\u00f3n a su carrera.<\/p>\n<p>\u00a0<\/p>\n<p>El tercer premio, con una dotaci\u00f3n de 1.500 euros, fue otorgado a Jos\u00e9 Luis Condado por Tras la batalla, una acuarela que representa a un soldado de los tercios espa\u00f1oles en un momento de recogimiento tras el combate. Condado explic\u00f3 que la inspiraci\u00f3n surgi\u00f3 de una imagen encontrada en Internet que le impact\u00f3 profundamente. \u201cNo quise titularlo Alatriste, sino Tras la batalla, porque lo que me conmovi\u00f3 fue esa actitud humilde, cansada y a la vez digna del soldado al volver del combate\u201d, relat\u00f3. El pintor, que trabaja con una t\u00e9cnica de acuarela en seco basada en veladuras sucesivas, confes\u00f3 que una de sus claves es la observaci\u00f3n detallada del rostro y la b\u00fasqueda de una entonaci\u00f3n global que recuerde a la paleta de Vel\u00e1zquez. Conocedor de Sig\u00fcenza desde hace d\u00e9cadas por su trabajo como arquitecto, Condado mostr\u00f3 su satisfacci\u00f3n por volver a ser premiado en una ciudad que \u201csiempre ha valorado el arte\u201d.<\/p>\n<p>\u00a0<\/p>\n<p>El cuarto premio, consistente en un diploma y la Medalla de la Asociaci\u00f3n Espa\u00f1ola de Pintores y Escultores, fue para la obra Manzanares de Pablo Rub\u00e9n L\u00f3pez Sanz, una acuarela de perspectiva cercana que sumerge al espectador casi dentro del cauce del r\u00edo. El artista, habitual de cert\u00e1menes nacionales y conocido por su participaci\u00f3n constante en concursos de pintura r\u00e1pida y exposiciones colectivas, suma as\u00ed un nuevo reconocimiento.<\/p>\n<p>\u00a0<\/p>\n<p><strong>La exposici\u00f3n y un concurso con historia<\/strong><br \/>&#13;<br \/>\nTras la ceremonia, los asistentes se desplazaron al Centro de Arte La Plazauela, donde qued\u00f3 inaugurada la exposici\u00f3n con las 23 obras presentadas al certamen. All\u00ed, los premiados compartieron con el p\u00fablico las historias detr\u00e1s de sus trabajos en un ambiente cercano que volvi\u00f3 a demostrar la vitalidad art\u00edstica de la ciudad.<\/p>\n<p>\u00a0<\/p>\n<p>El Premio de Pintura Ferm\u00edn Santos, convocado por el Ayuntamiento de Sig\u00fcenza, reparte un total de 6.000 euros en galardones y rinde homenaje al pintor, hijo adoptivo de la ciudad, figura esencial en la memoria visual de Sig\u00fcenza. Santos recorri\u00f3 durante d\u00e9cadas sus calles con su carpeta de dibujo, convirti\u00e9ndose en el cronista gr\u00e1fico de la vida seguntina. En l\u00ednea con ese esp\u00edritu, el certamen busca estimular la creaci\u00f3n art\u00edstica y enriquecer el patrimonio municipal, un objetivo que la concejal\u00eda de Cultura ha reforzado con proyectos continuos y con la colaboraci\u00f3n de asociaciones locales, colectivos art\u00edsticos y centros de formaci\u00f3n.<\/p>\n<p><a href=\"https:\/\/ad.doubleclick.net\/ddm\/trackclk\/N5132.645338NUEVAALCARRIA.COM2\/B34733862.434356381;dc_trk_aid=627588672;dc_trk_cid=231013270;dc_lat=;dc_rdid=;tag_for_child_directed_treatment=;tfua=;gdpr=${GDPR};gdpr_consent=${GDPR_CONSENT_755};ltd=;dc_tdv=1\" rel=\"nofollow noopener\" target=\"_blank\">&#13;<br \/>\n&#13;<br \/>\n<img decoding=\"async\" src=\"https:\/\/www.europesays.com\/es\/wp-content\/uploads\/2025\/12\/JCCM SESCAM DIGITAL ROBA Del 26nov al 14dic2025.gif\"\/>&#13;<br \/>\n<\/a>&#13;<br \/>\n&#13;<br \/>\n<img loading=\"lazy\" decoding=\"async\" src=\"https:\/\/www.europesays.com\/es\/wp-content\/uploads\/2025\/11\/B34733862.434356381;dc_trk_aid=627588672;dc_trk_cid=231013270;ord=[timestamp];dc_lat=;dc_rdid=;tag_f.gif\" attributionsrc=\"\" border=\"0\" height=\"1\" width=\"1\" alt=\"Advertisement\"\/><\/p>\n<p>\u00a0<\/p>\n<p>Esta XXI edici\u00f3n confirma la continuidad del alto nivel profesional observado en los \u00faltimos a\u00f1os y evidencia el compromiso del Ayuntamiento de Sig\u00fcenza con el impulso cultural de la ciudad y de sus pedan\u00edas. Un compromiso que, como se\u00f1al\u00f3 Ana Blasco, \u201cpretende mantener vivo ese germen art\u00edstico que siempre ha caracterizado a Sig\u00fcenza\u201d.<\/p>\n<p>\u00a0<\/p>\n<p>La exposici\u00f3n permanecer\u00e1 abierta al p\u00fablico en el Centro de Arte La Plazauela hasta el pr\u00f3ximo d\u00eda 14 de diciembre.<\/p>\n","protected":false},"excerpt":{"rendered":"La ciudad de Sig\u00fcenza celebr\u00f3 ayer la entrega de los galardones del XXI Premio de Pintura Ferm\u00edn Santos,&hellip;\n","protected":false},"author":2,"featured_media":265542,"comment_status":"","ping_status":"","sticky":false,"template":"","format":"standard","meta":{"footnotes":""},"categories":[173],"tags":[442,229,233,231,230,232,234,146,147,25,24,439,441,443,440,503,23431,23],"class_list":{"0":"post-265541","1":"post","2":"type-post","3":"status-publish","4":"format-standard","5":"has-post-thumbnail","7":"category-arte-y-diseno","8":"tag-actualidad-guadalajara","9":"tag-arte","10":"tag-arte-y-diseno","11":"tag-arts","12":"tag-arts-and-design","13":"tag-design","14":"tag-diseno","15":"tag-entertainment","16":"tag-entretenimiento","17":"tag-es","18":"tag-espana","19":"tag-guadalajara","20":"tag-informacion-guadalajara","21":"tag-noticias-guadalajara","22":"tag-nueva-alcarria","23":"tag-pintura","24":"tag-siguenza","25":"tag-spain"},"share_on_mastodon":{"url":"https:\/\/pubeurope.com\/@es\/115644759506551261","error":""},"_links":{"self":[{"href":"https:\/\/www.europesays.com\/es\/wp-json\/wp\/v2\/posts\/265541","targetHints":{"allow":["GET"]}}],"collection":[{"href":"https:\/\/www.europesays.com\/es\/wp-json\/wp\/v2\/posts"}],"about":[{"href":"https:\/\/www.europesays.com\/es\/wp-json\/wp\/v2\/types\/post"}],"author":[{"embeddable":true,"href":"https:\/\/www.europesays.com\/es\/wp-json\/wp\/v2\/users\/2"}],"replies":[{"embeddable":true,"href":"https:\/\/www.europesays.com\/es\/wp-json\/wp\/v2\/comments?post=265541"}],"version-history":[{"count":0,"href":"https:\/\/www.europesays.com\/es\/wp-json\/wp\/v2\/posts\/265541\/revisions"}],"wp:featuredmedia":[{"embeddable":true,"href":"https:\/\/www.europesays.com\/es\/wp-json\/wp\/v2\/media\/265542"}],"wp:attachment":[{"href":"https:\/\/www.europesays.com\/es\/wp-json\/wp\/v2\/media?parent=265541"}],"wp:term":[{"taxonomy":"category","embeddable":true,"href":"https:\/\/www.europesays.com\/es\/wp-json\/wp\/v2\/categories?post=265541"},{"taxonomy":"post_tag","embeddable":true,"href":"https:\/\/www.europesays.com\/es\/wp-json\/wp\/v2\/tags?post=265541"}],"curies":[{"name":"wp","href":"https:\/\/api.w.org\/{rel}","templated":true}]}}