{"id":265548,"date":"2025-12-01T14:28:10","date_gmt":"2025-12-01T14:28:10","guid":{"rendered":"https:\/\/www.europesays.com\/es\/265548\/"},"modified":"2025-12-01T14:28:10","modified_gmt":"2025-12-01T14:28:10","slug":"la-quiebra-del-sistema-de-prevencion-del-vih-puede-provocar-unas-3-3-millones-de-nuevas-infecciones-en-los-proximos-cinco-anos-segun-onusida","status":"publish","type":"post","link":"https:\/\/www.europesays.com\/es\/265548\/","title":{"rendered":"La quiebra del sistema de prevenci\u00f3n del VIH puede provocar unas 3 3 millones de nuevas infecciones en los pr\u00f3ximos cinco a\u00f1os seg\u00fan ONUSIDA"},"content":{"rendered":"<p>Con motivo del D\u00eda Mundial del Sida, que se celebra este 1 de diciembre, bajo el lema, \u00abSuperar las disrupciones, transformar la respuesta al sida\u00bb, ONUSIDA (Programa Conjunto de las Naciones Unidas sobre el VIH\/Sida) ha alzado, de nuevo la voz, para advertir del riesgo que corren, actualmente, los servicios &#8230;            &#13;\n        <\/p>\n<p> &#13;<br \/>\n&#13;<br \/>\n&#13;<\/p>\n<p>Con motivo del <strong>D\u00eda Mundial del Sida, que se celebra este 1 de diciembre<\/strong>, bajo el lema, <strong>\u00abSuperar las disrupciones, transformar la respuesta al sida\u00bb,<\/strong> ONUSIDA (Programa Conjunto de las Naciones Unidas sobre el VIH\/Sida) ha alzado, de nuevo la voz, para <strong>advertir del riesgo que corren, actualmente, los servicios de prevenci\u00f3n del VIH<\/strong> y destacar el impacto que los recortes de financiaci\u00f3n de los donantes internacionales han tenido en la respuesta al sida. Todo ello puede traducirse<strong> en 3,3 millones de nuevas infecciones por VIH adicionales entre 2025 y 2030.<\/strong><\/p>\n<p><strong>Actualmente, 40,8 millones de personas viven con el VIH en todo el mundo, <\/strong>1,3 millones de nuevas infecciones ocurrieron en 2024, y 9,2 millones de personas a\u00fan no acceden al tratamiento. Sin embargo, <strong>se han detectado importantes reducciones en el acceso a medicamentos para prevenir el VIH <\/strong>(la profilaxis preexposici\u00f3n, conocida como PrEP) y fuertes descensos en la circuncisi\u00f3n m\u00e9dica masculina voluntaria para la prevenci\u00f3n del VIH han dejado una creciente brecha de protecci\u00f3n para millones de personas, seg\u00fan informaci\u00f3n de ONUSIDA.<\/p>\n<p>A ello se suma el<strong> desmantelamiento de los programas de prevenci\u00f3n del VIH dise\u00f1ados con y para mujeres j\u00f3venes<\/strong> ha privado a las adolescentes y mujeres j\u00f3venes de servicios de prevenci\u00f3n del VIH, salud mental y violencia de g\u00e9nero en muchos pa\u00edses. Esto, seg\u00fan dicho organismo, aumenta a\u00fan m\u00e1s su vulnerabilidad: ya en 2024 se registraban a nivel mundial 570 nuevas infecciones por VIH cada d\u00eda entre mujeres j\u00f3venes y ni\u00f1as de 15 a 24 a\u00f1os.<\/p>\n<p>Por todo ello, ONUSIDA <strong>reclama un nuevo enfoque transformador para mitigar los riesgos <\/strong>y buscar nuevas v\u00edas para alcanzar nuevos objetivos que han sido plasmados en una nueva estrategia 2026-2031, cuyo lanzamiento coincide con la celebraci\u00f3n del D\u00eda Mundial, y con la que se pretende\u00a0establecer pasos de acci\u00f3n estrat\u00e9gica para garantizar que el liderazgo comunitario sea reconocido, fomentado y adecuadamente apoyado.<\/p>\n<p> &#13;<br \/>\n&#13;<\/p>\n<p>Adem\u00e1s, desde dicho organismo <strong>se insta a los l\u00edderes mundiales a: reafirmar la solidaridad mundial y el multilateralismo, incluidos los compromisos contra\u00eddos en la Cumbre de L\u00edderes del G20 celebrada en Sud\u00e1frica<\/strong>; mantener y aumentar la financiaci\u00f3n para el VIH, especialmente para los pa\u00edses m\u00e1s dependientes de la ayuda externa;\u00a0defender los derechos humanos y empoderar a las comunidades, que siguen siendo fundamentales para el \u00e9xito de las respuestas al VIH; e invertir en innovaci\u00f3n<\/p>\n<p><strong>Tecnolog\u00eda a favor del VIH<\/strong><\/p>\n<p>Precisamente, se pretende que la innovaci\u00f3n gane impulso, con el convencimiento de que esta tiene el potencial de hacer que los recursos limitados rindan m\u00e1s y maximicen el impacto en salud p\u00fablica de las inversiones en VIH.\u00a0<\/p>\n<p>En los \u00faltimos a\u00f1os, la aparici\u00f3n de reg\u00edmenes de PrEP inyectable de larga duraci\u00f3n como complemento de la PrEP oral diaria ha revitalizado la respuesta al VIH. Proporcionar 2 millones de personas-a\u00f1o de PrEP inyectable bianual a personas de poblaciones que enfrentan la mayor incidencia de VIH podr\u00eda prevenir 50 000 nuevas infecciones por VIH en tres a\u00f1os.<\/p>\n<p>Asimismo, se pone el foco de atenci\u00f3n en las herramientas digitales para la atenci\u00f3n sanitaria, incluyendo historias cl\u00ednicas electr\u00f3nicas; telemedicina, salud m\u00f3vil y otras innovaciones digitales de prestaci\u00f3n de servicios; y visualizaci\u00f3n de datos y otros m\u00e9todos que permiten una toma de decisiones estrat\u00e9gica y oportuna en pol\u00edticas y programas de salud.<\/p>\n<p>Por otra parte, la irrupci\u00f3 de la inteligencia artificial puede ofrecer diversas oportunidades para mejorar los resultados del VIH y optimizar el retorno sanitario de las inversiones en esta afectaci\u00f3n Una revisi\u00f3n sistem\u00e1tica de la evidencia disponible en 2025 encontr\u00f3 que la inteligencia artificial ya est\u00e1 mejorando el alcance y el rendimiento de una amplia gama de programas de tratamiento y atenci\u00f3n del VIH.<\/p>\n<p>En definitiva, ONUSIDA considera que los pa\u00edses deben realizar cambios radicales en la programaci\u00f3n y financiaci\u00f3n del VIH. La respuesta mundial al VIH no puede depender \u00fanicamente de los recursos nacionales.\u00bb El sida no ha terminado y, dado el entorno actual, se necesita un nuevo enfoque transformador para mitigar los riesgos y ayudarnos a alcanzar nuestros objetivos\u00bb, se concluye desde Naciones Unidas.<\/p>\n","protected":false},"excerpt":{"rendered":"Con motivo del D\u00eda Mundial del Sida, que se celebra este 1 de diciembre, bajo el lema, \u00abSuperar&hellip;\n","protected":false},"author":2,"featured_media":265549,"comment_status":"","ping_status":"","sticky":false,"template":"","format":"standard","meta":{"footnotes":""},"categories":[92],"tags":[8785,10854,988,1348,13326,5810,10007,978,25,24,1090,6207,165,2218,65778,4724,5135,1070,3013,2860,45246,3477,29542,597,18313,26719,789,17047,9814,56253,166,34423,30402,7019,23,16377,62080,11535,8762,6877,8037],"class_list":{"0":"post-265548","1":"post","2":"type-post","3":"status-publish","4":"format-standard","5":"has-post-thumbnail","7":"category-salud","8":"tag-actualmente","9":"tag-advierte","10":"tag-anos","11":"tag-atencion","12":"tag-buscan","13":"tag-cinco","14":"tag-cuya","15":"tag-dia","16":"tag-es","17":"tag-espana","18":"tag-estrategia","19":"tag-evitarlo","20":"tag-health","21":"tag-infecciones","22":"tag-mermada","23":"tag-millones","24":"tag-motivo","25":"tag-mundial","26":"tag-mundo","27":"tag-nuevas","28":"tag-onusida","29":"tag-personas","30":"tag-presentada","31":"tag-prevencion","32":"tag-provocar","33":"tag-proximos","34":"tag-puede","35":"tag-quiebra","36":"tag-recien","37":"tag-recogidas","38":"tag-salud","39":"tag-sanitaria","40":"tag-sida","41":"tag-sistema","42":"tag-spain","43":"tag-todo","44":"tag-unas","45":"tag-verse","46":"tag-vias","47":"tag-vih","48":"tag-viven"},"share_on_mastodon":{"url":"","error":"Validation failed: Text character limit of 500 exceeded"},"_links":{"self":[{"href":"https:\/\/www.europesays.com\/es\/wp-json\/wp\/v2\/posts\/265548","targetHints":{"allow":["GET"]}}],"collection":[{"href":"https:\/\/www.europesays.com\/es\/wp-json\/wp\/v2\/posts"}],"about":[{"href":"https:\/\/www.europesays.com\/es\/wp-json\/wp\/v2\/types\/post"}],"author":[{"embeddable":true,"href":"https:\/\/www.europesays.com\/es\/wp-json\/wp\/v2\/users\/2"}],"replies":[{"embeddable":true,"href":"https:\/\/www.europesays.com\/es\/wp-json\/wp\/v2\/comments?post=265548"}],"version-history":[{"count":0,"href":"https:\/\/www.europesays.com\/es\/wp-json\/wp\/v2\/posts\/265548\/revisions"}],"wp:featuredmedia":[{"embeddable":true,"href":"https:\/\/www.europesays.com\/es\/wp-json\/wp\/v2\/media\/265549"}],"wp:attachment":[{"href":"https:\/\/www.europesays.com\/es\/wp-json\/wp\/v2\/media?parent=265548"}],"wp:term":[{"taxonomy":"category","embeddable":true,"href":"https:\/\/www.europesays.com\/es\/wp-json\/wp\/v2\/categories?post=265548"},{"taxonomy":"post_tag","embeddable":true,"href":"https:\/\/www.europesays.com\/es\/wp-json\/wp\/v2\/tags?post=265548"}],"curies":[{"name":"wp","href":"https:\/\/api.w.org\/{rel}","templated":true}]}}